{"id":100,"date":"2016-02-14T12:57:36","date_gmt":"2016-02-14T11:57:36","guid":{"rendered":"http:\/\/notstand-der-republik.de\/wordpress\/?p=100"},"modified":"2016-02-14T13:23:46","modified_gmt":"2016-02-14T12:23:46","slug":"der-aktionszug-klassenkampf-statt-weltkrieg-faehrt-nach-prag-und-wir-fahren-mit","status":"publish","type":"post","link":"https:\/\/www.revolutionaere-front.de\/wordpress\/?p=100","title":{"rendered":"Der Aktionszug &#8222;Klassenkampf statt Weltkrieg&#8220; f\u00e4hrt nach Prag und wir fahren mit."},"content":{"rendered":"<p class=\"normal\">Wie schon 2011 von Berlin \u00fcber Prag nach Gdansk fahren wir, Arbeiter und Gewerkschafter aus verschiedenen Betrieben und St\u00e4dten, mit beim Aktionszug, um dar\u00fcber aufzukl\u00e4ren, was in unserem Land und unseren Gewerkschaften geschieht.<\/p>\n<p>Vom 29. September 2013 an, zum 75. Jahrestag des sch\u00e4ndlichen M\u00fcnchner Diktats, fahren wir auf sechs historischen LKWs von M\u00fcnchen bis nach Prag unter der Losung \u201eKlassenkampf statt Weltkrieg.\n<\/p>\n<p class=\"bold\">Das <a href=\"http:\/\/212.89.108.72\/wordpress\/?page_id=545\" target=\"_blank\">Aktionstagebuch<\/a> gibt tagesaktuell Auskunft \u00fcber die Geschehnisse w\u00e4hrend des Aktionszugs.<\/p>\n","protected":false},"excerpt":{"rendered":"<p>Wie schon 2011 von Berlin \u00fcber Prag nach Gdansk fahren wir, Arbeiter und Gewerkschafter aus verschiedenen Betrieben und St\u00e4dten, mit beim Aktionszug, um dar\u00fcber aufzukl\u00e4ren, was in unserem Land und unseren Gewerkschaften geschieht. Vom 29. September 2013 an, zum 75. Jahrestag des sch\u00e4ndlichen M\u00fcnchner Diktats, fahren wir auf sechs historischen LKWs von M\u00fcnchen bis nach [&hellip;]<\/p>\n","protected":false},"author":2,"featured_media":101,"comment_status":"closed","ping_status":"closed","sticky":false,"template":"","format":"standard","meta":{"footnotes":""},"categories":[14],"tags":[],"class_list":["post-100","post","type-post","status-publish","format-standard","has-post-thumbnail","hentry","category-klassenkampf-statt-weltkrieg"],"_links":{"self":[{"href":"https:\/\/www.revolutionaere-front.de\/wordpress\/index.php?rest_route=\/wp\/v2\/posts\/100","targetHints":{"allow":["GET"]}}],"collection":[{"href":"https:\/\/www.revolutionaere-front.de\/wordpress\/index.php?rest_route=\/wp\/v2\/posts"}],"about":[{"href":"https:\/\/www.revolutionaere-front.de\/wordpress\/index.php?rest_route=\/wp\/v2\/types\/post"}],"author":[{"embeddable":true,"href":"https:\/\/www.revolutionaere-front.de\/wordpress\/index.php?rest_route=\/wp\/v2\/users\/2"}],"replies":[{"embeddable":true,"href":"https:\/\/www.revolutionaere-front.de\/wordpress\/index.php?rest_route=%2Fwp%2Fv2%2Fcomments&post=100"}],"version-history":[{"count":1,"href":"https:\/\/www.revolutionaere-front.de\/wordpress\/index.php?rest_route=\/wp\/v2\/posts\/100\/revisions"}],"predecessor-version":[{"id":102,"href":"https:\/\/www.revolutionaere-front.de\/wordpress\/index.php?rest_route=\/wp\/v2\/posts\/100\/revisions\/102"}],"wp:featuredmedia":[{"embeddable":true,"href":"https:\/\/www.revolutionaere-front.de\/wordpress\/index.php?rest_route=\/wp\/v2\/media\/101"}],"wp:attachment":[{"href":"https:\/\/www.revolutionaere-front.de\/wordpress\/index.php?rest_route=%2Fwp%2Fv2%2Fmedia&parent=100"}],"wp:term":[{"taxonomy":"category","embeddable":true,"href":"https:\/\/www.revolutionaere-front.de\/wordpress\/index.php?rest_route=%2Fwp%2Fv2%2Fcategories&post=100"},{"taxonomy":"post_tag","embeddable":true,"href":"https:\/\/www.revolutionaere-front.de\/wordpress\/index.php?rest_route=%2Fwp%2Fv2%2Ftags&post=100"}],"curies":[{"name":"wp","href":"https:\/\/api.w.org\/{rel}","templated":true}]}}