{"id":1001,"date":"2018-04-15T17:25:39","date_gmt":"2018-04-15T15:25:39","guid":{"rendered":"http:\/\/notstand-der-republik.de\/?p=1001"},"modified":"2018-09-06T18:12:35","modified_gmt":"2018-09-06T16:12:35","slug":"keine-polizei-auf-der-dgb-kundgebung-der-1-mai-ist-unser-tag","status":"publish","type":"post","link":"https:\/\/www.revolutionaere-front.de\/wordpress\/?p=1001","title":{"rendered":"Keine Polizei auf der DGB-Kundgebung!  Der 1. Mai ist unser Tag"},"content":{"rendered":"<p>Gewerkschafter in Bremen f\u00fchren den Kampf gegen einen Hauptredner der sogenannten Gewerkschaft der Polizei (GdP) am 1. Mai in Bremen.\u00a0 Dazu haben sie eine Erkl\u00e4rung verfasst die mit der Unterzeichnung und Weiterverbreitung unterst\u00fctzt werden kann. Am 12.4. wurde die Erkl\u00e4rung &#8211; mit bis dahin etwa 200 Unterzeichnern &#8211; der DGB-Vorsitzenden in Bremen mit der Aufforderung, diesen Redner zur\u00fcck zu ziehen, \u00fcberreicht.<\/p>\n<p>In der Pressemitteilung schreiben die Kolleginnen und Kollegen:<\/p>\n<p><em>Rund 200 Unterzeichner (Stand 11.04.2018), die ein breites Spektrum an Gewerkschaftern, Antifaschisten und politisch engagierten Menschen in Bremen darstellen, fand die Erkl\u00e4rung<\/em><\/p>\n<p><em><strong>\u00a0\u201eKeine Polizei auf der DGB-Kundgebung! Der 1. Mai ist <u>unser<\/u> Tag!\u201c<\/strong>.<\/em><\/p>\n<p><em>Die Erkl\u00e4rung wendet sich gegen den 2. Bundesvorsitzenden der Gewerkschaft der Polizei (GdP), Dietmar Schilff, als Redner f\u00fcr den DGB.<\/em><\/p>\n<p><em>Nach Meinung der Unterzeichner verteidigt die GdP nicht nur die neuen Polizeiaufgabengesetze, die massiv b\u00fcrgerliche Grundrechte aufheben sollen, sondern auch gewaltsame \u00dcbergriffe z.B. gegen streikende und demonstrierende Gewerkschafter und Jugendliche.<\/em><br \/>\n<em> Bislang gibt es keinerlei Form von Distanzierung von Seiten der GdP, schon gar nicht von Seiten ihres 2. Bundesvorsitzenden, Hauptkommissar Dietmar Schilff, von diesen Rechtsbr\u00fcchen.<\/em><br \/>\n<em> Die Protestunterschriften werden <strong>am morgigen Donnerstag, um 16.00 Uhr<\/strong>, durch eine kleine Delegation aus verschiedenen Betrieben im Gewerkschaftshaus (Bahnhofsplatz) der DGB-Vorsitzenden Annette D\u00fcring \u00fcbergeben, mit der Aufforderung, diesen Redner zur\u00fcck zu ziehen und diesen z.B. durch einen Gewerkschafter aus dem Betrieb zu ersetzen.<\/em><\/p>\n<p>Dar\u00fcberhinaus stellen die Unterzeichner die Forderung die GdP, die 5te Kolonne in den Gewerkschaften, aus unseren Reihen auszuschlie\u00dfen.<\/p>\n<p>In der Erkl\u00e4rung hei\u00dft es dazu:<\/p>\n<p><em><strong>Polizeihauptkommisar Dietmar Schilff (GdP) soll in Bremen am 1. Mai, dem internationalen Kampftag der Arbeiterklasse, f\u00fcr den DGB, also in unserem Namen sprechen! Das k\u00f6nnen wir nicht hinnehmen.<\/strong><\/em><\/p>\n<p><em>Wir haben vielmehr die Diskussion in unseren Gewerkschaften dar\u00fcber zu f\u00fchren, die Gegner (geschichtlich wie auch aktuell) der Arbeiterbewegung und unserer Jugend aus unseren Reihen auszuschlie\u00dfen. Dies ist ein unerl\u00e4sslicher Schritt, wenn wir die Gewerkschaften wieder zu Kampforganisationen machen wollen.<\/em><\/p>\n<p><a href=\"http:\/\/notstand-der-republik.de\/wordpress\/wp-content\/uploads\/2018\/04\/GdP1_HB.pdf\">Anbei die Erkl\u00e4rung<\/a> mit dem aktuellen Stand (11.4.2018) der Unterzeichner. Unterschriften und weitere Informationen bei G. Kupfer (0176 22382120 oder G.Kupfer@arcor.de).<\/p>\n<p>&nbsp;<\/p>\n","protected":false},"excerpt":{"rendered":"<p>Gewerkschafter in Bremen f\u00fchren den Kampf gegen einen Hauptredner der sogenannten Gewerkschaft der Polizei (GdP) am 1. Mai in Bremen.\u00a0 Dazu haben sie eine Erkl\u00e4rung verfasst die mit der Unterzeichnung und Weiterverbreitung unterst\u00fctzt werden kann. Am 12.4. wurde die Erkl\u00e4rung &#8211; mit bis dahin etwa 200 Unterzeichnern &#8211; der DGB-Vorsitzenden in Bremen mit der Aufforderung, [&hellip;]<\/p>\n","protected":false},"author":2,"featured_media":1008,"comment_status":"closed","ping_status":"closed","sticky":false,"template":"","format":"standard","meta":{"footnotes":""},"categories":[15],"tags":[64,46,68,66,58,35],"class_list":["post-1001","post","type-post","status-publish","format-standard","has-post-thumbnail","hentry","category-aktionen","tag-5te-kolonne","tag-antimilitarismus","tag-fuenfte-kolonne","tag-gewaltapparat","tag-ig-metall","tag-notstand-der-republik"],"_links":{"self":[{"href":"https:\/\/www.revolutionaere-front.de\/wordpress\/index.php?rest_route=\/wp\/v2\/posts\/1001","targetHints":{"allow":["GET"]}}],"collection":[{"href":"https:\/\/www.revolutionaere-front.de\/wordpress\/index.php?rest_route=\/wp\/v2\/posts"}],"about":[{"href":"https:\/\/www.revolutionaere-front.de\/wordpress\/index.php?rest_route=\/wp\/v2\/types\/post"}],"author":[{"embeddable":true,"href":"https:\/\/www.revolutionaere-front.de\/wordpress\/index.php?rest_route=\/wp\/v2\/users\/2"}],"replies":[{"embeddable":true,"href":"https:\/\/www.revolutionaere-front.de\/wordpress\/index.php?rest_route=%2Fwp%2Fv2%2Fcomments&post=1001"}],"version-history":[{"count":4,"href":"https:\/\/www.revolutionaere-front.de\/wordpress\/index.php?rest_route=\/wp\/v2\/posts\/1001\/revisions"}],"predecessor-version":[{"id":1007,"href":"https:\/\/www.revolutionaere-front.de\/wordpress\/index.php?rest_route=\/wp\/v2\/posts\/1001\/revisions\/1007"}],"wp:featuredmedia":[{"embeddable":true,"href":"https:\/\/www.revolutionaere-front.de\/wordpress\/index.php?rest_route=\/wp\/v2\/media\/1008"}],"wp:attachment":[{"href":"https:\/\/www.revolutionaere-front.de\/wordpress\/index.php?rest_route=%2Fwp%2Fv2%2Fmedia&parent=1001"}],"wp:term":[{"taxonomy":"category","embeddable":true,"href":"https:\/\/www.revolutionaere-front.de\/wordpress\/index.php?rest_route=%2Fwp%2Fv2%2Fcategories&post=1001"},{"taxonomy":"post_tag","embeddable":true,"href":"https:\/\/www.revolutionaere-front.de\/wordpress\/index.php?rest_route=%2Fwp%2Fv2%2Ftags&post=1001"}],"curies":[{"name":"wp","href":"https:\/\/api.w.org\/{rel}","templated":true}]}}