{"id":1108,"date":"2019-03-26T21:49:53","date_gmt":"2019-03-26T20:49:53","guid":{"rendered":"http:\/\/notstand-der-republik.de\/?p=1108"},"modified":"2019-03-26T23:38:04","modified_gmt":"2019-03-26T22:38:04","slug":"bekanntmachungeinladung-zur-arbeitskonferenz-20-21-april-gewerkschaftshaus-frankfurtm","status":"publish","type":"post","link":"https:\/\/www.revolutionaere-front.de\/wordpress\/?p=1108","title":{"rendered":"Bekanntmachung \/ Einladung zur Arbeitskonferenz         &#8211; 20. + 21. April Gewerkschaftshaus Frankfurt\/M"},"content":{"rendered":"<p>Als der Arbeits- und Koordinationsausschuss im Januar beschlossen hat, das es zwingend notwendig ist, am 1. Mai Rote Bl\u00f6cke zu bilden, von denen die k\u00e4mpfen und von denen die die Lage erkannt haben, \u00a0sind es die Automonopolisten selbst die uns mit ihrer Zerst\u00f6rung Recht geben. Tausende werden auf die Stra\u00dfe fliegen und in der Erwerbslosigkeit landen. 5000 bei Ford, 7000 bei VW, Tausende bei den Zulieferern so allein die nackten Zahlen der letzten Wochen. Das ist erst der Anfang. Derweil versteckt sich die IG Metall-F\u00fchrung hinter den Kapitalisten und hilft mit, dass die Milliard\u00e4re sich mit dem Reichtum, den die Arbeiter geschaffen haben, aus dem Staub machen. Ist es da nicht unabdingbar notwendig, dass ihr auf die Arbeitskonferenz kommt, dass wir gemeinsam beraten, wie wir den Widerstand organisieren, dass auch in diesem Land der Streik kein Fremdwort mehr ist?<\/p>\n<p>Die Arbeitskonferenz mit einem Vertreter aus der seit Januar 2019 bestehenden Streikfront Mexikos, Narciso S\u00e1nchez vom Koordinationskomitee Coordinadora Sindical Unitaria de M\u00e9xiko, der von den K\u00e4mpfen berichten wird, kann uns die Organisierung des Streiks erleichtern und dazu beitragen, da\u00df wir den Internationalen Kampftag der Arbeiterklasse, den 1.Mai pr\u00e4gen und bestimmen durch den Zusammenschluss im Roten Block.<\/p>\n<p><img loading=\"lazy\" decoding=\"async\" class=\"alignleft wp-image-1187 \" src=\"http:\/\/notstand-der-republik.de\/wordpress\/wp-content\/uploads\/2019\/03\/Aufruf_1Mai2019_2Auflage_Einladung-523x1024.png\" alt=\"\" width=\"409\" height=\"800\" srcset=\"https:\/\/www.revolutionaere-front.de\/wordpress\/wp-content\/uploads\/2019\/03\/Aufruf_1Mai2019_2Auflage_Einladung-523x1024.png 523w, https:\/\/www.revolutionaere-front.de\/wordpress\/wp-content\/uploads\/2019\/03\/Aufruf_1Mai2019_2Auflage_Einladung-153x300.png 153w, https:\/\/www.revolutionaere-front.de\/wordpress\/wp-content\/uploads\/2019\/03\/Aufruf_1Mai2019_2Auflage_Einladung.png 965w\" sizes=\"auto, (max-width: 409px) 100vw, 409px\" \/><\/p>\n<p>&nbsp;<\/p>\n<h6><\/h6>\n<h6><\/h6>\n<h6><\/h6>\n<h6><\/h6>\n<h3><a href=\"http:\/\/notstand-der-republik.de\/wordpress\/wp-content\/uploads\/2019\/03\/Anmeldung.pdf\">Anmeldung und Teilnahme an der Arbeitskonferenz (Formular):<\/a><\/h3>\n<h3>E-Mail: R@inerHerth.de<\/h3>\n<h3>Tel: 0175-2503543<\/h3>\n<p>&nbsp;<\/p>\n<h3><\/h3>\n<p>&nbsp;<\/p>\n","protected":false},"excerpt":{"rendered":"<p>Als der Arbeits- und Koordinationsausschuss im Januar beschlossen hat, das es zwingend notwendig ist, am 1. Mai Rote Bl\u00f6cke zu bilden, von denen die k\u00e4mpfen und von denen die die Lage erkannt haben, \u00a0sind es die Automonopolisten selbst die uns mit ihrer Zerst\u00f6rung Recht geben. Tausende werden auf die Stra\u00dfe fliegen und in der Erwerbslosigkeit [&hellip;]<\/p>\n","protected":false},"author":2,"featured_media":1206,"comment_status":"closed","ping_status":"closed","sticky":false,"template":"","format":"standard","meta":{"footnotes":""},"categories":[16,25],"tags":[60,72,38,71,43],"class_list":["post-1108","post","type-post","status-publish","format-standard","has-post-thumbnail","hentry","category-erklaerungen","category-konferenzen","tag-aktionseinheit","tag-arbeitermacht","tag-revolution","tag-sozialismus","tag-streik"],"_links":{"self":[{"href":"https:\/\/www.revolutionaere-front.de\/wordpress\/index.php?rest_route=\/wp\/v2\/posts\/1108","targetHints":{"allow":["GET"]}}],"collection":[{"href":"https:\/\/www.revolutionaere-front.de\/wordpress\/index.php?rest_route=\/wp\/v2\/posts"}],"about":[{"href":"https:\/\/www.revolutionaere-front.de\/wordpress\/index.php?rest_route=\/wp\/v2\/types\/post"}],"author":[{"embeddable":true,"href":"https:\/\/www.revolutionaere-front.de\/wordpress\/index.php?rest_route=\/wp\/v2\/users\/2"}],"replies":[{"embeddable":true,"href":"https:\/\/www.revolutionaere-front.de\/wordpress\/index.php?rest_route=%2Fwp%2Fv2%2Fcomments&post=1108"}],"version-history":[{"count":37,"href":"https:\/\/www.revolutionaere-front.de\/wordpress\/index.php?rest_route=\/wp\/v2\/posts\/1108\/revisions"}],"predecessor-version":[{"id":1208,"href":"https:\/\/www.revolutionaere-front.de\/wordpress\/index.php?rest_route=\/wp\/v2\/posts\/1108\/revisions\/1208"}],"wp:featuredmedia":[{"embeddable":true,"href":"https:\/\/www.revolutionaere-front.de\/wordpress\/index.php?rest_route=\/wp\/v2\/media\/1206"}],"wp:attachment":[{"href":"https:\/\/www.revolutionaere-front.de\/wordpress\/index.php?rest_route=%2Fwp%2Fv2%2Fmedia&parent=1108"}],"wp:term":[{"taxonomy":"category","embeddable":true,"href":"https:\/\/www.revolutionaere-front.de\/wordpress\/index.php?rest_route=%2Fwp%2Fv2%2Fcategories&post=1108"},{"taxonomy":"post_tag","embeddable":true,"href":"https:\/\/www.revolutionaere-front.de\/wordpress\/index.php?rest_route=%2Fwp%2Fv2%2Ftags&post=1108"}],"curies":[{"name":"wp","href":"https:\/\/api.w.org\/{rel}","templated":true}]}}