{"id":1218,"date":"2019-04-13T19:45:22","date_gmt":"2019-04-13T17:45:22","guid":{"rendered":"http:\/\/notstand-der-republik.de\/?p=1218"},"modified":"2019-04-13T19:45:22","modified_gmt":"2019-04-13T17:45:22","slug":"job-fuer-den-tod-bundeswehr-will-bei-vw-und-ford-rekrutieren","status":"publish","type":"post","link":"https:\/\/www.revolutionaere-front.de\/wordpress\/?p=1218","title":{"rendered":"Job f\u00fcr den Tod &#8211; Bundeswehr will bei VW und Ford rekrutieren"},"content":{"rendered":"<p>Die Ank\u00fcndigung der Massenentlassungen bei Ford, VW, Opel und anderen hat die Armee aus der Kaseren gelockt.<\/p>\n<p><img loading=\"lazy\" decoding=\"async\" class=\"alignleft wp-image-1217\" src=\"http:\/\/notstand-der-republik.de\/wordpress\/wp-content\/uploads\/2019\/04\/BW_Wolfsburg-Kopie-300x156.jpg\" alt=\"\" width=\"400\" height=\"208\" srcset=\"https:\/\/www.revolutionaere-front.de\/wordpress\/wp-content\/uploads\/2019\/04\/BW_Wolfsburg-Kopie-300x156.jpg 300w, https:\/\/www.revolutionaere-front.de\/wordpress\/wp-content\/uploads\/2019\/04\/BW_Wolfsburg-Kopie.jpg 540w\" sizes=\"auto, (max-width: 400px) 100vw, 400px\" \/><img loading=\"lazy\" decoding=\"async\" class=\"aligncenter wp-image-1216\" src=\"http:\/\/notstand-der-republik.de\/wordpress\/wp-content\/uploads\/2019\/04\/BW-Ford-300x151.jpg\" alt=\"\" width=\"400\" height=\"201\" srcset=\"https:\/\/www.revolutionaere-front.de\/wordpress\/wp-content\/uploads\/2019\/04\/BW-Ford-300x151.jpg 300w, https:\/\/www.revolutionaere-front.de\/wordpress\/wp-content\/uploads\/2019\/04\/BW-Ford.jpg 936w\" sizes=\"auto, (max-width: 400px) 100vw, 400px\" \/><\/p>\n<p>&nbsp;<\/p>\n<p>Mit speziell f\u00fcr die Betriebe angefertigten Werbe-Tafeln wollen sie die Arbeiter f\u00fcr den Krieg rekrutieren. An der anderen Heimat-Front wird das Volk St\u00fcck f\u00fcr St\u00fcck weichgeklopft mit Lach-Geschichten \u00fcber eine Bundeswehr die ihr Kriegsger\u00e4t nicht zum Laufen bringt, Euro-Fighter die nicht fliegen, U-Boote die nicht tauchen und deutsche Soldaten die demn\u00e4chst wieder ohne lange Unterhosen nach Russland marschieren m\u00fcssen. Eigentlich ein durchsichtiges Man\u00f6ver.<\/p>\n<p>Unsere Antwort:<img loading=\"lazy\" decoding=\"async\" class=\"alignleft wp-image-1214 size-large\" src=\"http:\/\/notstand-der-republik.de\/wordpress\/wp-content\/uploads\/2019\/04\/bundeswehr-karriere-fordbildtext-1024x635.jpg\" alt=\"\" width=\"1024\" height=\"635\" srcset=\"https:\/\/www.revolutionaere-front.de\/wordpress\/wp-content\/uploads\/2019\/04\/bundeswehr-karriere-fordbildtext-1024x635.jpg 1024w, https:\/\/www.revolutionaere-front.de\/wordpress\/wp-content\/uploads\/2019\/04\/bundeswehr-karriere-fordbildtext-300x186.jpg 300w, https:\/\/www.revolutionaere-front.de\/wordpress\/wp-content\/uploads\/2019\/04\/bundeswehr-karriere-fordbildtext.jpg 1280w\" sizes=\"auto, (max-width: 1024px) 100vw, 1024px\" \/><\/p>\n","protected":false},"excerpt":{"rendered":"<p>Die Ank\u00fcndigung der Massenentlassungen bei Ford, VW, Opel und anderen hat die Armee aus der Kaseren gelockt. &nbsp; Mit speziell f\u00fcr die Betriebe angefertigten Werbe-Tafeln wollen sie die Arbeiter f\u00fcr den Krieg rekrutieren. An der anderen Heimat-Front wird das Volk St\u00fcck f\u00fcr St\u00fcck weichgeklopft mit Lach-Geschichten \u00fcber eine Bundeswehr die ihr Kriegsger\u00e4t nicht zum Laufen [&hellip;]<\/p>\n","protected":false},"author":2,"featured_media":1214,"comment_status":"closed","ping_status":"closed","sticky":false,"template":"","format":"standard","meta":{"footnotes":""},"categories":[1],"tags":[],"class_list":["post-1218","post","type-post","status-publish","format-standard","has-post-thumbnail","hentry","category-ausschuss"],"_links":{"self":[{"href":"https:\/\/www.revolutionaere-front.de\/wordpress\/index.php?rest_route=\/wp\/v2\/posts\/1218","targetHints":{"allow":["GET"]}}],"collection":[{"href":"https:\/\/www.revolutionaere-front.de\/wordpress\/index.php?rest_route=\/wp\/v2\/posts"}],"about":[{"href":"https:\/\/www.revolutionaere-front.de\/wordpress\/index.php?rest_route=\/wp\/v2\/types\/post"}],"author":[{"embeddable":true,"href":"https:\/\/www.revolutionaere-front.de\/wordpress\/index.php?rest_route=\/wp\/v2\/users\/2"}],"replies":[{"embeddable":true,"href":"https:\/\/www.revolutionaere-front.de\/wordpress\/index.php?rest_route=%2Fwp%2Fv2%2Fcomments&post=1218"}],"version-history":[{"count":1,"href":"https:\/\/www.revolutionaere-front.de\/wordpress\/index.php?rest_route=\/wp\/v2\/posts\/1218\/revisions"}],"predecessor-version":[{"id":1219,"href":"https:\/\/www.revolutionaere-front.de\/wordpress\/index.php?rest_route=\/wp\/v2\/posts\/1218\/revisions\/1219"}],"wp:featuredmedia":[{"embeddable":true,"href":"https:\/\/www.revolutionaere-front.de\/wordpress\/index.php?rest_route=\/wp\/v2\/media\/1214"}],"wp:attachment":[{"href":"https:\/\/www.revolutionaere-front.de\/wordpress\/index.php?rest_route=%2Fwp%2Fv2%2Fmedia&parent=1218"}],"wp:term":[{"taxonomy":"category","embeddable":true,"href":"https:\/\/www.revolutionaere-front.de\/wordpress\/index.php?rest_route=%2Fwp%2Fv2%2Fcategories&post=1218"},{"taxonomy":"post_tag","embeddable":true,"href":"https:\/\/www.revolutionaere-front.de\/wordpress\/index.php?rest_route=%2Fwp%2Fv2%2Ftags&post=1218"}],"curies":[{"name":"wp","href":"https:\/\/api.w.org\/{rel}","templated":true}]}}