{"id":1221,"date":"2019-06-18T22:10:27","date_gmt":"2019-06-18T20:10:27","guid":{"rendered":"http:\/\/notstand-der-republik.de\/?p=1221"},"modified":"2019-07-14T19:46:53","modified_gmt":"2019-07-14T17:46:53","slug":"arbeitskonferenz-20-21-april-rote-fahnen-sieht-man-besser","status":"publish","type":"post","link":"https:\/\/www.revolutionaere-front.de\/wordpress\/?p=1221","title":{"rendered":"F\u00fcnfte Konferenz &#8211; 20.\/21. April 2019  &#8211; Rote Fahnen sieht man besser &#8211;"},"content":{"rendered":"<p><img loading=\"lazy\" decoding=\"async\" class=\"aligncenter wp-image-1226 \" src=\"http:\/\/notstand-der-republik.de\/wordpress\/wp-content\/uploads\/2019\/06\/Bildertafeln-Kopie.png\" alt=\"\" width=\"781\" height=\"444\" srcset=\"https:\/\/www.revolutionaere-front.de\/wordpress\/wp-content\/uploads\/2019\/06\/Bildertafeln-Kopie.png 781w, https:\/\/www.revolutionaere-front.de\/wordpress\/wp-content\/uploads\/2019\/06\/Bildertafeln-Kopie-300x171.png 300w\" sizes=\"auto, (max-width: 781px) 100vw, 781px\" \/><\/p>\n<p>Mit der Konferenz am 20.\/21. April 2019 im Gewerkschaftshaus Frankfurt am Main ist ein weiterer Schritt getan f\u00fcr den revolution\u00e4ren Zusammenschluss. Mit dem Aufruf &#8222;Rote Fahnen sieht man besser&#8220; gibt es eine Grundlage f\u00fcr die Bildung Roter Bl\u00f6cke am 1.Mai und f\u00fcr die weitere Herstellung der revolution\u00e4ren Arbeitereinheit.<\/p>\n<p><img loading=\"lazy\" decoding=\"async\" class=\"wp-image-1224 size-large aligncenter\" src=\"http:\/\/notstand-der-republik.de\/wordpress\/wp-content\/uploads\/2019\/06\/Bildertafeln-Kopie2-1024x400.png\" alt=\"\" width=\"1024\" height=\"400\" srcset=\"https:\/\/www.revolutionaere-front.de\/wordpress\/wp-content\/uploads\/2019\/06\/Bildertafeln-Kopie2-1024x400.png 1024w, https:\/\/www.revolutionaere-front.de\/wordpress\/wp-content\/uploads\/2019\/06\/Bildertafeln-Kopie2-300x117.png 300w, https:\/\/www.revolutionaere-front.de\/wordpress\/wp-content\/uploads\/2019\/06\/Bildertafeln-Kopie2.png 1593w\" sizes=\"auto, (max-width: 1024px) 100vw, 1024px\" \/><\/p>\n","protected":false},"excerpt":{"rendered":"<p>Mit der Konferenz am 20.\/21. April 2019 im Gewerkschaftshaus Frankfurt am Main ist ein weiterer Schritt getan f\u00fcr den revolution\u00e4ren Zusammenschluss. Mit dem Aufruf &#8222;Rote Fahnen sieht man besser&#8220; gibt es eine Grundlage f\u00fcr die Bildung Roter Bl\u00f6cke am 1.Mai und f\u00fcr die weitere Herstellung der revolution\u00e4ren Arbeitereinheit.<\/p>\n","protected":false},"author":2,"featured_media":1247,"comment_status":"closed","ping_status":"closed","sticky":false,"template":"","format":"standard","meta":{"footnotes":""},"categories":[1,25],"tags":[],"class_list":["post-1221","post","type-post","status-publish","format-standard","has-post-thumbnail","hentry","category-ausschuss","category-konferenzen"],"_links":{"self":[{"href":"https:\/\/www.revolutionaere-front.de\/wordpress\/index.php?rest_route=\/wp\/v2\/posts\/1221","targetHints":{"allow":["GET"]}}],"collection":[{"href":"https:\/\/www.revolutionaere-front.de\/wordpress\/index.php?rest_route=\/wp\/v2\/posts"}],"about":[{"href":"https:\/\/www.revolutionaere-front.de\/wordpress\/index.php?rest_route=\/wp\/v2\/types\/post"}],"author":[{"embeddable":true,"href":"https:\/\/www.revolutionaere-front.de\/wordpress\/index.php?rest_route=\/wp\/v2\/users\/2"}],"replies":[{"embeddable":true,"href":"https:\/\/www.revolutionaere-front.de\/wordpress\/index.php?rest_route=%2Fwp%2Fv2%2Fcomments&post=1221"}],"version-history":[{"count":18,"href":"https:\/\/www.revolutionaere-front.de\/wordpress\/index.php?rest_route=\/wp\/v2\/posts\/1221\/revisions"}],"predecessor-version":[{"id":1338,"href":"https:\/\/www.revolutionaere-front.de\/wordpress\/index.php?rest_route=\/wp\/v2\/posts\/1221\/revisions\/1338"}],"wp:featuredmedia":[{"embeddable":true,"href":"https:\/\/www.revolutionaere-front.de\/wordpress\/index.php?rest_route=\/wp\/v2\/media\/1247"}],"wp:attachment":[{"href":"https:\/\/www.revolutionaere-front.de\/wordpress\/index.php?rest_route=%2Fwp%2Fv2%2Fmedia&parent=1221"}],"wp:term":[{"taxonomy":"category","embeddable":true,"href":"https:\/\/www.revolutionaere-front.de\/wordpress\/index.php?rest_route=%2Fwp%2Fv2%2Fcategories&post=1221"},{"taxonomy":"post_tag","embeddable":true,"href":"https:\/\/www.revolutionaere-front.de\/wordpress\/index.php?rest_route=%2Fwp%2Fv2%2Ftags&post=1221"}],"curies":[{"name":"wp","href":"https:\/\/api.w.org\/{rel}","templated":true}]}}