{"id":1256,"date":"2019-06-26T11:34:10","date_gmt":"2019-06-26T09:34:10","guid":{"rendered":"http:\/\/notstand-der-republik.de\/?p=1256"},"modified":"2019-06-26T22:02:57","modified_gmt":"2019-06-26T20:02:57","slug":"ein-tiefer-riss-geht-durch-unsere-gewerkschaften","status":"publish","type":"post","link":"https:\/\/www.revolutionaere-front.de\/wordpress\/?p=1256","title":{"rendered":"Ein tiefer Riss geht durch unsere Gewerkschaften"},"content":{"rendered":"<p>Erkl\u00e4rung zur Veranstaltung der IGM in Berlin am 29.6.2019<\/p>\n<p><strong>Ein tiefer Riss geht durch unsere Gewerkschaften<\/strong><\/p>\n<p>Allerh\u00f6chste Zeit, die Roten Fahnen in Stellung zu bringen gegen die wei\u00dfen Fahnen der Kapitulation. Der Kapitulation vor der Zerst\u00f6rung der Fabriken, der Menschheit und ihres Lebensraumes durch die Klasse der Kapitalisten.<\/p>\n<p>Durch unsere Gewerkschaft geht ein tiefer Riss \u2013 zwischen denjenigen einerseits, die die wei\u00dfe Fahne schwenken, um ihren Frieden zu schlie\u00dfen mit dem Kapitalismus, um sich den Milliard\u00e4ren anzudienen, und denjenigen, die die Fahne der Arbeiter und des Kampfes hoch halten. Zwischen den Million\u00e4ren und Hochverdienern in den oberen Gewerkschafts- und Betriebsratsetagen<strong>*)<\/strong> und den Millionen von Mitgliedern, die eine Kampforganisation dringender denn je brauchen, um zu \u00fcberleben.<\/p>\n<p>&nbsp;<\/p>\n<p><strong>Rote Fahnen gegen wei\u00dfe Fahnen<\/strong><\/p>\n<p>Gegen die angek\u00fcndigten und teilweise schon vollzogenen Massenentlassungen<strong>**)<\/strong> hilft kein <em>\u201eTransformations-Kurzarbeitergeld\u201c<\/em> aus unseren Sozialkassen und auch keine weiteren Milliarden f\u00fcr die Kapitalisten aus dem Staatshaushalt, wie die IGM es fordert. Es hilft kein leeres\u00a0 Geschwalle von <em>\u201eTransformation\u201c<\/em> und schon gar kein Volksfest (oder <em>\u201eShow-time\u201c<\/em>, wie die IGM ihre Spa\u00dfveranstaltung selbst nennt). Da hilft nur der Streik. Rote Fahnen gegen wei\u00dfe Fahnen \u2013 Kampf oder Untergang mit dem Kapitalismus &#8211; so und nicht anders steht die Frage.<\/p>\n<p>&nbsp;<\/p>\n<p><strong>An der Streikkasse liegt es nicht<\/strong><\/p>\n<p>Mit 585 Millionen j\u00e4hrlich f\u00fcllen sie die Metaller aus ihrem sp\u00e4rlichen Lohn. W\u00fcrde man 10% davon abziehen f\u00fcr Agitation und Facharbeiterentlohnung f\u00fcr die Hauptamtlichen, k\u00f6nnten zum Beispiel 1,3 Millionen Mitglieder eine Woche lang streiken oder 337.000 vier Wochen lang. Was k\u00f6nnte ein solcher Streik in solcher Wucht alles aus den Angeln heben!<\/p>\n<p>&nbsp;<\/p>\n<p><strong>Es liegt in unserer Hand<\/strong><\/p>\n<p>Wie gesagt, es liegt nicht an der Streikkasse. Es liegt an denen, die sie nicht aus der Hand geben wollen, weil sie verdammt gut davon und von den Kr\u00fcmeln vom Tisch der Milliard\u00e4re leben. Sie k\u00f6nnen nur solange gut davon leben, wie die Streikkassen unangetastet bleiben, sie also den Streik mit allen Mitteln vermeiden.<\/p>\n<p>Und es liegt an uns, die wir all das zulassen, wenn wir Betriebsr\u00e4te, Vertrauensleute, Hauptamtliche und Vorst\u00e4nde w\u00e4hlen, die keinerlei Gemeinsamkeit mehr haben mit der Arbeiterklasse, die sie vorgeben zu vertreten.<\/p>\n<p>Es liegt also in unserer Hand, ob wir unsere Gewerkschaften wieder zur\u00fcck erobern oder sie der Klasse der Bourgeoisie ausliefern und \u00fcberlassen. Oder ob wir uns als Klasse organisieren und als Klasse handeln. Deshalb:<\/p>\n<p><strong>Reiht Euch ein in die Revolution\u00e4re Front, denn Rote Fahnen sieht man besser!<\/strong><\/p>\n<p>&nbsp;<\/p>\n<p><strong>Revolution\u00e4re Front &#8211; Rote Fahnen sieht man besser \u00a0 \u00a0 \u00a0 &#8211;\u00a0\u00a0\u00a0\u00a0\u00a0\u00a0\u00a0 <\/strong><strong>Arbeits-und Koordinationsausschuss<\/strong><\/p>\n<p>(ehemals Arbeits- und Koordinationsausschuss der 5. Arbeiter- und Gewerkschafter-Konferenz gegen den Notstand der Republik)<\/p>\n<p>Kontakt: Rainer Herth (V.i.S.d.P.), Sch\u00f6nbornstr. 13, 60431 Frankfurt\/Main, <a href=\"mailto:R@inerHerth.de\">R@inerHerth.de<\/a>, 069-832754<\/p>\n<p>Juni 2019<\/p>\n<p>_______________________________________<\/p>\n<p>*) Auf welcher Seite, glaubst Du, stehen die Betriebsratsf\u00fcrsten (H\u00fcck hat f\u00fcr 500.000 \u20ac j\u00e4hrlich die Porsche-Arbeiter an das Kapital verkauft, Osterloh die VW-Arbeiter f\u00fcr bis zu 750.000 Silberlinge,\u00a0 vom Dienstwagen und Aufsichtsratstantiemen mal ganz abgesehen)? Auf welcher Seite, glaubst Du, stehen die Hochverdiener und die Million\u00e4re in den oberen IG Metall-Etagen, die sich die Verhinderung des Streiks mit bis zu 11.000 \u20ac monatlich (Gesch\u00e4ftsf\u00fchrer der IGM), mit 350.000 im Jahr (Vorsitzender der IG Metall) \u2013 zuz\u00fcglich Aufsichtsrats-Tantiemen \u2013 vergolden lassen? Das, Kollege, ist die Antwort auf die Frage, warum die IGM nicht zum Streik aufruft.<\/p>\n<p>**) 78.700 Entlassungen sind nach heutigem Stand allein in der deutschen Automobilindustrie angek\u00fcndigt, bzw. schon angelaufen. 16.675 sind es in der Chemie, 26.700 in Elektro, 11.400 im Energiesektor, \u00fcber 45.000 in weiteren Sektoren \u2013 in Summe 179.565!<\/p>\n<hr \/>\n<p><a href=\"http:\/\/notstand-der-republik.de\/wordpress\/wp-content\/uploads\/2019\/06\/AKzuBerlin1-1.pdf\">Erkl\u00e4rung als pdf<\/a><\/p>\n","protected":false},"excerpt":{"rendered":"<p>Erkl\u00e4rung zur Veranstaltung der IGM in Berlin am 29.6.2019 Ein tiefer Riss geht durch unsere Gewerkschaften Allerh\u00f6chste Zeit, die Roten Fahnen in Stellung zu bringen gegen die wei\u00dfen Fahnen der Kapitulation. Der Kapitulation vor der Zerst\u00f6rung der Fabriken, der Menschheit und ihres Lebensraumes durch die Klasse der Kapitalisten. Durch unsere Gewerkschaft geht ein tiefer Riss [&hellip;]<\/p>\n","protected":false},"author":2,"featured_media":1301,"comment_status":"closed","ping_status":"closed","sticky":false,"template":"","format":"standard","meta":{"footnotes":""},"categories":[1,16],"tags":[],"class_list":["post-1256","post","type-post","status-publish","format-standard","has-post-thumbnail","hentry","category-ausschuss","category-erklaerungen"],"_links":{"self":[{"href":"https:\/\/www.revolutionaere-front.de\/wordpress\/index.php?rest_route=\/wp\/v2\/posts\/1256","targetHints":{"allow":["GET"]}}],"collection":[{"href":"https:\/\/www.revolutionaere-front.de\/wordpress\/index.php?rest_route=\/wp\/v2\/posts"}],"about":[{"href":"https:\/\/www.revolutionaere-front.de\/wordpress\/index.php?rest_route=\/wp\/v2\/types\/post"}],"author":[{"embeddable":true,"href":"https:\/\/www.revolutionaere-front.de\/wordpress\/index.php?rest_route=\/wp\/v2\/users\/2"}],"replies":[{"embeddable":true,"href":"https:\/\/www.revolutionaere-front.de\/wordpress\/index.php?rest_route=%2Fwp%2Fv2%2Fcomments&post=1256"}],"version-history":[{"count":4,"href":"https:\/\/www.revolutionaere-front.de\/wordpress\/index.php?rest_route=\/wp\/v2\/posts\/1256\/revisions"}],"predecessor-version":[{"id":1302,"href":"https:\/\/www.revolutionaere-front.de\/wordpress\/index.php?rest_route=\/wp\/v2\/posts\/1256\/revisions\/1302"}],"wp:featuredmedia":[{"embeddable":true,"href":"https:\/\/www.revolutionaere-front.de\/wordpress\/index.php?rest_route=\/wp\/v2\/media\/1301"}],"wp:attachment":[{"href":"https:\/\/www.revolutionaere-front.de\/wordpress\/index.php?rest_route=%2Fwp%2Fv2%2Fmedia&parent=1256"}],"wp:term":[{"taxonomy":"category","embeddable":true,"href":"https:\/\/www.revolutionaere-front.de\/wordpress\/index.php?rest_route=%2Fwp%2Fv2%2Fcategories&post=1256"},{"taxonomy":"post_tag","embeddable":true,"href":"https:\/\/www.revolutionaere-front.de\/wordpress\/index.php?rest_route=%2Fwp%2Fv2%2Ftags&post=1256"}],"curies":[{"name":"wp","href":"https:\/\/api.w.org\/{rel}","templated":true}]}}