{"id":1350,"date":"2019-09-29T21:40:58","date_gmt":"2019-09-29T19:40:58","guid":{"rendered":"http:\/\/notstand-der-republik.de\/?p=1350"},"modified":"2019-10-11T16:14:52","modified_gmt":"2019-10-11T14:14:52","slug":"2-fabrikarbeiterwoche-6-11-oktober","status":"publish","type":"post","link":"https:\/\/www.revolutionaere-front.de\/wordpress\/?p=1350","title":{"rendered":"Zum IG Metall-Gewerkschaftstag:                                           Fabrikarbeiterwoche 6.10. &#8211; 11. 10."},"content":{"rendered":"\n<p>Der Arbeiterbund f\u00fcr den Wiederaufbau der KPD ist Teil der Revolution\u00e4ren Front. Wir ver\u00f6ffentlichen hier Dokumente und Berichte zur Fabrikarbeiterwoche anl\u00e4sslich des Gewerkschaftstags der IG Metall. Der Arbeits- und Koordinationsausschuss Revolution\u00e4re Front &#8211; Rote Fahnen sieht man besser unterst\u00fctzt diese Aktion und ruft zur Teilnahme auf. Die Flugschrift f\u00fcr diese Fabrikarbeiterwoche enth\u00e4lt auch Stellungnahmen von Mitstreitern der Revolution\u00e4ren Front. <a href=\"http:\/\/notstand-der-republik.de\/wordpress\/wp-content\/uploads\/2019\/10\/StellungnahmenFabrikarbeiterwoche2019.pdf\">Hier die Stellungnahmen<\/a> und <a href=\"http:\/\/www.arbeiterbund-fuer-den-wiederaufbau-der-kpd.de\">hier die ganze Flugschrift<\/a>.<\/p>\n\n\n\n<p><em>Anl\u00e4sslich des Gewerkschaftstags der IG Metall bringen wir die  Auseinandersetzung um unsere  Gewerkschaften als f\u00fcr die Arbeiter ebenso unverzichtbare wie derzeit  untaugliche Organisationen vor und in die Betriebe, die Arbeiterviertel  und die Innenst\u00e4dte. Und wir verbreiten die Taktik der Revolution\u00e4ren  Front als geeigneten Weg, die kampfbereiten, in der Regel  unorganisierten Arbeiter und die revolution\u00e4ren Vereine und  Organisationen zusammenzuf\u00fchren. Nicht zuletzt, um unsere Gewerkschaften  wieder als Kampforganisationen zur\u00fcckzuerobern.<\/em><\/p>\n\n\n\n<div class=\"wp-block-image\"><figure class=\"aligncenter is-resized\"><img loading=\"lazy\" decoding=\"async\" src=\"http:\/\/notstand-der-republik.de\/wordpress\/wp-content\/uploads\/2019\/09\/Wagen2-1024x719.png\" alt=\"\" class=\"wp-image-1377\" width=\"512\" height=\"360\" srcset=\"https:\/\/www.revolutionaere-front.de\/wordpress\/wp-content\/uploads\/2019\/09\/Wagen2-1024x719.png 1024w, https:\/\/www.revolutionaere-front.de\/wordpress\/wp-content\/uploads\/2019\/09\/Wagen2-300x211.png 300w, https:\/\/www.revolutionaere-front.de\/wordpress\/wp-content\/uploads\/2019\/09\/Wagen2.png 1236w\" sizes=\"auto, (max-width: 512px) 100vw, 512px\" \/><\/figure><\/div>\n\n\n\n<p><\/p>\n\n\n\n<p><strong><em>Der Ablaufplan:<\/em><\/strong><em><br>Sonntag 6. Oktober &#8211; Dienstag 8. Oktober: N\u00fcrnberg, MAN \/ Conti \/   Innenstadt \/ Agitation in den U-Bahnlinien zum Kongress-Zentrum<br>Mittwoch 9. Oktober:  Ingolstadt, Audi<br>Donnerstag 10. Oktober:  Dingolfing, BMW<br>Freitag 11. Oktober:  M\u00fcnchen, BMW \/ MAN \/ Stadtteil Milbertshofen<\/em><\/p>\n\n\n\n<p>Meldet euch zur Teilnahme beim Arbeits- und Koordinations-Ausschuss Revolution\u00e4re Front -Rote Fahnen sieht man besser<br><br><\/p>\n","protected":false},"excerpt":{"rendered":"<p>Der Arbeiterbund f\u00fcr den Wiederaufbau der KPD ist Teil der Revolution\u00e4ren Front. Wir ver\u00f6ffentlichen hier Dokumente und Berichte zur Fabrikarbeiterwoche anl\u00e4sslich des Gewerkschaftstags der IG Metall. Der Arbeits- und Koordinationsausschuss Revolution\u00e4re Front &#8211; Rote Fahnen sieht man besser unterst\u00fctzt diese Aktion und ruft zur Teilnahme auf. Die Flugschrift f\u00fcr diese Fabrikarbeiterwoche enth\u00e4lt auch Stellungnahmen von [&hellip;]<\/p>\n","protected":false},"author":2,"featured_media":1394,"comment_status":"closed","ping_status":"closed","sticky":false,"template":"","format":"standard","meta":{"footnotes":""},"categories":[1],"tags":[73,58,74,75,43],"class_list":["post-1350","post","type-post","status-publish","format-standard","has-post-thumbnail","hentry","category-ausschuss","tag-gewerkschaftstag","tag-ig-metall","tag-revolutionaere-front","tag-rote-fahnen","tag-streik"],"_links":{"self":[{"href":"https:\/\/www.revolutionaere-front.de\/wordpress\/index.php?rest_route=\/wp\/v2\/posts\/1350","targetHints":{"allow":["GET"]}}],"collection":[{"href":"https:\/\/www.revolutionaere-front.de\/wordpress\/index.php?rest_route=\/wp\/v2\/posts"}],"about":[{"href":"https:\/\/www.revolutionaere-front.de\/wordpress\/index.php?rest_route=\/wp\/v2\/types\/post"}],"author":[{"embeddable":true,"href":"https:\/\/www.revolutionaere-front.de\/wordpress\/index.php?rest_route=\/wp\/v2\/users\/2"}],"replies":[{"embeddable":true,"href":"https:\/\/www.revolutionaere-front.de\/wordpress\/index.php?rest_route=%2Fwp%2Fv2%2Fcomments&post=1350"}],"version-history":[{"count":37,"href":"https:\/\/www.revolutionaere-front.de\/wordpress\/index.php?rest_route=\/wp\/v2\/posts\/1350\/revisions"}],"predecessor-version":[{"id":1408,"href":"https:\/\/www.revolutionaere-front.de\/wordpress\/index.php?rest_route=\/wp\/v2\/posts\/1350\/revisions\/1408"}],"wp:featuredmedia":[{"embeddable":true,"href":"https:\/\/www.revolutionaere-front.de\/wordpress\/index.php?rest_route=\/wp\/v2\/media\/1394"}],"wp:attachment":[{"href":"https:\/\/www.revolutionaere-front.de\/wordpress\/index.php?rest_route=%2Fwp%2Fv2%2Fmedia&parent=1350"}],"wp:term":[{"taxonomy":"category","embeddable":true,"href":"https:\/\/www.revolutionaere-front.de\/wordpress\/index.php?rest_route=%2Fwp%2Fv2%2Fcategories&post=1350"},{"taxonomy":"post_tag","embeddable":true,"href":"https:\/\/www.revolutionaere-front.de\/wordpress\/index.php?rest_route=%2Fwp%2Fv2%2Ftags&post=1350"}],"curies":[{"name":"wp","href":"https:\/\/api.w.org\/{rel}","templated":true}]}}