{"id":1421,"date":"2020-02-10T19:54:00","date_gmt":"2020-02-10T18:54:00","guid":{"rendered":"http:\/\/notstand-der-republik.de\/?p=1421"},"modified":"2020-02-14T20:02:42","modified_gmt":"2020-02-14T19:02:42","slug":"wer-den-faschismus-verhindern-will-der-muss-den-kapitalismus-stuerzen","status":"publish","type":"post","link":"https:\/\/www.revolutionaere-front.de\/wordpress\/?p=1421","title":{"rendered":"Wer den Faschismus verhindern will,                                                                                                 der muss den Kapitalismus st\u00fcrzen!"},"content":{"rendered":"\n<p>Erkl\u00e4rung des Arbeits- und Koordinationsausschuss der Revolution\u00e4ren Front zu dem parlamentarischen-faschistischen Putsch in Th\u00fcringen<\/p>\n\n\n\n<div class=\"wp-block-file\"><a href=\"http:\/\/notstand-der-republik.de\/wordpress\/wp-content\/uploads\/2020\/02\/Th\u00fcringen2020.pdf\">Th\u00fcringen2020<\/a><a href=\"http:\/\/notstand-der-republik.de\/wordpress\/wp-content\/uploads\/2020\/02\/Th\u00fcringen2020.pdf\" class=\"wp-block-file__button\" download>Herunterladen<\/a><\/div>\n\n\n\n<p>Es kann in einem Aufruf gegen den Faschismus keine Aufrichtigkeit liegen, wenn die gesellschaftlichen Zust\u00e4nde, die ihn mit Naturnotwendigkeit erzeugen, in ihm nicht angetastet werden. Wer den Privatbesitz an Produktionsmitteln nicht preisgeben will, der wird den Faschismus nicht loswerden, sondern ihn brauchen. (Bertolt Brecht)<\/p>\n\n\n\n<p>Die Kapitalistenklasse ist schwach, weil sie au\u00dfer Zerst\u00f6rung und Krieg keine Zukunft kennt, weil ihre Produktionsweise und das Gesellschafts-system des Kapitalismus am Ende sind. Im Kampf gegen ihren Untergang greift sie zu allen Mitteln und l\u00e4sst ihrer Zerst\u00f6rung der gesamten Natur, der Umwelt und der Menschen, durch ihre Ausbeutung die noch gr\u00f6\u00dfere Zerst\u00f6rung durch Krieg und Faschismus folgen. Ein durch und durch deutsches Rezept.<br>Th\u00fcringen war bereits 1924 und 1930 der Ort, den parlamentarischen Arm des Faschismus in Stellung zu bringen und das b\u00fcrgerliche Lager auseinander zu jagen um auch von hier aus die Demokratie zu beseitigen. Vorher hatte, eben dieses b\u00fcrgerliche Lager, die Arbeiter und die Revolution blutig nieder gemetzelt und selbst den Weg bereitet f\u00fcr den parlamentarischen-faschistischen Putsch.<br>Die Blaupause aus der Weimarer Republik unterscheidet sich darin, dass sich die Geschichte des deutschen Kapitals, im Land des antifaschistischen Staates DDR wiederholt, nach Annexion und der Zertr\u00fcmmerung der Arbeitermacht. Durch eine Monopolbourgeoisie und ihre Regierungen die schon einmal die ganze Welt in Brand setzten, was mit millionenfachem V\u00f6lkermord endete.<br>Th\u00fcringen ist damals &#8211; und ist heute &#8211; aber nur der Z\u00fcnder f\u00fcr den Knall in Berlin. Dort sitzt die dritte Regierung die sich, ohne Opposition, selbst erm\u00e4chtigt. Notstands-Regierungen die den Kriegskurs vorantreiben, der Kapitalistenklasse bedingungslos das National-Einkommen und -Verm\u00f6gen in die Kassen lenken und die den staatlichen Gewalt- und \u00dcberwachungs-Apparat f\u00fcr die n\u00e4chste Niederschlagung bereits ungeheuer aufger\u00fcstet haben. Wundert sich da jemand, dass die AfD-Faschisten in den Parlamenten massenhaft in diesem Staatsapparat, vom Richter bis zum Elite-Soldat, gez\u00fcchtet werden?<br>Wir haben den Kampf gegen den Notstand der Republik, gegen den Staatsumbau seit Jahren gef\u00fchrt, durch Aufkl\u00e4rung und Aktionen, weil wir auch wissen, dass der Faschismus nicht vom Himmel f\u00e4llt und der Kapitalismus nicht von selbst die B\u00fchne verl\u00e4sst. Gegen die fortschreitende Zerst\u00f6rung aller Lebensgrundlagen hilft nur die Enteignung der Milliard\u00e4re, die Konfiszierung des von uns geschaffenen Reichtums, die Arbeiterregierung. Dazu bedarf es unseres Zusammenschluss in der Revolution\u00e4ren Front, \u00fcber die Betriebe hinweg, im ganzen Land.<br>          <strong> Werde Teil und Mitstreiter der Revolution\u00e4ren Front!<\/strong><\/p>\n","protected":false},"excerpt":{"rendered":"<p>Erkl\u00e4rung des Arbeits- und Koordinationsausschuss der Revolution\u00e4ren Front zu dem parlamentarischen-faschistischen Putsch in Th\u00fcringen Es kann in einem Aufruf gegen den Faschismus keine Aufrichtigkeit liegen, wenn die gesellschaftlichen Zust\u00e4nde, die ihn mit Naturnotwendigkeit erzeugen, in ihm nicht angetastet werden. Wer den Privatbesitz an Produktionsmitteln nicht preisgeben will, der wird den Faschismus nicht loswerden, sondern ihn [&hellip;]<\/p>\n","protected":false},"author":2,"featured_media":1415,"comment_status":"closed","ping_status":"closed","sticky":false,"template":"","format":"standard","meta":{"footnotes":""},"categories":[16],"tags":[78,76,79,77],"class_list":["post-1421","post","type-post","status-publish","format-standard","has-post-thumbnail","hentry","category-erklaerungen","tag-brecht","tag-faschismus","tag-kapitalisten","tag-putsch"],"_links":{"self":[{"href":"https:\/\/www.revolutionaere-front.de\/wordpress\/index.php?rest_route=\/wp\/v2\/posts\/1421","targetHints":{"allow":["GET"]}}],"collection":[{"href":"https:\/\/www.revolutionaere-front.de\/wordpress\/index.php?rest_route=\/wp\/v2\/posts"}],"about":[{"href":"https:\/\/www.revolutionaere-front.de\/wordpress\/index.php?rest_route=\/wp\/v2\/types\/post"}],"author":[{"embeddable":true,"href":"https:\/\/www.revolutionaere-front.de\/wordpress\/index.php?rest_route=\/wp\/v2\/users\/2"}],"replies":[{"embeddable":true,"href":"https:\/\/www.revolutionaere-front.de\/wordpress\/index.php?rest_route=%2Fwp%2Fv2%2Fcomments&post=1421"}],"version-history":[{"count":6,"href":"https:\/\/www.revolutionaere-front.de\/wordpress\/index.php?rest_route=\/wp\/v2\/posts\/1421\/revisions"}],"predecessor-version":[{"id":1428,"href":"https:\/\/www.revolutionaere-front.de\/wordpress\/index.php?rest_route=\/wp\/v2\/posts\/1421\/revisions\/1428"}],"wp:featuredmedia":[{"embeddable":true,"href":"https:\/\/www.revolutionaere-front.de\/wordpress\/index.php?rest_route=\/wp\/v2\/media\/1415"}],"wp:attachment":[{"href":"https:\/\/www.revolutionaere-front.de\/wordpress\/index.php?rest_route=%2Fwp%2Fv2%2Fmedia&parent=1421"}],"wp:term":[{"taxonomy":"category","embeddable":true,"href":"https:\/\/www.revolutionaere-front.de\/wordpress\/index.php?rest_route=%2Fwp%2Fv2%2Fcategories&post=1421"},{"taxonomy":"post_tag","embeddable":true,"href":"https:\/\/www.revolutionaere-front.de\/wordpress\/index.php?rest_route=%2Fwp%2Fv2%2Ftags&post=1421"}],"curies":[{"name":"wp","href":"https:\/\/api.w.org\/{rel}","templated":true}]}}