{"id":1430,"date":"2019-10-01T20:06:00","date_gmt":"2019-10-01T18:06:00","guid":{"rendered":"http:\/\/notstand-der-republik.de\/?p=1430"},"modified":"2020-02-14T20:39:58","modified_gmt":"2020-02-14T19:39:58","slug":"grusswort-an-die-streikenden-arbeiter-bei-gm-in-den-usa","status":"publish","type":"post","link":"https:\/\/www.revolutionaere-front.de\/wordpress\/?p=1430","title":{"rendered":"Gru\u00dfwort an die streikenden Arbeiter bei GM in den USA"},"content":{"rendered":"\n<p class=\"has-text-align-left\">Kollegen, Arbeiter, Br\u00fcder und Schwestern,<br> es war leider nicht die Schwester-Gewerkschaft der UAW, die IG Metall, die uns \u00fcber Euren gro\u00dfartigen Streik informiert, geschweige denn zu aktiver Solidarit\u00e4t aufgerufen hat. Denn auch bei uns f\u00fchren wir den Kampf um den Streik, der so lebensnotwendig ist f\u00fcr unsere Arbeiterklasse, wie die Luft zum Atmen.<br> Wir k\u00e4mpfen bei BMW, Daimler, Volkswagen, Audi etc. um den Streik gegen Massenentlassungen und gegen die Zerst\u00f6rung der Industrie unseres Landes durch das Monopolkapital. Wir k\u00e4mpfen f\u00fcr die Konfiszierung der Milliarden, um sie sinnvoll f\u00fcr, statt gegen die Gesellschaft einzusetzen. Wir werden weiter k\u00e4mpfen f\u00fcr die Enteignung der Milliard\u00e4re, damit sie die Welt nicht noch tiefer weiter in den Abgrund st\u00fcrzen k\u00f6nnen.<br> Euer Kampf bewegt nicht nur die Arbeiter in den USA, sondern auch In S\u00fcdkorea, in Kanada, in Mexico, in Europa &#8211; kurz in der ganzen Welt. Er ist eine gro\u00dfartige Chance, die Ketten der Spaltung unserer Klasse durch die Kapitalisten zu sprengen, die sie so scheinbar m\u00e4chtig erscheinen lassen.<br> Wir sind eine Klasse, wir haben den gleichen Gegner, auch wenn wir an verschiedenen Abschnitten einer gemeinsamen Front stehen. Um zu verhindern, dass unsere Gewerkschaft, hier die IG Metall, aus R\u00fccksicht auf die deutschen Monopolherren zum weltweiten Streikbrecher gegen die Arbeiter und V\u00f6lker anderer L\u00e4nder wird, haben wir uns \u00fcber die Betriebe hinweg zusammengeschlossen in der Revolution\u00e4ren Front.<br> Die Arbeiter bei GM und die anderer L\u00e4nder sind uns um ein Vielfaches n\u00e4her, als die Herren der Fabriken.<br>      <strong>Wer k\u00e4mpft kann verlieren \u2013 wer nicht k\u00e4mpft, hat schon verloren.<\/strong><\/p>\n\n\n\n<p><a href=\"http:\/\/notstand-der-republik.de\/wordpress\/wp-content\/uploads\/2020\/02\/GM-Gru\u00dfwort.pdf\">Gru\u00dfwort in Deutsch<\/a><\/p>\n\n\n\n<p><a href=\"http:\/\/notstand-der-republik.de\/wordpress\/wp-content\/uploads\/2020\/02\/GM-Gru\u00dfwort_Engl.pdf\">Gru\u00dfwort in Englisch<\/a><\/p>\n","protected":false},"excerpt":{"rendered":"<p>Kollegen, Arbeiter, Br\u00fcder und Schwestern, es war leider nicht die Schwester-Gewerkschaft der UAW, die IG Metall, die uns \u00fcber Euren gro\u00dfartigen Streik informiert, geschweige denn zu aktiver Solidarit\u00e4t aufgerufen hat. Denn auch bei uns f\u00fchren wir den Kampf um den Streik, der so lebensnotwendig ist f\u00fcr unsere Arbeiterklasse, wie die Luft zum Atmen. Wir k\u00e4mpfen [&hellip;]<\/p>\n","protected":false},"author":2,"featured_media":1415,"comment_status":"closed","ping_status":"closed","sticky":false,"template":"","format":"standard","meta":{"footnotes":""},"categories":[16],"tags":[81,80,43],"class_list":["post-1430","post","type-post","status-publish","format-standard","has-post-thumbnail","hentry","category-erklaerungen","tag-gm","tag-monopolkapital","tag-streik"],"_links":{"self":[{"href":"https:\/\/www.revolutionaere-front.de\/wordpress\/index.php?rest_route=\/wp\/v2\/posts\/1430","targetHints":{"allow":["GET"]}}],"collection":[{"href":"https:\/\/www.revolutionaere-front.de\/wordpress\/index.php?rest_route=\/wp\/v2\/posts"}],"about":[{"href":"https:\/\/www.revolutionaere-front.de\/wordpress\/index.php?rest_route=\/wp\/v2\/types\/post"}],"author":[{"embeddable":true,"href":"https:\/\/www.revolutionaere-front.de\/wordpress\/index.php?rest_route=\/wp\/v2\/users\/2"}],"replies":[{"embeddable":true,"href":"https:\/\/www.revolutionaere-front.de\/wordpress\/index.php?rest_route=%2Fwp%2Fv2%2Fcomments&post=1430"}],"version-history":[{"count":5,"href":"https:\/\/www.revolutionaere-front.de\/wordpress\/index.php?rest_route=\/wp\/v2\/posts\/1430\/revisions"}],"predecessor-version":[{"id":1441,"href":"https:\/\/www.revolutionaere-front.de\/wordpress\/index.php?rest_route=\/wp\/v2\/posts\/1430\/revisions\/1441"}],"wp:featuredmedia":[{"embeddable":true,"href":"https:\/\/www.revolutionaere-front.de\/wordpress\/index.php?rest_route=\/wp\/v2\/media\/1415"}],"wp:attachment":[{"href":"https:\/\/www.revolutionaere-front.de\/wordpress\/index.php?rest_route=%2Fwp%2Fv2%2Fmedia&parent=1430"}],"wp:term":[{"taxonomy":"category","embeddable":true,"href":"https:\/\/www.revolutionaere-front.de\/wordpress\/index.php?rest_route=%2Fwp%2Fv2%2Fcategories&post=1430"},{"taxonomy":"post_tag","embeddable":true,"href":"https:\/\/www.revolutionaere-front.de\/wordpress\/index.php?rest_route=%2Fwp%2Fv2%2Ftags&post=1430"}],"curies":[{"name":"wp","href":"https:\/\/api.w.org\/{rel}","templated":true}]}}