{"id":1449,"date":"2020-04-13T18:25:11","date_gmt":"2020-04-13T16:25:11","guid":{"rendered":"http:\/\/notstand-der-republik.de\/?p=1449"},"modified":"2020-05-06T01:52:09","modified_gmt":"2020-05-05T23:52:09","slug":"der-dgb-sagt-den-1-mai-ab-wir-nicht","status":"publish","type":"post","link":"https:\/\/www.revolutionaere-front.de\/wordpress\/?p=1449","title":{"rendered":"Der DGB sagt den 1. Mai ab &#8211; Wir nicht!"},"content":{"rendered":"\n<p><\/p>\n\n\n\n<p><\/p>\n\n\n\n<p>Den 1. Mai kann man nicht &#8222;absagen&#8220;. Der 1. Mai ist seit 130 Jahren der internationale Kampftag der Arbeiterklasse. Weltweit gehen Millionen Arbeiter und Werkt\u00e4tige auf die Stra\u00dfe gegen Regierung und Kapital, f\u00fcr eine Welt der Arbeiter. Deswegen gilt f\u00fcr uns auch im Jahr 2020: Wir gehen am 1. Mai auf die Stra\u00dfe. <\/p>\n\n\n\n<p>Die K\u00e4mpfer in der Revolution\u00e4ren Front haben an einigen Orten Revolution\u00e4re M\u00e4rsche, Demonstrationen und Kundgebungen angemeldet f\u00fcr den 1. Mai. Erkundigt euch! Schlie\u00dft euch an! Organisiert Euch, nehmt teil gerade an diesem 1. Mai als k\u00e4mpfende Arbeiter und Werkt\u00e4tige in einer Front auf den Stra\u00dfen und Pl\u00e4tzen der Republik unter der Roten Fahne! <\/p>\n\n\n\n<figure class=\"wp-block-image size-full\"><img loading=\"lazy\" decoding=\"async\" width=\"1654\" height=\"2339\" src=\"http:\/\/notstand-der-republik.de\/wordpress\/wp-content\/uploads\/2020\/04\/Dringende-Aufforderung_web.jpg\" alt=\"\" class=\"wp-image-1453\" srcset=\"https:\/\/www.revolutionaere-front.de\/wordpress\/wp-content\/uploads\/2020\/04\/Dringende-Aufforderung_web.jpg 1654w, https:\/\/www.revolutionaere-front.de\/wordpress\/wp-content\/uploads\/2020\/04\/Dringende-Aufforderung_web-212x300.jpg 212w, https:\/\/www.revolutionaere-front.de\/wordpress\/wp-content\/uploads\/2020\/04\/Dringende-Aufforderung_web-724x1024.jpg 724w, https:\/\/www.revolutionaere-front.de\/wordpress\/wp-content\/uploads\/2020\/04\/Dringende-Aufforderung_web-1086x1536.jpg 1086w, https:\/\/www.revolutionaere-front.de\/wordpress\/wp-content\/uploads\/2020\/04\/Dringende-Aufforderung_web-1448x2048.jpg 1448w\" sizes=\"auto, (max-width: 1654px) 100vw, 1654px\" \/><\/figure>\n\n\n\n<div class=\"wp-block-file\"><a href=\"http:\/\/notstand-der-republik.de\/wordpress\/wp-content\/uploads\/2020\/04\/Dringende-Aufforderung_web.pdf\" target=\"_blank\" rel=\"noreferrer noopener\">Dringende Aufforderung<\/a><a href=\"http:\/\/notstand-der-republik.de\/wordpress\/wp-content\/uploads\/2020\/04\/Dringende-Aufforderung_web.pdf\" class=\"wp-block-file__button\" download>Herunterladen<\/a><\/div>\n\n\n\n<div class=\"wp-block-file\"><a href=\"http:\/\/notstand-der-republik.de\/wordpress\/wp-content\/uploads\/2020\/04\/Dringende-Aufforderung3-TR_web.pdf\">Dringende Aufforderung &#8211; T\u00fcrkisch<\/a><a href=\"http:\/\/notstand-der-republik.de\/wordpress\/wp-content\/uploads\/2020\/04\/Dringende-Aufforderung3-TR_web.pdf\" class=\"wp-block-file__button\" download>Herunterladen<\/a><\/div>\n","protected":false},"excerpt":{"rendered":"<p>Den 1. Mai kann man nicht &#8222;absagen&#8220;. Der 1. Mai ist seit 130 Jahren der internationale Kampftag der Arbeiterklasse. Weltweit gehen Millionen Arbeiter und Werkt\u00e4tige auf die Stra\u00dfe gegen Regierung und Kapital, f\u00fcr eine Welt der Arbeiter. Deswegen gilt f\u00fcr uns auch im Jahr 2020: Wir gehen am 1. Mai auf die Stra\u00dfe. Die K\u00e4mpfer [&hellip;]<\/p>\n","protected":false},"author":2,"featured_media":1456,"comment_status":"closed","ping_status":"closed","sticky":false,"template":"","format":"standard","meta":{"footnotes":""},"categories":[15,16],"tags":[84,85],"class_list":["post-1449","post","type-post","status-publish","format-standard","has-post-thumbnail","hentry","category-aktionen","category-erklaerungen","tag-1-mai","tag-kampftag"],"_links":{"self":[{"href":"https:\/\/www.revolutionaere-front.de\/wordpress\/index.php?rest_route=\/wp\/v2\/posts\/1449","targetHints":{"allow":["GET"]}}],"collection":[{"href":"https:\/\/www.revolutionaere-front.de\/wordpress\/index.php?rest_route=\/wp\/v2\/posts"}],"about":[{"href":"https:\/\/www.revolutionaere-front.de\/wordpress\/index.php?rest_route=\/wp\/v2\/types\/post"}],"author":[{"embeddable":true,"href":"https:\/\/www.revolutionaere-front.de\/wordpress\/index.php?rest_route=\/wp\/v2\/users\/2"}],"replies":[{"embeddable":true,"href":"https:\/\/www.revolutionaere-front.de\/wordpress\/index.php?rest_route=%2Fwp%2Fv2%2Fcomments&post=1449"}],"version-history":[{"count":7,"href":"https:\/\/www.revolutionaere-front.de\/wordpress\/index.php?rest_route=\/wp\/v2\/posts\/1449\/revisions"}],"predecessor-version":[{"id":1465,"href":"https:\/\/www.revolutionaere-front.de\/wordpress\/index.php?rest_route=\/wp\/v2\/posts\/1449\/revisions\/1465"}],"wp:featuredmedia":[{"embeddable":true,"href":"https:\/\/www.revolutionaere-front.de\/wordpress\/index.php?rest_route=\/wp\/v2\/media\/1456"}],"wp:attachment":[{"href":"https:\/\/www.revolutionaere-front.de\/wordpress\/index.php?rest_route=%2Fwp%2Fv2%2Fmedia&parent=1449"}],"wp:term":[{"taxonomy":"category","embeddable":true,"href":"https:\/\/www.revolutionaere-front.de\/wordpress\/index.php?rest_route=%2Fwp%2Fv2%2Fcategories&post=1449"},{"taxonomy":"post_tag","embeddable":true,"href":"https:\/\/www.revolutionaere-front.de\/wordpress\/index.php?rest_route=%2Fwp%2Fv2%2Ftags&post=1449"}],"curies":[{"name":"wp","href":"https:\/\/api.w.org\/{rel}","templated":true}]}}