{"id":1500,"date":"2020-05-06T03:10:15","date_gmt":"2020-05-06T01:10:15","guid":{"rendered":"http:\/\/notstand-der-republik.de\/?p=1500"},"modified":"2020-09-09T23:15:33","modified_gmt":"2020-09-09T21:15:33","slug":"jedes-jahr-sei-erinnert-an-die-befreiung-vom-hitlerfaschismus","status":"publish","type":"post","link":"https:\/\/www.revolutionaere-front.de\/wordpress\/?p=1500","title":{"rendered":"Jedes Jahr sei erinnert                  an die Befreiung vom Hitlerfaschismus"},"content":{"rendered":"\n<p><\/p>\n\n\n\n<p>Am 8. Mai j\u00e4hrt sich zum 75sten Mal die Befreiung von Faschismus und Krieg. Die Revolution\u00e4re Front ist Teil der Internationalen Aktionseinheit &#8222;Revolution statt Krieg und Faschismus&#8220; mit Organisationen aus acht L\u00e4ndern. Das  Aktionsb\u00fcro &#8222;Das Begr\u00e4bnis oder DIE HIMMLISCHEN VIER&#8220; erinnert jedes Jahr an die Befreiung vom Hitlerfaschismus mit der Kunst und Kultur der revolution\u00e4ren Arbeiterbewegung. 2006 mit Sowjetsoldaten und Veteranen der Anti\u2010Hitler\u2010 Koalition in Berlin und Potsdam, mit Z\u00fcgen von LKW in der BRD sowie der annektierten DDR, in Tschechien und Polen<br>und 2017 zum 100. Jahrestag der Oktoberrevolution, der Einleitung der Weltrevolution und zugleich Voraussetzung der Befreiung vom Hitlerfaschismus. Lest und verbreitet den Aufruf sowie das Plakat zum 75. Jahr der Befreiung vom Hitlerfaschismus, beteiligt euch an den Aktionen und erfahrt mehr vom Kampf der Internationalen Aktionseinheit im<br>Internet auf: www.HimmlischeVier.de<\/p>\n\n\n\n<p><a href=\"http:\/\/notstand-der-republik.de\/wordpress\/wp-content\/uploads\/2020\/05\/Aufruf-Jedes-Jahr-sei-erinnert_2020.pdf\">A<em>ufruf als Datei<\/em><\/a><\/p>\n\n\n\n<p><a href=\"http:\/\/notstand-der-republik.de\/wordpress\/wp-content\/uploads\/2020\/05\/Plakat-Jedes-Jahr-sei-erinnert_2020.pdf\"><em>Plakat als Datei<\/em><\/a><\/p>\n\n\n\n<figure class=\"wp-block-image size-large\"><img loading=\"lazy\" decoding=\"async\" width=\"488\" height=\"1024\" src=\"http:\/\/notstand-der-republik.de\/wordpress\/wp-content\/uploads\/2020\/05\/Plakat_Bild-488x1024.jpg\" alt=\"\" class=\"wp-image-1512\" srcset=\"https:\/\/www.revolutionaere-front.de\/wordpress\/wp-content\/uploads\/2020\/05\/Plakat_Bild-488x1024.jpg 488w, https:\/\/www.revolutionaere-front.de\/wordpress\/wp-content\/uploads\/2020\/05\/Plakat_Bild-143x300.jpg 143w, https:\/\/www.revolutionaere-front.de\/wordpress\/wp-content\/uploads\/2020\/05\/Plakat_Bild-732x1536.jpg 732w, https:\/\/www.revolutionaere-front.de\/wordpress\/wp-content\/uploads\/2020\/05\/Plakat_Bild-975x2048.jpg 975w, https:\/\/www.revolutionaere-front.de\/wordpress\/wp-content\/uploads\/2020\/05\/Plakat_Bild-scaled.jpg 1219w\" sizes=\"auto, (max-width: 488px) 100vw, 488px\" \/><\/figure>\n\n\n\n<figure class=\"wp-block-image size-large\"><img loading=\"lazy\" decoding=\"async\" width=\"488\" height=\"1024\" src=\"http:\/\/notstand-der-republik.de\/wordpress\/wp-content\/uploads\/2020\/05\/Aufruf_Bild-488x1024.jpg\" alt=\"\" class=\"wp-image-1510\" srcset=\"https:\/\/www.revolutionaere-front.de\/wordpress\/wp-content\/uploads\/2020\/05\/Aufruf_Bild-488x1024.jpg 488w, https:\/\/www.revolutionaere-front.de\/wordpress\/wp-content\/uploads\/2020\/05\/Aufruf_Bild-143x300.jpg 143w, https:\/\/www.revolutionaere-front.de\/wordpress\/wp-content\/uploads\/2020\/05\/Aufruf_Bild-731x1536.jpg 731w, https:\/\/www.revolutionaere-front.de\/wordpress\/wp-content\/uploads\/2020\/05\/Aufruf_Bild-975x2048.jpg 975w, https:\/\/www.revolutionaere-front.de\/wordpress\/wp-content\/uploads\/2020\/05\/Aufruf_Bild-scaled.jpg 1219w\" sizes=\"auto, (max-width: 488px) 100vw, 488px\" \/><\/figure>\n","protected":false},"excerpt":{"rendered":"<p>Am 8. Mai j\u00e4hrt sich zum 75sten Mal die Befreiung von Faschismus und Krieg. Die Revolution\u00e4re Front ist Teil der Internationalen Aktionseinheit &#8222;Revolution statt Krieg und Faschismus&#8220; mit Organisationen aus acht L\u00e4ndern. Das Aktionsb\u00fcro &#8222;Das Begr\u00e4bnis oder DIE HIMMLISCHEN VIER&#8220; erinnert jedes Jahr an die Befreiung vom Hitlerfaschismus mit der Kunst und Kultur der revolution\u00e4ren [&hellip;]<\/p>\n","protected":false},"author":2,"featured_media":1508,"comment_status":"closed","ping_status":"closed","sticky":false,"template":"","format":"standard","meta":{"footnotes":""},"categories":[1],"tags":[],"class_list":["post-1500","post","type-post","status-publish","format-standard","has-post-thumbnail","hentry","category-ausschuss"],"_links":{"self":[{"href":"https:\/\/www.revolutionaere-front.de\/wordpress\/index.php?rest_route=\/wp\/v2\/posts\/1500","targetHints":{"allow":["GET"]}}],"collection":[{"href":"https:\/\/www.revolutionaere-front.de\/wordpress\/index.php?rest_route=\/wp\/v2\/posts"}],"about":[{"href":"https:\/\/www.revolutionaere-front.de\/wordpress\/index.php?rest_route=\/wp\/v2\/types\/post"}],"author":[{"embeddable":true,"href":"https:\/\/www.revolutionaere-front.de\/wordpress\/index.php?rest_route=\/wp\/v2\/users\/2"}],"replies":[{"embeddable":true,"href":"https:\/\/www.revolutionaere-front.de\/wordpress\/index.php?rest_route=%2Fwp%2Fv2%2Fcomments&post=1500"}],"version-history":[{"count":6,"href":"https:\/\/www.revolutionaere-front.de\/wordpress\/index.php?rest_route=\/wp\/v2\/posts\/1500\/revisions"}],"predecessor-version":[{"id":1523,"href":"https:\/\/www.revolutionaere-front.de\/wordpress\/index.php?rest_route=\/wp\/v2\/posts\/1500\/revisions\/1523"}],"wp:featuredmedia":[{"embeddable":true,"href":"https:\/\/www.revolutionaere-front.de\/wordpress\/index.php?rest_route=\/wp\/v2\/media\/1508"}],"wp:attachment":[{"href":"https:\/\/www.revolutionaere-front.de\/wordpress\/index.php?rest_route=%2Fwp%2Fv2%2Fmedia&parent=1500"}],"wp:term":[{"taxonomy":"category","embeddable":true,"href":"https:\/\/www.revolutionaere-front.de\/wordpress\/index.php?rest_route=%2Fwp%2Fv2%2Fcategories&post=1500"},{"taxonomy":"post_tag","embeddable":true,"href":"https:\/\/www.revolutionaere-front.de\/wordpress\/index.php?rest_route=%2Fwp%2Fv2%2Ftags&post=1500"}],"curies":[{"name":"wp","href":"https:\/\/api.w.org\/{rel}","templated":true}]}}