{"id":1527,"date":"2020-05-01T22:42:00","date_gmt":"2020-05-01T20:42:00","guid":{"rendered":"http:\/\/notstand-der-republik.de\/?p=1527"},"modified":"2022-03-04T20:32:36","modified_gmt":"2022-03-04T19:32:36","slug":"rote-fahnen-sieht-man-besser","status":"publish","type":"post","link":"https:\/\/www.revolutionaere-front.de\/wordpress\/?p=1527","title":{"rendered":"Rote Fahnen sieht man besser"},"content":{"rendered":"\n<p>Am 29.Februar 2020 fand in Frankfurt\/Main die erste Tagung des Arbeits-und Koordinationsausschuss der Revolution\u00e4ren Front&nbsp; statt. Anwesend waren Vertreter der Unterzeichner der Plattform \u201eRote Fahnen sieht man besser\u201c vom Juni 2019 sowie der Abteilungen der Revolution\u00e4ren Front aus M\u00fcnchen, Regensburg, N\u00fcrnberg, Frankfurt\/Main, K\u00f6ln, Bremen und Berlin. Ergebnis dieser Tagung war, das der &nbsp;Aufruf \u201e Rote Fahnen sieht man besser\u201c nach Diskussion in der Versammlung&nbsp; um einen Absatz erg\u00e4nzt wurde.<\/p>\n\n\n\n<p>Die besondere Schw\u00e4che und Ausweglosigkeit des deutschen\nImperialismus und die daraus erwachsende Aggressivit\u00e4t, die sich auch darin\nzeigen, dass neben die Ausbeutung zunehmend der Raub und die Auspl\u00fcnderung \u2013\nnach Au\u00dfen wie nach Innen \u2013 treten, hat die Versammlung als Wucherstaat charakterisiert\nund die Enteignung der Enteigner als Kampfziel der Revolution\u00e4ren Front zur Pflicht\nerkl\u00e4rt.<\/p>\n\n\n\n<p>Unsere politische Antwort zum Wucherstaat und die Erg\u00e4nzung\nder Plattform zum 8-Punkte-Programm der Revolution\u00e4ren Front wurden ebenso\nbeschlossen wie der Aufruf an die Arbeiter zu einem gemeinsamen, revolution\u00e4ren\nAuftreten unter der Roten Fahne am diesj\u00e4hrigen 1. Mai.<\/p>\n\n\n\n<p>Gew\u00e4hlt wurden auf der Tagung 7 Genossen f\u00fcr den \u201eZentralen\nRat &#8211; Revolution\u00e4re Front\u201c.<\/p>\n\n\n\n<div class=\"wp-block-file\"><a href=\"http:\/\/notstand-der-republik.de\/wordpress\/wp-content\/uploads\/2020\/05\/Aufruf_Rote-Fahnen_Februar2020_web.pdf\">Aufruf_Rote Fahnen_Februar2020_web<\/a><a href=\"http:\/\/notstand-der-republik.de\/wordpress\/wp-content\/uploads\/2020\/05\/Aufruf_Rote-Fahnen_Februar2020_web.pdf\" class=\"wp-block-file__button\" download>Herunterladen<\/a><\/div>\n\n\n\n<div class=\"wp-block-file\"><a href=\"http:\/\/notstand-der-republik.de\/wordpress\/wp-content\/uploads\/2020\/05\/\u00c7a\u011fr\u0131_Rote-Fahnen-sieht-man-besser_2020.pdf\">\u00c7a\u011fr\u0131_Rote Fahnen sieht man besser_2020<\/a><a href=\"http:\/\/notstand-der-republik.de\/wordpress\/wp-content\/uploads\/2020\/05\/\u00c7a\u011fr\u0131_Rote-Fahnen-sieht-man-besser_2020.pdf\" class=\"wp-block-file__button\" download>Herunterladen<\/a><\/div>\n\n\n\n<div class=\"wp-block-file\"><a href=\"http:\/\/notstand-der-republik.de\/wordpress\/wp-content\/uploads\/2020\/05\/Dringende-Aufforderung-TR.pdf\">Dringende Aufforderung TR<\/a><a href=\"http:\/\/notstand-der-republik.de\/wordpress\/wp-content\/uploads\/2020\/05\/Dringende-Aufforderung-TR.pdf\" class=\"wp-block-file__button\" download>Herunterladen<\/a><\/div>\n","protected":false},"excerpt":{"rendered":"<p>Am 29.Februar 2020 fand in Frankfurt\/Main die erste Tagung des Arbeits-und Koordinationsausschuss der Revolution\u00e4ren Front&nbsp; statt. Anwesend waren Vertreter der Unterzeichner der Plattform \u201eRote Fahnen sieht man besser\u201c vom Juni 2019 sowie der Abteilungen der Revolution\u00e4ren Front aus M\u00fcnchen, Regensburg, N\u00fcrnberg, Frankfurt\/Main, K\u00f6ln, Bremen und Berlin. Ergebnis dieser Tagung war, das der &nbsp;Aufruf \u201e Rote [&hellip;]<\/p>\n","protected":false},"author":2,"featured_media":1415,"comment_status":"closed","ping_status":"closed","sticky":false,"template":"","format":"standard","meta":{"footnotes":""},"categories":[1,16],"tags":[95,72,92,88,91,74,89],"class_list":["post-1527","post","type-post","status-publish","format-standard","has-post-thumbnail","hentry","category-ausschuss","category-erklaerungen","tag-arbeiterklasse","tag-arbeitermacht","tag-arbeiterregierung","tag-enteignung","tag-imperialismus","tag-revolutionaere-front","tag-wucherstaat"],"_links":{"self":[{"href":"https:\/\/www.revolutionaere-front.de\/wordpress\/index.php?rest_route=\/wp\/v2\/posts\/1527","targetHints":{"allow":["GET"]}}],"collection":[{"href":"https:\/\/www.revolutionaere-front.de\/wordpress\/index.php?rest_route=\/wp\/v2\/posts"}],"about":[{"href":"https:\/\/www.revolutionaere-front.de\/wordpress\/index.php?rest_route=\/wp\/v2\/types\/post"}],"author":[{"embeddable":true,"href":"https:\/\/www.revolutionaere-front.de\/wordpress\/index.php?rest_route=\/wp\/v2\/users\/2"}],"replies":[{"embeddable":true,"href":"https:\/\/www.revolutionaere-front.de\/wordpress\/index.php?rest_route=%2Fwp%2Fv2%2Fcomments&post=1527"}],"version-history":[{"count":6,"href":"https:\/\/www.revolutionaere-front.de\/wordpress\/index.php?rest_route=\/wp\/v2\/posts\/1527\/revisions"}],"predecessor-version":[{"id":2182,"href":"https:\/\/www.revolutionaere-front.de\/wordpress\/index.php?rest_route=\/wp\/v2\/posts\/1527\/revisions\/2182"}],"wp:featuredmedia":[{"embeddable":true,"href":"https:\/\/www.revolutionaere-front.de\/wordpress\/index.php?rest_route=\/wp\/v2\/media\/1415"}],"wp:attachment":[{"href":"https:\/\/www.revolutionaere-front.de\/wordpress\/index.php?rest_route=%2Fwp%2Fv2%2Fmedia&parent=1527"}],"wp:term":[{"taxonomy":"category","embeddable":true,"href":"https:\/\/www.revolutionaere-front.de\/wordpress\/index.php?rest_route=%2Fwp%2Fv2%2Fcategories&post=1527"},{"taxonomy":"post_tag","embeddable":true,"href":"https:\/\/www.revolutionaere-front.de\/wordpress\/index.php?rest_route=%2Fwp%2Fv2%2Ftags&post=1527"}],"curies":[{"name":"wp","href":"https:\/\/api.w.org\/{rel}","templated":true}]}}