{"id":1603,"date":"2020-09-09T23:05:58","date_gmt":"2020-09-09T21:05:58","guid":{"rendered":"http:\/\/www.notstand-der-republik.de\/?p=1603"},"modified":"2020-10-27T18:11:40","modified_gmt":"2020-10-27T17:11:40","slug":"arbeiter-maersche","status":"publish","type":"post","link":"https:\/\/www.revolutionaere-front.de\/wordpress\/?p=1603","title":{"rendered":"Arbeiterm\u00e4rsche"},"content":{"rendered":"\n<p class=\"has-text-align-center has-medium-font-size\"><strong>Gegen Regierung und Kapital<\/strong><\/p>\n\n\n\n<p class=\"has-text-align-center\"><strong>Die Milliarden in die Sozialkassen!<\/strong> <strong>Arbeiterkassen in Arbeiterhand!<\/strong><\/p>\n\n\n\n<p class=\"has-text-align-center\"><\/p>\n\n\n\n<p><strong>K\u00f6ln: 23. September<\/strong> &#8211; 16.00 Uhr Heumarkt                                                                             <strong>Frankfurt\/Main: 24. September<\/strong> &#8211; 16.00 Uhr IGM-Vorstandsgeb\u00e4ude &#8211; Wilhelm-Leuschner Stra\u00dfe 77                                                                                                                            <strong>N\u00fcrnberg: 25. September <\/strong>&#8211; 17.00 Uhr Ecke Franken-\/Markgrafenstra\u00dfe                                         <strong>Bremen: 26. September<\/strong> &#8211; 13.00 Gewerkschaftshaus                                                                                    <strong>M\u00fcnchen 26. September<\/strong> &#8211; 11.30 Uhr Gewerkschaftshaus                                                                    Schwanthalerstra\u00dfe 64                                                                                                                                                                  <strong>Regensburg 26. September <\/strong>&#8211; 15.00 Uhr Gewerkschaftshaus                                                                                <strong>Berlin: 3. Oktober<\/strong> &#8211; 13.00 Uhr Frankfurter Tor<\/p>\n\n\n\n<p class=\"has-black-color has-text-color\">Das Werk von uns Arbeitern und Werkt\u00e4tigen kann nur sein:                                     <strong>Wir zahlen ihre Schulden nicht.<\/strong> Statt 9 Billionen Raub am Volksverm\u00f6gen durch die Milliard\u00e4re, <strong>die Milliarden in die Sozialkassen \u2013 Arbeiterkassen in Arbeiterhand<\/strong>. Wir Arbeiter haben die Fabriken und Maschinen gebaut \u2013 <strong>Wir bleiben \u2013 Entlassen werden die Kapitalisten<\/strong>. Statt Kapitalwillk\u00fcr stellen wir die Arbeitermacht.<\/p>\n\n\n\n<p class=\"has-vivid-red-color has-cyan-bluish-gray-background-color has-text-color has-background has-normal-font-size\"><strong>\u201eDer Kapitalismus ist schwach und ruiniert. Es liegt an uns, ihn mit der Arbeiterbewegung zu schlagen und zu besiegen!\u201c<\/strong><\/p>\n\n\n\n<p><a href=\"http:\/\/www.notstand-der-republik.de\/wordpress\/wp-content\/uploads\/2020\/09\/Aufruf_web.pdf\">Aufruf als pdf<\/a><\/p>\n\n\n\n<p><a href=\"http:\/\/www.notstand-der-republik.de\/wordpress\/wp-content\/uploads\/2020\/09\/Aufruf-2020ArbeitermarschTr.pdf\" data-type=\"URL\" data-id=\"http:\/\/www.notstand-der-republik.de\/wordpress\/wp-content\/uploads\/2020\/09\/Aufruf-2020ArbeitermarschTr.pdf\">Aufruf in t\u00fcrkischer \u00dcbersetzung<\/a><\/p>\n\n\n\n<p><a href=\"http:\/\/www.notstand-der-republik.de\/wordpress\/wp-content\/uploads\/2020\/09\/Aufruf_Arbeitermarsch-2020.pdf\">Flugschrift komplett als pdf<\/a><\/p>\n\n\n\n<p><\/p>\n","protected":false},"excerpt":{"rendered":"<p>Gegen Regierung und Kapital Die Milliarden in die Sozialkassen! Arbeiterkassen in Arbeiterhand! K\u00f6ln: 23. September &#8211; 16.00 Uhr Heumarkt Frankfurt\/Main: 24. September &#8211; 16.00 Uhr IGM-Vorstandsgeb\u00e4ude &#8211; Wilhelm-Leuschner Stra\u00dfe 77 N\u00fcrnberg: 25. September &#8211; 17.00 Uhr Ecke Franken-\/Markgrafenstra\u00dfe Bremen: 26. September &#8211; 13.00 Gewerkschaftshaus M\u00fcnchen 26. September &#8211; 11.30 Uhr Gewerkschaftshaus Schwanthalerstra\u00dfe 64 Regensburg 26. [&hellip;]<\/p>\n","protected":false},"author":2,"featured_media":1628,"comment_status":"closed","ping_status":"closed","sticky":false,"template":"","format":"standard","meta":{"footnotes":""},"categories":[15],"tags":[],"class_list":["post-1603","post","type-post","status-publish","format-standard","has-post-thumbnail","hentry","category-aktionen"],"_links":{"self":[{"href":"https:\/\/www.revolutionaere-front.de\/wordpress\/index.php?rest_route=\/wp\/v2\/posts\/1603","targetHints":{"allow":["GET"]}}],"collection":[{"href":"https:\/\/www.revolutionaere-front.de\/wordpress\/index.php?rest_route=\/wp\/v2\/posts"}],"about":[{"href":"https:\/\/www.revolutionaere-front.de\/wordpress\/index.php?rest_route=\/wp\/v2\/types\/post"}],"author":[{"embeddable":true,"href":"https:\/\/www.revolutionaere-front.de\/wordpress\/index.php?rest_route=\/wp\/v2\/users\/2"}],"replies":[{"embeddable":true,"href":"https:\/\/www.revolutionaere-front.de\/wordpress\/index.php?rest_route=%2Fwp%2Fv2%2Fcomments&post=1603"}],"version-history":[{"count":16,"href":"https:\/\/www.revolutionaere-front.de\/wordpress\/index.php?rest_route=\/wp\/v2\/posts\/1603\/revisions"}],"predecessor-version":[{"id":1679,"href":"https:\/\/www.revolutionaere-front.de\/wordpress\/index.php?rest_route=\/wp\/v2\/posts\/1603\/revisions\/1679"}],"wp:featuredmedia":[{"embeddable":true,"href":"https:\/\/www.revolutionaere-front.de\/wordpress\/index.php?rest_route=\/wp\/v2\/media\/1628"}],"wp:attachment":[{"href":"https:\/\/www.revolutionaere-front.de\/wordpress\/index.php?rest_route=%2Fwp%2Fv2%2Fmedia&parent=1603"}],"wp:term":[{"taxonomy":"category","embeddable":true,"href":"https:\/\/www.revolutionaere-front.de\/wordpress\/index.php?rest_route=%2Fwp%2Fv2%2Fcategories&post=1603"},{"taxonomy":"post_tag","embeddable":true,"href":"https:\/\/www.revolutionaere-front.de\/wordpress\/index.php?rest_route=%2Fwp%2Fv2%2Ftags&post=1603"}],"curies":[{"name":"wp","href":"https:\/\/api.w.org\/{rel}","templated":true}]}}