{"id":1859,"date":"2021-06-02T22:18:09","date_gmt":"2021-06-02T20:18:09","guid":{"rendered":"https:\/\/www.notstand-der-republik.de\/?p=1859"},"modified":"2021-06-08T22:33:53","modified_gmt":"2021-06-08T20:33:53","slug":"aktionstage-continental","status":"publish","type":"post","link":"https:\/\/www.revolutionaere-front.de\/wordpress\/?p=1859","title":{"rendered":"Aktionstage Continental"},"content":{"rendered":"\n<p class=\"has-vivid-red-color has-text-color\" style=\"font-size:45px\"><strong>Keine Entlassung!<\/strong><\/p>\n\n\n\n<p class=\"has-vivid-red-color has-text-color\" style=\"font-size:22px\"><strong>Darum:<\/strong><\/p>\n\n\n\n<p class=\"has-vivid-red-color has-text-color\" style=\"font-size:45px\"><strong>Streik + Betriebsbesetzung<\/strong><\/p>\n\n\n\n<p style=\"font-size:21px\"><strong>16. Juni: Hannover<\/strong>     &#8211;    <strong>17. Juni: Frankfurt (Karben)<\/strong><\/p>\n\n\n\n<p style=\"font-size:21px\"><strong>30. Juni: N\u00fcrnberg<\/strong>     &#8211;     <strong>1<\/strong>. <strong>Juli: Regensburg<\/strong><\/p>\n\n\n\n<p class=\"has-text-align-left has-black-color has-text-color\" style=\"font-size:18px\">Am 1. September 2020, dem Antikriegstag, erkl\u00e4rte Oberleutnant Georg Schaeffler 30.000 Conti-Arbeitern weltweit und 13.000 hierzulande den Krieg. Milliard\u00e4r Georg Schaeffler (Privatverm\u00f6gen 12,64 Milliarden Euro) wies kurzerhand seinen Vorstand an, die Conti-Werke in Karben, Babenhausen, Aachen, Rheinb\u00f6llen zu schlie\u00dfen (Roding war schon vorher beschlossene Sache).<br><strong>Antworten nach Arbeiterart hei\u00dft:<\/strong><br>Wir Arbeiter in allen Conti-Betrieben sind st\u00e4rker als ein paar Milliard\u00e4re. Unsere Waffe ist der gemeinsame Streik und die Betriebsbesetzung. Wir wissen: 5 Finger kann man brechen \u2013 aber nicht die Faust! Wir haben eine Zukunft \u2013 die jetzigen Fabrikbesitzer nicht.<br><strong>Wir bleiben \u2013 entlassen werden die Kapitalisten!<\/strong><\/p>\n\n\n\n<p><a href=\"https:\/\/www.notstand-der-republik.de\/wordpress\/wp-content\/uploads\/2021\/06\/03_RF_Flugschrift-Continental_06-2021_klein.pdf\">Hier die Flugschrift als Druckdatei im pdf<\/a><\/p>\n\n\n\n<figure class=\"wp-block-image size-large\"><img loading=\"lazy\" decoding=\"async\" width=\"724\" height=\"1024\" src=\"https:\/\/www.notstand-der-republik.de\/wordpress\/wp-content\/uploads\/2021\/06\/Seite1-724x1024.png\" alt=\"\" class=\"wp-image-1887\" srcset=\"https:\/\/www.revolutionaere-front.de\/wordpress\/wp-content\/uploads\/2021\/06\/Seite1-724x1024.png 724w, https:\/\/www.revolutionaere-front.de\/wordpress\/wp-content\/uploads\/2021\/06\/Seite1-212x300.png 212w, https:\/\/www.revolutionaere-front.de\/wordpress\/wp-content\/uploads\/2021\/06\/Seite1-1086x1536.png 1086w, https:\/\/www.revolutionaere-front.de\/wordpress\/wp-content\/uploads\/2021\/06\/Seite1-1448x2048.png 1448w, https:\/\/www.revolutionaere-front.de\/wordpress\/wp-content\/uploads\/2021\/06\/Seite1.png 1654w\" sizes=\"auto, (max-width: 724px) 100vw, 724px\" \/><\/figure>\n\n\n\n<figure class=\"wp-block-image size-large\"><img loading=\"lazy\" decoding=\"async\" width=\"724\" height=\"1024\" src=\"https:\/\/www.notstand-der-republik.de\/wordpress\/wp-content\/uploads\/2021\/06\/Seite2-724x1024.png\" alt=\"\" class=\"wp-image-1888\" srcset=\"https:\/\/www.revolutionaere-front.de\/wordpress\/wp-content\/uploads\/2021\/06\/Seite2-724x1024.png 724w, https:\/\/www.revolutionaere-front.de\/wordpress\/wp-content\/uploads\/2021\/06\/Seite2-212x300.png 212w, https:\/\/www.revolutionaere-front.de\/wordpress\/wp-content\/uploads\/2021\/06\/Seite2-1086x1536.png 1086w, https:\/\/www.revolutionaere-front.de\/wordpress\/wp-content\/uploads\/2021\/06\/Seite2-1448x2048.png 1448w, https:\/\/www.revolutionaere-front.de\/wordpress\/wp-content\/uploads\/2021\/06\/Seite2.png 1654w\" sizes=\"auto, (max-width: 724px) 100vw, 724px\" \/><\/figure>\n\n\n\n<figure class=\"wp-block-image size-large\"><img loading=\"lazy\" decoding=\"async\" width=\"724\" height=\"1024\" src=\"https:\/\/www.notstand-der-republik.de\/wordpress\/wp-content\/uploads\/2021\/06\/Seite3-724x1024.png\" alt=\"\" class=\"wp-image-1889\" srcset=\"https:\/\/www.revolutionaere-front.de\/wordpress\/wp-content\/uploads\/2021\/06\/Seite3-724x1024.png 724w, https:\/\/www.revolutionaere-front.de\/wordpress\/wp-content\/uploads\/2021\/06\/Seite3-212x300.png 212w, https:\/\/www.revolutionaere-front.de\/wordpress\/wp-content\/uploads\/2021\/06\/Seite3-1086x1536.png 1086w, https:\/\/www.revolutionaere-front.de\/wordpress\/wp-content\/uploads\/2021\/06\/Seite3-1448x2048.png 1448w, https:\/\/www.revolutionaere-front.de\/wordpress\/wp-content\/uploads\/2021\/06\/Seite3.png 1654w\" sizes=\"auto, (max-width: 724px) 100vw, 724px\" \/><\/figure>\n\n\n\n<figure class=\"wp-block-image size-large\"><img loading=\"lazy\" decoding=\"async\" width=\"724\" height=\"1024\" src=\"https:\/\/www.notstand-der-republik.de\/wordpress\/wp-content\/uploads\/2021\/06\/Seite4-724x1024.png\" alt=\"\" class=\"wp-image-1890\" srcset=\"https:\/\/www.revolutionaere-front.de\/wordpress\/wp-content\/uploads\/2021\/06\/Seite4-724x1024.png 724w, https:\/\/www.revolutionaere-front.de\/wordpress\/wp-content\/uploads\/2021\/06\/Seite4-212x300.png 212w, https:\/\/www.revolutionaere-front.de\/wordpress\/wp-content\/uploads\/2021\/06\/Seite4-1086x1536.png 1086w, https:\/\/www.revolutionaere-front.de\/wordpress\/wp-content\/uploads\/2021\/06\/Seite4-1448x2048.png 1448w, https:\/\/www.revolutionaere-front.de\/wordpress\/wp-content\/uploads\/2021\/06\/Seite4.png 1654w\" sizes=\"auto, (max-width: 724px) 100vw, 724px\" \/><\/figure>\n\n\n\n<p><a href=\"https:\/\/www.notstand-der-republik.de\/wordpress\/wp-content\/uploads\/2021\/06\/01_RF_Faktenblatt-Continental_06-2021.pdf\">Hier das Faktenblatt als pdf<\/a><\/p>\n\n\n\n<figure class=\"wp-block-image size-large\"><img loading=\"lazy\" decoding=\"async\" width=\"724\" height=\"1024\" src=\"https:\/\/www.notstand-der-republik.de\/wordpress\/wp-content\/uploads\/2021\/06\/Faktenblatt-Continental1-724x1024.png\" alt=\"\" class=\"wp-image-1893\" srcset=\"https:\/\/www.revolutionaere-front.de\/wordpress\/wp-content\/uploads\/2021\/06\/Faktenblatt-Continental1-724x1024.png 724w, https:\/\/www.revolutionaere-front.de\/wordpress\/wp-content\/uploads\/2021\/06\/Faktenblatt-Continental1-212x300.png 212w, https:\/\/www.revolutionaere-front.de\/wordpress\/wp-content\/uploads\/2021\/06\/Faktenblatt-Continental1-1086x1536.png 1086w, https:\/\/www.revolutionaere-front.de\/wordpress\/wp-content\/uploads\/2021\/06\/Faktenblatt-Continental1-1448x2048.png 1448w, https:\/\/www.revolutionaere-front.de\/wordpress\/wp-content\/uploads\/2021\/06\/Faktenblatt-Continental1.png 1654w\" sizes=\"auto, (max-width: 724px) 100vw, 724px\" \/><\/figure>\n\n\n\n<figure class=\"wp-block-image size-large\"><img loading=\"lazy\" decoding=\"async\" width=\"724\" height=\"1024\" src=\"https:\/\/www.notstand-der-republik.de\/wordpress\/wp-content\/uploads\/2021\/06\/Faktenblatt-Continental2-724x1024.png\" alt=\"\" class=\"wp-image-1894\" srcset=\"https:\/\/www.revolutionaere-front.de\/wordpress\/wp-content\/uploads\/2021\/06\/Faktenblatt-Continental2-724x1024.png 724w, https:\/\/www.revolutionaere-front.de\/wordpress\/wp-content\/uploads\/2021\/06\/Faktenblatt-Continental2-212x300.png 212w, https:\/\/www.revolutionaere-front.de\/wordpress\/wp-content\/uploads\/2021\/06\/Faktenblatt-Continental2-1086x1536.png 1086w, https:\/\/www.revolutionaere-front.de\/wordpress\/wp-content\/uploads\/2021\/06\/Faktenblatt-Continental2-1448x2048.png 1448w, https:\/\/www.revolutionaere-front.de\/wordpress\/wp-content\/uploads\/2021\/06\/Faktenblatt-Continental2.png 1654w\" sizes=\"auto, (max-width: 724px) 100vw, 724px\" \/><\/figure>\n","protected":false},"excerpt":{"rendered":"<p>Keine Entlassung! Darum: Streik + Betriebsbesetzung 16. Juni: Hannover &#8211; 17. Juni: Frankfurt (Karben) 30. Juni: N\u00fcrnberg &#8211; 1. Juli: Regensburg Am 1. September 2020, dem Antikriegstag, erkl\u00e4rte Oberleutnant Georg Schaeffler 30.000 Conti-Arbeitern weltweit und 13.000 hierzulande den Krieg. Milliard\u00e4r Georg Schaeffler (Privatverm\u00f6gen 12,64 Milliarden Euro) wies kurzerhand seinen Vorstand an, die Conti-Werke in Karben, [&hellip;]<\/p>\n","protected":false},"author":2,"featured_media":1864,"comment_status":"closed","ping_status":"closed","sticky":false,"template":"","format":"standard","meta":{"footnotes":""},"categories":[15],"tags":[],"class_list":["post-1859","post","type-post","status-publish","format-standard","has-post-thumbnail","hentry","category-aktionen"],"_links":{"self":[{"href":"https:\/\/www.revolutionaere-front.de\/wordpress\/index.php?rest_route=\/wp\/v2\/posts\/1859","targetHints":{"allow":["GET"]}}],"collection":[{"href":"https:\/\/www.revolutionaere-front.de\/wordpress\/index.php?rest_route=\/wp\/v2\/posts"}],"about":[{"href":"https:\/\/www.revolutionaere-front.de\/wordpress\/index.php?rest_route=\/wp\/v2\/types\/post"}],"author":[{"embeddable":true,"href":"https:\/\/www.revolutionaere-front.de\/wordpress\/index.php?rest_route=\/wp\/v2\/users\/2"}],"replies":[{"embeddable":true,"href":"https:\/\/www.revolutionaere-front.de\/wordpress\/index.php?rest_route=%2Fwp%2Fv2%2Fcomments&post=1859"}],"version-history":[{"count":17,"href":"https:\/\/www.revolutionaere-front.de\/wordpress\/index.php?rest_route=\/wp\/v2\/posts\/1859\/revisions"}],"predecessor-version":[{"id":1901,"href":"https:\/\/www.revolutionaere-front.de\/wordpress\/index.php?rest_route=\/wp\/v2\/posts\/1859\/revisions\/1901"}],"wp:featuredmedia":[{"embeddable":true,"href":"https:\/\/www.revolutionaere-front.de\/wordpress\/index.php?rest_route=\/wp\/v2\/media\/1864"}],"wp:attachment":[{"href":"https:\/\/www.revolutionaere-front.de\/wordpress\/index.php?rest_route=%2Fwp%2Fv2%2Fmedia&parent=1859"}],"wp:term":[{"taxonomy":"category","embeddable":true,"href":"https:\/\/www.revolutionaere-front.de\/wordpress\/index.php?rest_route=%2Fwp%2Fv2%2Fcategories&post=1859"},{"taxonomy":"post_tag","embeddable":true,"href":"https:\/\/www.revolutionaere-front.de\/wordpress\/index.php?rest_route=%2Fwp%2Fv2%2Ftags&post=1859"}],"curies":[{"name":"wp","href":"https:\/\/api.w.org\/{rel}","templated":true}]}}