{"id":1929,"date":"2021-07-25T21:54:49","date_gmt":"2021-07-25T19:54:49","guid":{"rendered":"https:\/\/www.notstand-der-republik.de\/?p=1929"},"modified":"2021-07-26T00:20:32","modified_gmt":"2021-07-25T22:20:32","slug":"aktionstage-conti-teil-2","status":"publish","type":"post","link":"https:\/\/www.revolutionaere-front.de\/wordpress\/?p=1929","title":{"rendered":"Aktionstage Conti Teil 2"},"content":{"rendered":"\n<p>Einige Bilder von den Aktionstagen in N\u00fcrnberg und Regensburg<\/p>\n\n\n\n<figure class=\"wp-block-image size-full\"><img loading=\"lazy\" decoding=\"async\" width=\"1500\" height=\"2167\" src=\"https:\/\/www.notstand-der-republik.de\/wordpress\/wp-content\/uploads\/2021\/07\/Conti_N1.jpg\" alt=\"\" class=\"wp-image-1949\" srcset=\"https:\/\/www.revolutionaere-front.de\/wordpress\/wp-content\/uploads\/2021\/07\/Conti_N1.jpg 1500w, https:\/\/www.revolutionaere-front.de\/wordpress\/wp-content\/uploads\/2021\/07\/Conti_N1-208x300.jpg 208w, https:\/\/www.revolutionaere-front.de\/wordpress\/wp-content\/uploads\/2021\/07\/Conti_N1-709x1024.jpg 709w, https:\/\/www.revolutionaere-front.de\/wordpress\/wp-content\/uploads\/2021\/07\/Conti_N1-1063x1536.jpg 1063w, https:\/\/www.revolutionaere-front.de\/wordpress\/wp-content\/uploads\/2021\/07\/Conti_N1-1418x2048.jpg 1418w\" sizes=\"auto, (max-width: 1500px) 100vw, 1500px\" \/><\/figure>\n\n\n\n<figure class=\"wp-block-image size-full\"><img loading=\"lazy\" decoding=\"async\" width=\"1500\" height=\"2167\" src=\"https:\/\/www.notstand-der-republik.de\/wordpress\/wp-content\/uploads\/2021\/07\/Conti_N2.jpg\" alt=\"\" class=\"wp-image-1950\" srcset=\"https:\/\/www.revolutionaere-front.de\/wordpress\/wp-content\/uploads\/2021\/07\/Conti_N2.jpg 1500w, https:\/\/www.revolutionaere-front.de\/wordpress\/wp-content\/uploads\/2021\/07\/Conti_N2-208x300.jpg 208w, https:\/\/www.revolutionaere-front.de\/wordpress\/wp-content\/uploads\/2021\/07\/Conti_N2-709x1024.jpg 709w, https:\/\/www.revolutionaere-front.de\/wordpress\/wp-content\/uploads\/2021\/07\/Conti_N2-1063x1536.jpg 1063w, https:\/\/www.revolutionaere-front.de\/wordpress\/wp-content\/uploads\/2021\/07\/Conti_N2-1418x2048.jpg 1418w\" sizes=\"auto, (max-width: 1500px) 100vw, 1500px\" \/><figcaption><a href=\"https:\/\/www.notstand-der-republik.de\/wordpress\/wp-content\/uploads\/2021\/07\/Conti_N.pdf\">Bildbericht Aktionstage Conti N\u00fcrnberg als pdf<\/a><\/figcaption><\/figure>\n\n\n\n<figure class=\"wp-block-image size-large\"><img loading=\"lazy\" decoding=\"async\" width=\"1024\" height=\"724\" src=\"https:\/\/www.notstand-der-republik.de\/wordpress\/wp-content\/uploads\/2021\/07\/ATContiR-S1-1024x724.jpg\" alt=\"\" class=\"wp-image-1951\" srcset=\"https:\/\/www.revolutionaere-front.de\/wordpress\/wp-content\/uploads\/2021\/07\/ATContiR-S1-1024x724.jpg 1024w, https:\/\/www.revolutionaere-front.de\/wordpress\/wp-content\/uploads\/2021\/07\/ATContiR-S1-300x212.jpg 300w, https:\/\/www.revolutionaere-front.de\/wordpress\/wp-content\/uploads\/2021\/07\/ATContiR-S1-1536x1086.jpg 1536w, https:\/\/www.revolutionaere-front.de\/wordpress\/wp-content\/uploads\/2021\/07\/ATContiR-S1-2048x1447.jpg 2048w\" sizes=\"auto, (max-width: 1024px) 100vw, 1024px\" \/><\/figure>\n\n\n\n<figure class=\"wp-block-image size-large\"><img loading=\"lazy\" decoding=\"async\" width=\"1024\" height=\"724\" src=\"https:\/\/www.notstand-der-republik.de\/wordpress\/wp-content\/uploads\/2021\/07\/ATContiR-S2-1024x724.jpg\" alt=\"\" class=\"wp-image-1952\" srcset=\"https:\/\/www.revolutionaere-front.de\/wordpress\/wp-content\/uploads\/2021\/07\/ATContiR-S2-1024x724.jpg 1024w, https:\/\/www.revolutionaere-front.de\/wordpress\/wp-content\/uploads\/2021\/07\/ATContiR-S2-300x212.jpg 300w, https:\/\/www.revolutionaere-front.de\/wordpress\/wp-content\/uploads\/2021\/07\/ATContiR-S2-1536x1086.jpg 1536w, https:\/\/www.revolutionaere-front.de\/wordpress\/wp-content\/uploads\/2021\/07\/ATContiR-S2-2048x1447.jpg 2048w\" sizes=\"auto, (max-width: 1024px) 100vw, 1024px\" \/><\/figure>\n\n\n\n<figure class=\"wp-block-image size-large\"><img loading=\"lazy\" decoding=\"async\" width=\"1024\" height=\"724\" src=\"https:\/\/www.notstand-der-republik.de\/wordpress\/wp-content\/uploads\/2021\/07\/ATContiR-S3-1024x724.jpg\" alt=\"\" class=\"wp-image-1953\" srcset=\"https:\/\/www.revolutionaere-front.de\/wordpress\/wp-content\/uploads\/2021\/07\/ATContiR-S3-1024x724.jpg 1024w, https:\/\/www.revolutionaere-front.de\/wordpress\/wp-content\/uploads\/2021\/07\/ATContiR-S3-300x212.jpg 300w, https:\/\/www.revolutionaere-front.de\/wordpress\/wp-content\/uploads\/2021\/07\/ATContiR-S3-1536x1086.jpg 1536w, https:\/\/www.revolutionaere-front.de\/wordpress\/wp-content\/uploads\/2021\/07\/ATContiR-S3-2048x1447.jpg 2048w\" sizes=\"auto, (max-width: 1024px) 100vw, 1024px\" \/><figcaption><a href=\"https:\/\/www.notstand-der-republik.de\/wordpress\/wp-content\/uploads\/2021\/07\/neuATContiR.pdf\">Bildbericht Aktionstage Conti Regensburg als pdf<\/a><\/figcaption><\/figure>\n\n\n\n<p>Aktionstag <strong>N\u00fcrnberg am 30. Juni 2021<\/strong><\/p>\n\n\n\n<p class=\"has-luminous-vivid-amber-color has-vivid-red-background-color has-text-color has-background\" style=\"font-size:18px\"><strong>13.00 Uhr &#8211; 14.30 Uhr Continental Vitesco (Sieboldstra\u00dfe)<\/strong><\/p>\n\n\n\n<p class=\"has-luminous-vivid-amber-color has-vivid-red-background-color has-text-color has-background\" style=\"font-size:18px\"><strong>Arbeitermarsch: 19.00 Uhr Aufsessplatz<\/strong><\/p>\n\n\n\n<p class=\"has-luminous-vivid-amber-color has-text-color has-background\" style=\"background-color:#0b4b71;font-size:18px\"><strong>FDJ Aktionstage &#8222;<em>Seit 85 Jahren f\u00fcr Revolution und Sozialismu<\/em>s&#8220;: <\/strong>Vormittags an Schulen, Nachmittags Aktionen im Stadtteil, 17:00 Uhr Demo vom Justizpalast mit Transparentaktion an der Theodor-Heuss-Br\u00fccke<\/p>\n\n\n\n<div class=\"wp-block-columns is-layout-flex wp-container-core-columns-is-layout-9d6595d7 wp-block-columns-is-layout-flex\">\n<div class=\"wp-block-column is-layout-flow wp-block-column-is-layout-flow\" style=\"flex-basis:100%\">\n<figure class=\"wp-block-image size-full\"><img loading=\"lazy\" decoding=\"async\" width=\"1653\" height=\"2339\" src=\"https:\/\/www.notstand-der-republik.de\/wordpress\/wp-content\/uploads\/2021\/06\/Seite-1-aus-RF-N_30.Juni-21-Kopie.jpg\" alt=\"\" class=\"wp-image-1937\" srcset=\"https:\/\/www.revolutionaere-front.de\/wordpress\/wp-content\/uploads\/2021\/06\/Seite-1-aus-RF-N_30.Juni-21-Kopie.jpg 1653w, https:\/\/www.revolutionaere-front.de\/wordpress\/wp-content\/uploads\/2021\/06\/Seite-1-aus-RF-N_30.Juni-21-Kopie-212x300.jpg 212w, https:\/\/www.revolutionaere-front.de\/wordpress\/wp-content\/uploads\/2021\/06\/Seite-1-aus-RF-N_30.Juni-21-Kopie-724x1024.jpg 724w, https:\/\/www.revolutionaere-front.de\/wordpress\/wp-content\/uploads\/2021\/06\/Seite-1-aus-RF-N_30.Juni-21-Kopie-1086x1536.jpg 1086w, https:\/\/www.revolutionaere-front.de\/wordpress\/wp-content\/uploads\/2021\/06\/Seite-1-aus-RF-N_30.Juni-21-Kopie-1447x2048.jpg 1447w\" sizes=\"auto, (max-width: 1653px) 100vw, 1653px\" \/><\/figure>\n\n\n\n<figure class=\"wp-block-image size-full\"><img loading=\"lazy\" decoding=\"async\" width=\"1653\" height=\"2339\" src=\"https:\/\/www.notstand-der-republik.de\/wordpress\/wp-content\/uploads\/2021\/06\/Seite-2-aus-RF-N_30.Juni-21-2-Kopie.jpg\" alt=\"\" class=\"wp-image-1938\" srcset=\"https:\/\/www.revolutionaere-front.de\/wordpress\/wp-content\/uploads\/2021\/06\/Seite-2-aus-RF-N_30.Juni-21-2-Kopie.jpg 1653w, https:\/\/www.revolutionaere-front.de\/wordpress\/wp-content\/uploads\/2021\/06\/Seite-2-aus-RF-N_30.Juni-21-2-Kopie-212x300.jpg 212w, https:\/\/www.revolutionaere-front.de\/wordpress\/wp-content\/uploads\/2021\/06\/Seite-2-aus-RF-N_30.Juni-21-2-Kopie-724x1024.jpg 724w, https:\/\/www.revolutionaere-front.de\/wordpress\/wp-content\/uploads\/2021\/06\/Seite-2-aus-RF-N_30.Juni-21-2-Kopie-1086x1536.jpg 1086w, https:\/\/www.revolutionaere-front.de\/wordpress\/wp-content\/uploads\/2021\/06\/Seite-2-aus-RF-N_30.Juni-21-2-Kopie-1447x2048.jpg 1447w\" sizes=\"auto, (max-width: 1653px) 100vw, 1653px\" \/><\/figure>\n\n\n\n<p><a href=\"https:\/\/www.notstand-der-republik.de\/wordpress\/wp-content\/uploads\/2021\/06\/RF-N_30.Juni-21.pdf\">Die Flugschrift als pdf<\/a><\/p>\n<\/div>\n<\/div>\n\n\n\n<p style=\"font-size:30px\">Aktionstag <strong>Regensburg am 1. Juli 2021<\/strong><\/p>\n\n\n\n<p class=\"has-luminous-vivid-amber-color has-vivid-red-background-color has-text-color has-background\" style=\"font-size:18px\">15.00 Uhr Demonstration von Continental durchs Stadtviertel<\/p>\n\n\n\n<p class=\"has-luminous-vivid-amber-color has-text-color has-background\" style=\"background-color:#034764;font-size:18px\">18:30 Uhr Steinerne Br\u00fccke, Demonstration \u201eSchulter an Schulter gegen Faschismus\u201c durch die Innenstadt<\/p>\n\n\n\n<figure class=\"wp-block-image size-full\"><img loading=\"lazy\" decoding=\"async\" width=\"1653\" height=\"2339\" src=\"https:\/\/www.notstand-der-republik.de\/wordpress\/wp-content\/uploads\/2021\/06\/Seite1-aus-Aktionstag-Conti-RF-R-Kopie.jpg\" alt=\"\" class=\"wp-image-1939\" srcset=\"https:\/\/www.revolutionaere-front.de\/wordpress\/wp-content\/uploads\/2021\/06\/Seite1-aus-Aktionstag-Conti-RF-R-Kopie.jpg 1653w, https:\/\/www.revolutionaere-front.de\/wordpress\/wp-content\/uploads\/2021\/06\/Seite1-aus-Aktionstag-Conti-RF-R-Kopie-212x300.jpg 212w, https:\/\/www.revolutionaere-front.de\/wordpress\/wp-content\/uploads\/2021\/06\/Seite1-aus-Aktionstag-Conti-RF-R-Kopie-724x1024.jpg 724w, https:\/\/www.revolutionaere-front.de\/wordpress\/wp-content\/uploads\/2021\/06\/Seite1-aus-Aktionstag-Conti-RF-R-Kopie-1086x1536.jpg 1086w, https:\/\/www.revolutionaere-front.de\/wordpress\/wp-content\/uploads\/2021\/06\/Seite1-aus-Aktionstag-Conti-RF-R-Kopie-1447x2048.jpg 1447w\" sizes=\"auto, (max-width: 1653px) 100vw, 1653px\" \/><\/figure>\n\n\n\n<figure class=\"wp-block-image size-full\"><img loading=\"lazy\" decoding=\"async\" width=\"1653\" height=\"2339\" src=\"https:\/\/www.notstand-der-republik.de\/wordpress\/wp-content\/uploads\/2021\/06\/Seite2-aus-Aktionstag-Conti-RF-R2.jpg\" alt=\"\" class=\"wp-image-1940\" srcset=\"https:\/\/www.revolutionaere-front.de\/wordpress\/wp-content\/uploads\/2021\/06\/Seite2-aus-Aktionstag-Conti-RF-R2.jpg 1653w, https:\/\/www.revolutionaere-front.de\/wordpress\/wp-content\/uploads\/2021\/06\/Seite2-aus-Aktionstag-Conti-RF-R2-212x300.jpg 212w, https:\/\/www.revolutionaere-front.de\/wordpress\/wp-content\/uploads\/2021\/06\/Seite2-aus-Aktionstag-Conti-RF-R2-724x1024.jpg 724w, https:\/\/www.revolutionaere-front.de\/wordpress\/wp-content\/uploads\/2021\/06\/Seite2-aus-Aktionstag-Conti-RF-R2-1086x1536.jpg 1086w, https:\/\/www.revolutionaere-front.de\/wordpress\/wp-content\/uploads\/2021\/06\/Seite2-aus-Aktionstag-Conti-RF-R2-1447x2048.jpg 1447w\" sizes=\"auto, (max-width: 1653px) 100vw, 1653px\" \/><\/figure>\n\n\n\n<p><a href=\"https:\/\/www.notstand-der-republik.de\/wordpress\/wp-content\/uploads\/2021\/06\/Aktionstag-Conti-RF-R.pdf\">Die Flugschrift als pdf<\/a><\/p>\n","protected":false},"excerpt":{"rendered":"<p>Einige Bilder von den Aktionstagen in N\u00fcrnberg und Regensburg Aktionstag N\u00fcrnberg am 30. Juni 2021 13.00 Uhr &#8211; 14.30 Uhr Continental Vitesco (Sieboldstra\u00dfe) Arbeitermarsch: 19.00 Uhr Aufsessplatz FDJ Aktionstage &#8222;Seit 85 Jahren f\u00fcr Revolution und Sozialismus&#8220;: Vormittags an Schulen, Nachmittags Aktionen im Stadtteil, 17:00 Uhr Demo vom Justizpalast mit Transparentaktion an der Theodor-Heuss-Br\u00fccke Die Flugschrift [&hellip;]<\/p>\n","protected":false},"author":2,"featured_media":1915,"comment_status":"closed","ping_status":"closed","sticky":false,"template":"","format":"standard","meta":{"footnotes":""},"categories":[15],"tags":[],"class_list":["post-1929","post","type-post","status-publish","format-standard","has-post-thumbnail","hentry","category-aktionen"],"_links":{"self":[{"href":"https:\/\/www.revolutionaere-front.de\/wordpress\/index.php?rest_route=\/wp\/v2\/posts\/1929","targetHints":{"allow":["GET"]}}],"collection":[{"href":"https:\/\/www.revolutionaere-front.de\/wordpress\/index.php?rest_route=\/wp\/v2\/posts"}],"about":[{"href":"https:\/\/www.revolutionaere-front.de\/wordpress\/index.php?rest_route=\/wp\/v2\/types\/post"}],"author":[{"embeddable":true,"href":"https:\/\/www.revolutionaere-front.de\/wordpress\/index.php?rest_route=\/wp\/v2\/users\/2"}],"replies":[{"embeddable":true,"href":"https:\/\/www.revolutionaere-front.de\/wordpress\/index.php?rest_route=%2Fwp%2Fv2%2Fcomments&post=1929"}],"version-history":[{"count":15,"href":"https:\/\/www.revolutionaere-front.de\/wordpress\/index.php?rest_route=\/wp\/v2\/posts\/1929\/revisions"}],"predecessor-version":[{"id":1985,"href":"https:\/\/www.revolutionaere-front.de\/wordpress\/index.php?rest_route=\/wp\/v2\/posts\/1929\/revisions\/1985"}],"wp:featuredmedia":[{"embeddable":true,"href":"https:\/\/www.revolutionaere-front.de\/wordpress\/index.php?rest_route=\/wp\/v2\/media\/1915"}],"wp:attachment":[{"href":"https:\/\/www.revolutionaere-front.de\/wordpress\/index.php?rest_route=%2Fwp%2Fv2%2Fmedia&parent=1929"}],"wp:term":[{"taxonomy":"category","embeddable":true,"href":"https:\/\/www.revolutionaere-front.de\/wordpress\/index.php?rest_route=%2Fwp%2Fv2%2Fcategories&post=1929"},{"taxonomy":"post_tag","embeddable":true,"href":"https:\/\/www.revolutionaere-front.de\/wordpress\/index.php?rest_route=%2Fwp%2Fv2%2Ftags&post=1929"}],"curies":[{"name":"wp","href":"https:\/\/api.w.org\/{rel}","templated":true}]}}