{"id":2071,"date":"2021-10-21T18:12:27","date_gmt":"2021-10-21T16:12:27","guid":{"rendered":"https:\/\/www.notstand-der-republik.de\/?p=2071"},"modified":"2021-10-22T21:55:51","modified_gmt":"2021-10-22T19:55:51","slug":"die-republik-braucht-den-streik","status":"publish","type":"post","link":"https:\/\/www.revolutionaere-front.de\/wordpress\/?p=2071","title":{"rendered":"Die Republik braucht den Streik"},"content":{"rendered":"\n<h2 class=\"wp-block-heading\">Was wir aus dem Streik der GDL-Lokf\u00fchrer lernen m\u00fcssen<\/h2>\n\n\n\n<p> <strong>M\u00fcnchen: Dienstag<\/strong> 26.10. &#8211; Frankfurt am Main 27.10. &#8211; N\u00fcrnberg 28.10.<\/p>\n\n\n\n<p>Die GDL hat uns in den letzten Wochen zumindest eines gezeigt: Man kann schon streiken, wenn man will.                        Diese kleine Lehre sollten wir uns merken. Wir sollten uns aber auch merken, dass unter den Bedingungen                          der Zersplitterung jeder \u00f6konomische Streik letztlich ins Leere l\u00e4uft.<\/p>\n\n\n\n<h2 class=\"has-text-align-center has-vivid-red-color has-text-color wp-block-heading\">Information und Diskussion mit<\/h2>\n\n\n\n<p class=\"has-text-align-center has-vivid-red-color has-text-color has-medium-font-size\">Uwe, Lokf\u00fchrer seit DDR-Zeiten, Mitglied der GDL,<\/p>\n\n\n\n<p class=\"has-text-align-center has-vivid-red-color has-text-color has-medium-font-size\">Mitk\u00e4mpfer im Streik und im Zentralen Rat der Revolution\u00e4ren Front<\/p>\n\n\n\n<p><strong>M\u00fcnchen: Dienstag 26.10.<\/strong> Haus mit der Roten Fahne 18.00 Uhr Tulbecksstra\u00dfe 4f<\/p>\n\n\n\n<p class=\"has-vivid-red-color has-text-color\">und mit Chris, Trambahnfahrer bei der MVG, Mitglied in ver.di, Mitk\u00e4mpfer im Streik 2020 der MVG und in der Revolution\u00e4ren Front M\u00fcnchen<\/p>\n\n\n\n<p><strong>Frankfurt am Main: Mittwoch 27.10. <\/strong>T\u00fcrkisches Volkshaus 18.00 Uhr Werrastra\u00dfe 29<\/p>\n\n\n\n<p><strong>N\u00fcrnberg: Donnerstag 28.10.<\/strong> Arbeiterzentrum 18.30 Uhr Denisstra\u00dfe 21<\/p>\n\n\n\n<p class=\"has-text-align-center\">Uwe\u2019yle Bildilendirme ve tart\u0131\u015fma &nbsp;<\/p>\n\n\n\n<p class=\"has-text-align-center\">DAC d\u00f6neminden beri Tren s\u00fcr\u00fcc\u00fcs\u00fc (Vatman)<\/p>\n\n\n\n<p class=\"has-text-align-center\">GDL sendikas\u0131 \u00fcyesi<\/p>\n\n\n\n<p class=\"has-text-align-center\">Son yap\u0131lan Greve aktif kat\u0131ld\u0131 &nbsp;<\/p>\n\n\n\n<p class=\"has-text-align-center\">ve Devrimci Cephe Merkez Konsey \u00fcyesi<\/p>\n\n\n\n<p class=\"has-text-align-center\">Per\u015fembe, 28.10.2021- saat 18.30\u2018de<\/p>\n\n\n\n<p class=\"has-text-align-center\">Arbeiterzentrum Denisstr.21&nbsp;&nbsp;&nbsp;&nbsp;&nbsp;&nbsp;&nbsp;&nbsp;&nbsp;&nbsp;&nbsp;&nbsp;&nbsp;&nbsp;&nbsp;&nbsp;&nbsp;&nbsp;&nbsp;&nbsp;&nbsp;&nbsp;&nbsp;&nbsp;&nbsp;&nbsp;&nbsp;&nbsp;&nbsp;&nbsp; &nbsp;<strong>&nbsp;&nbsp;&nbsp;&nbsp;&nbsp;&nbsp;&nbsp;&nbsp;&nbsp;&nbsp;&nbsp;&nbsp;&nbsp;&nbsp;&nbsp;&nbsp;&nbsp;&nbsp;&nbsp;&nbsp;&nbsp;&nbsp;&nbsp;&nbsp;&nbsp;&nbsp;&nbsp;&nbsp;&nbsp;&nbsp;&nbsp;&nbsp;&nbsp;&nbsp;&nbsp;&nbsp;&nbsp;&nbsp;&nbsp;&nbsp;&nbsp;&nbsp;&nbsp;&nbsp;&nbsp;&nbsp;&nbsp;&nbsp;&nbsp;&nbsp;&nbsp;&nbsp;&nbsp;&nbsp;&nbsp;&nbsp;&nbsp;&nbsp;&nbsp;&nbsp;&nbsp;&nbsp;&nbsp;&nbsp;&nbsp;&nbsp;&nbsp;&nbsp;&nbsp;&nbsp;&nbsp;&nbsp;&nbsp;&nbsp;&nbsp;&nbsp;&nbsp;&nbsp;&nbsp;&nbsp;&nbsp;&nbsp;&nbsp;&nbsp;&nbsp;&nbsp;&nbsp;&nbsp;&nbsp;&nbsp;&nbsp;&nbsp;&nbsp;&nbsp;&nbsp;&nbsp;&nbsp;&nbsp;&nbsp;&nbsp;&nbsp;&nbsp;&nbsp;&nbsp;&nbsp;&nbsp;&nbsp;&nbsp;&nbsp;&nbsp;&nbsp;&nbsp;&nbsp;&nbsp;&nbsp;&nbsp;&nbsp;&nbsp;&nbsp;&nbsp;&nbsp;&nbsp;<\/strong><\/p>\n\n\n\n<p class=\"has-text-align-center\"><strong>GDL grevinden \u00f6\u011frenmemiz gereken dersler:<\/strong><\/p>\n\n\n\n<p class=\"has-text-align-center\"><strong>Demiryollar\u0131n\u0131n yeniden kamula\u015ft\u0131r\u0131lmas\u0131 m\u00fccadelesine \u00f6nc\u00fcl\u00fck etme sorunu ve s\u0131n\u0131f\u0131m\u0131z\u0131n birli\u011fi!<\/strong><\/p>\n\n\n\n<p class=\"has-text-align-center\"><strong>Demiryolu\u2018nun sava\u015fa haz\u0131rlanmadaki rol\u00fc nedir?<\/strong><\/p>\n\n\n\n<ul class=\"wp-block-list\"><li><strong>Cumhuriyetin greve ihtiyac\u0131 var:<\/strong><\/li><li>Normal \u00e7al\u0131\u015fma g\u00fcn\u00fc i\u00e7in &#8211; 7 saat &#8211; Haftada 5 g\u00fcn &#8211; herkes i\u00e7in &#8211; tam \u00fccret \u2013 yasal olarak!<\/li><li>Demiryollar\u0131nda, otomotiv end\u00fcstrisinde, sa\u011fl\u0131k sekt\u00f6r\u00fcnde&#8230; Ortak m\u00fccadelemiz bizi s\u0131n\u0131f temelinde birle\u015ftiriyor.<\/li><li>Alman Silahl\u0131 Kuvvetleri i\u00e7in \u00fccretsiz seyahat ve cinayet silahlar\u0131n\u0131n ve askerlerin Do\u011fu Cephesine ta\u015f\u0131nmas\u0131 i\u00e7in yol a\u00e7ma yerine:<\/li><li>T\u00fcm \u00e7al\u0131\u015fanlar, \u00f6\u011frenciler, meslek e\u011fitimi g\u00f6renler i\u00e7in trende \u00fccretsiz seyahat hakk\u0131! \u00c7\u00fcnk\u00fc zaten eme\u011fimiz ve vergilerimizle her \u015feyin bedelini \u00e7al\u0131\u015farak \u00f6dedik. Biz bir s\u0131n\u0131f\u0131z.<\/li><li>Demiryolunun yeniden kamula\u015ft\u0131r\u0131lmas\u0131 i\u00e7in!<\/li><\/ul>\n\n\n\n<p>Einladung f\u00fcr die Veranstaltung in N\u00fcrnberg in <a href=\"https:\/\/www.notstand-der-republik.de\/wordpress\/wp-content\/uploads\/2021\/10\/Bahn-VeranstaltungTR.pdf\">T\u00fcrkisch als pdf<\/a><\/p>\n\n\n\n<p>Brief der M\u00fcnchner Stra\u00dfenbahner in der Revolution\u00e4ren Front <a href=\"https:\/\/www.notstand-der-republik.de\/wordpress\/wp-content\/uploads\/2021\/10\/Brief-an-Streikende-GDL-1.pdf\">&#8222;An die streikenden Lokf\u00fchrer&#8220;<\/a> als pdf<\/p>\n","protected":false},"excerpt":{"rendered":"<p>Was wir aus dem Streik der GDL-Lokf\u00fchrer lernen m\u00fcssen M\u00fcnchen: Dienstag 26.10. &#8211; Frankfurt am Main 27.10. &#8211; N\u00fcrnberg 28.10. Die GDL hat uns in den letzten Wochen zumindest eines gezeigt: Man kann schon streiken, wenn man will. Diese kleine Lehre sollten wir uns merken. Wir sollten uns aber auch merken, dass unter den Bedingungen [&hellip;]<\/p>\n","protected":false},"author":2,"featured_media":2080,"comment_status":"closed","ping_status":"closed","sticky":false,"template":"","format":"standard","meta":{"footnotes":""},"categories":[15],"tags":[46,95,45,47,35,38,74,43],"class_list":["post-2071","post","type-post","status-publish","format-standard","has-post-thumbnail","hentry","category-aktionen","tag-antimilitarismus","tag-arbeiterklasse","tag-bundeswehr","tag-kriegsvorbereitung","tag-notstand-der-republik","tag-revolution","tag-revolutionaere-front","tag-streik"],"_links":{"self":[{"href":"https:\/\/www.revolutionaere-front.de\/wordpress\/index.php?rest_route=\/wp\/v2\/posts\/2071","targetHints":{"allow":["GET"]}}],"collection":[{"href":"https:\/\/www.revolutionaere-front.de\/wordpress\/index.php?rest_route=\/wp\/v2\/posts"}],"about":[{"href":"https:\/\/www.revolutionaere-front.de\/wordpress\/index.php?rest_route=\/wp\/v2\/types\/post"}],"author":[{"embeddable":true,"href":"https:\/\/www.revolutionaere-front.de\/wordpress\/index.php?rest_route=\/wp\/v2\/users\/2"}],"replies":[{"embeddable":true,"href":"https:\/\/www.revolutionaere-front.de\/wordpress\/index.php?rest_route=%2Fwp%2Fv2%2Fcomments&post=2071"}],"version-history":[{"count":15,"href":"https:\/\/www.revolutionaere-front.de\/wordpress\/index.php?rest_route=\/wp\/v2\/posts\/2071\/revisions"}],"predecessor-version":[{"id":2109,"href":"https:\/\/www.revolutionaere-front.de\/wordpress\/index.php?rest_route=\/wp\/v2\/posts\/2071\/revisions\/2109"}],"wp:featuredmedia":[{"embeddable":true,"href":"https:\/\/www.revolutionaere-front.de\/wordpress\/index.php?rest_route=\/wp\/v2\/media\/2080"}],"wp:attachment":[{"href":"https:\/\/www.revolutionaere-front.de\/wordpress\/index.php?rest_route=%2Fwp%2Fv2%2Fmedia&parent=2071"}],"wp:term":[{"taxonomy":"category","embeddable":true,"href":"https:\/\/www.revolutionaere-front.de\/wordpress\/index.php?rest_route=%2Fwp%2Fv2%2Fcategories&post=2071"},{"taxonomy":"post_tag","embeddable":true,"href":"https:\/\/www.revolutionaere-front.de\/wordpress\/index.php?rest_route=%2Fwp%2Fv2%2Ftags&post=2071"}],"curies":[{"name":"wp","href":"https:\/\/api.w.org\/{rel}","templated":true}]}}