{"id":2143,"date":"2021-12-25T18:15:26","date_gmt":"2021-12-25T17:15:26","guid":{"rendered":"https:\/\/www.notstand-der-republik.de\/?p=2143"},"modified":"2021-12-25T18:43:03","modified_gmt":"2021-12-25T17:43:03","slug":"die-ampel-steht-auf-raub-und-krieg","status":"publish","type":"post","link":"https:\/\/www.revolutionaere-front.de\/wordpress\/?p=2143","title":{"rendered":"Die Ampel steht auf Raub und Krieg!"},"content":{"rendered":"\n<p class=\"has-vivid-red-color has-text-color has-medium-font-size\">Erkl\u00e4rung vom Arbeitertreffen der Revolution\u00e4ren Front &#8211; Abteilung Bremen<\/p>\n\n\n\n<p>Wer sitzt im Bundestag? Sind es Arbeiter und Werkt\u00e4tige? Nein, nicht einen einzigen Arbeiter wirst Du auch mit der Lupe entdecken.<\/p>\n\n\n\n<p>Am 18.12.21 wurde auf dem Arbeitermeeting der Revolution\u00e4ren Front &#8211; Abteilung Bremen \u00fcber die Pappfassade Parlament diskutiert und&nbsp;folgende Erkl\u00e4rung einstimmig beschlossen:<\/p>\n\n\n\n<figure class=\"wp-block-image size-full\"><img loading=\"lazy\" decoding=\"async\" width=\"1654\" height=\"2339\" src=\"https:\/\/www.notstand-der-republik.de\/wordpress\/wp-content\/uploads\/2021\/12\/Erklaerung.jpg\" alt=\"\" class=\"wp-image-2144\" srcset=\"https:\/\/www.revolutionaere-front.de\/wordpress\/wp-content\/uploads\/2021\/12\/Erklaerung.jpg 1654w, https:\/\/www.revolutionaere-front.de\/wordpress\/wp-content\/uploads\/2021\/12\/Erklaerung-212x300.jpg 212w, https:\/\/www.revolutionaere-front.de\/wordpress\/wp-content\/uploads\/2021\/12\/Erklaerung-724x1024.jpg 724w, https:\/\/www.revolutionaere-front.de\/wordpress\/wp-content\/uploads\/2021\/12\/Erklaerung-1086x1536.jpg 1086w, https:\/\/www.revolutionaere-front.de\/wordpress\/wp-content\/uploads\/2021\/12\/Erklaerung-1448x2048.jpg 1448w\" sizes=\"auto, (max-width: 1654px) 100vw, 1654px\" \/><figcaption><a href=\"https:\/\/www.notstand-der-republik.de\/wordpress\/wp-content\/uploads\/2021\/12\/Erklaerung.pdf\">Erkl\u00e4rung als pdf<\/a><\/figcaption><\/figure>\n\n\n\n<p><\/p>\n","protected":false},"excerpt":{"rendered":"<p>Erkl\u00e4rung vom Arbeitertreffen der Revolution\u00e4ren Front &#8211; Abteilung Bremen Wer sitzt im Bundestag? Sind es Arbeiter und Werkt\u00e4tige? Nein, nicht einen einzigen Arbeiter wirst Du auch mit der Lupe entdecken. Am 18.12.21 wurde auf dem Arbeitermeeting der Revolution\u00e4ren Front &#8211; Abteilung Bremen \u00fcber die Pappfassade Parlament diskutiert und&nbsp;folgende Erkl\u00e4rung einstimmig beschlossen:<\/p>\n","protected":false},"author":2,"featured_media":2150,"comment_status":"closed","ping_status":"closed","sticky":false,"template":"","format":"standard","meta":{"footnotes":""},"categories":[15],"tags":[],"class_list":["post-2143","post","type-post","status-publish","format-standard","has-post-thumbnail","hentry","category-aktionen"],"_links":{"self":[{"href":"https:\/\/www.revolutionaere-front.de\/wordpress\/index.php?rest_route=\/wp\/v2\/posts\/2143","targetHints":{"allow":["GET"]}}],"collection":[{"href":"https:\/\/www.revolutionaere-front.de\/wordpress\/index.php?rest_route=\/wp\/v2\/posts"}],"about":[{"href":"https:\/\/www.revolutionaere-front.de\/wordpress\/index.php?rest_route=\/wp\/v2\/types\/post"}],"author":[{"embeddable":true,"href":"https:\/\/www.revolutionaere-front.de\/wordpress\/index.php?rest_route=\/wp\/v2\/users\/2"}],"replies":[{"embeddable":true,"href":"https:\/\/www.revolutionaere-front.de\/wordpress\/index.php?rest_route=%2Fwp%2Fv2%2Fcomments&post=2143"}],"version-history":[{"count":4,"href":"https:\/\/www.revolutionaere-front.de\/wordpress\/index.php?rest_route=\/wp\/v2\/posts\/2143\/revisions"}],"predecessor-version":[{"id":2152,"href":"https:\/\/www.revolutionaere-front.de\/wordpress\/index.php?rest_route=\/wp\/v2\/posts\/2143\/revisions\/2152"}],"wp:featuredmedia":[{"embeddable":true,"href":"https:\/\/www.revolutionaere-front.de\/wordpress\/index.php?rest_route=\/wp\/v2\/media\/2150"}],"wp:attachment":[{"href":"https:\/\/www.revolutionaere-front.de\/wordpress\/index.php?rest_route=%2Fwp%2Fv2%2Fmedia&parent=2143"}],"wp:term":[{"taxonomy":"category","embeddable":true,"href":"https:\/\/www.revolutionaere-front.de\/wordpress\/index.php?rest_route=%2Fwp%2Fv2%2Fcategories&post=2143"},{"taxonomy":"post_tag","embeddable":true,"href":"https:\/\/www.revolutionaere-front.de\/wordpress\/index.php?rest_route=%2Fwp%2Fv2%2Ftags&post=2143"}],"curies":[{"name":"wp","href":"https:\/\/api.w.org\/{rel}","templated":true}]}}