{"id":2217,"date":"2022-03-18T21:58:23","date_gmt":"2022-03-18T20:58:23","guid":{"rendered":"https:\/\/www.notstand-der-republik.de\/?p=2217"},"modified":"2022-03-18T22:01:18","modified_gmt":"2022-03-18T21:01:18","slug":"der-hauptfeind-steht-im-eigenen-land","status":"publish","type":"post","link":"https:\/\/www.revolutionaere-front.de\/wordpress\/?p=2217","title":{"rendered":"Der Hauptfeind steht im eigenen Land!"},"content":{"rendered":"\n<figure class=\"wp-block-image size-large is-style-default\"><img decoding=\"async\" src=\"https:\/\/www.notstand-der-republik.de\/wordpress\/wp-content\/uploads\/2022\/03\/Titel-1024x254.png\" alt=\"\" class=\"wp-image-2215\"\/><\/figure>\n\n\n\n<p>Der Zentrale Rat &#8211; Revolution\u00e4re Front hat auf seiner Tagung am 5. M\u00e4rz 2022 einstimmig beschlossen, die Arbeiterm\u00e4rsche gegen die kriegstreiber im eigenen Land zu unterst\u00fctzen, bekannt zu machen und die Abteilungen der Revolution\u00e4ren Front zur Teilnahme aufzufordern.<\/p>\n","protected":false},"excerpt":{"rendered":"<p>Der Zentrale Rat &#8211; Revolution\u00e4re Front hat auf seiner Tagung am 5. M\u00e4rz 2022 einstimmig beschlossen, die Arbeiterm\u00e4rsche gegen die kriegstreiber im eigenen Land zu unterst\u00fctzen, bekannt zu machen und die Abteilungen der Revolution\u00e4ren Front zur Teilnahme aufzufordern.<\/p>\n","protected":false},"author":2,"featured_media":2220,"comment_status":"closed","ping_status":"closed","sticky":false,"template":"","format":"standard","meta":{"footnotes":""},"categories":[15],"tags":[],"class_list":["post-2217","post","type-post","status-publish","format-standard","has-post-thumbnail","hentry","category-aktionen"],"_links":{"self":[{"href":"https:\/\/www.revolutionaere-front.de\/wordpress\/index.php?rest_route=\/wp\/v2\/posts\/2217","targetHints":{"allow":["GET"]}}],"collection":[{"href":"https:\/\/www.revolutionaere-front.de\/wordpress\/index.php?rest_route=\/wp\/v2\/posts"}],"about":[{"href":"https:\/\/www.revolutionaere-front.de\/wordpress\/index.php?rest_route=\/wp\/v2\/types\/post"}],"author":[{"embeddable":true,"href":"https:\/\/www.revolutionaere-front.de\/wordpress\/index.php?rest_route=\/wp\/v2\/users\/2"}],"replies":[{"embeddable":true,"href":"https:\/\/www.revolutionaere-front.de\/wordpress\/index.php?rest_route=%2Fwp%2Fv2%2Fcomments&post=2217"}],"version-history":[{"count":4,"href":"https:\/\/www.revolutionaere-front.de\/wordpress\/index.php?rest_route=\/wp\/v2\/posts\/2217\/revisions"}],"predecessor-version":[{"id":2222,"href":"https:\/\/www.revolutionaere-front.de\/wordpress\/index.php?rest_route=\/wp\/v2\/posts\/2217\/revisions\/2222"}],"wp:featuredmedia":[{"embeddable":true,"href":"https:\/\/www.revolutionaere-front.de\/wordpress\/index.php?rest_route=\/wp\/v2\/media\/2220"}],"wp:attachment":[{"href":"https:\/\/www.revolutionaere-front.de\/wordpress\/index.php?rest_route=%2Fwp%2Fv2%2Fmedia&parent=2217"}],"wp:term":[{"taxonomy":"category","embeddable":true,"href":"https:\/\/www.revolutionaere-front.de\/wordpress\/index.php?rest_route=%2Fwp%2Fv2%2Fcategories&post=2217"},{"taxonomy":"post_tag","embeddable":true,"href":"https:\/\/www.revolutionaere-front.de\/wordpress\/index.php?rest_route=%2Fwp%2Fv2%2Ftags&post=2217"}],"curies":[{"name":"wp","href":"https:\/\/api.w.org\/{rel}","templated":true}]}}