{"id":2334,"date":"2023-01-14T21:14:00","date_gmt":"2023-01-14T20:14:00","guid":{"rendered":"https:\/\/www.notstand-der-republik.de\/?p=2334"},"modified":"2026-04-22T22:05:01","modified_gmt":"2026-04-22T20:05:01","slug":"gemeinsam-in-den-streik-gegen-die-regierung","status":"publish","type":"post","link":"https:\/\/www.revolutionaere-front.de\/wordpress\/?p=2334","title":{"rendered":"Gemeinsam in den Streik gegen die Regierung"},"content":{"rendered":"\n<p class=\"has-text-align-center has-white-color has-vivid-red-background-color has-text-color has-background has-medium-font-size\"><strong>Post + \u00d6ffentlicher Dienst + Bahn + Hafen + Fabrik<\/strong><\/p>\n\n\n\n<p>Der Zentrale Rat &#8211; Revolution\u00e4re Front hat eine Plattform erstellt f\u00fcr die laufenden Tarifrunden bei der Post, \u00d6ffentlicher Dienst (Verkehr, Kliniken&#8230; der Kommunen), der Bahn (ab Februar).<\/p>\n\n\n\n<p>Genossen waren damit und einem Transparent bei der Betriebsversammlung der Post &#8211; Niederlassung Frankfurt zum Auftakt der Tarifrunde am 9. Januar in Offenbach, am 10.1. in Bremen, am 14.1. in Deggendorf, N\u00fcrnberg&#8230; <\/p>\n\n\n\n<figure class=\"wp-block-gallery has-nested-images columns-default is-cropped wp-block-gallery-1 is-layout-flex wp-block-gallery-is-layout-flex\">\n<figure class=\"wp-block-image size-large\"><img loading=\"lazy\" decoding=\"async\" width=\"1024\" height=\"415\" data-id=\"2379\" src=\"https:\/\/www.revolutionaere-front.de\/wordpress\/wp-content\/uploads\/2023\/01\/Post_OF-1024x415.jpg\" alt=\"\" class=\"wp-image-2379\" srcset=\"https:\/\/www.revolutionaere-front.de\/wordpress\/wp-content\/uploads\/2023\/01\/Post_OF-1024x415.jpg 1024w, https:\/\/www.revolutionaere-front.de\/wordpress\/wp-content\/uploads\/2023\/01\/Post_OF-300x122.jpg 300w, https:\/\/www.revolutionaere-front.de\/wordpress\/wp-content\/uploads\/2023\/01\/Post_OF-150x61.jpg 150w, https:\/\/www.revolutionaere-front.de\/wordpress\/wp-content\/uploads\/2023\/01\/Post_OF-1536x622.jpg 1536w, https:\/\/www.revolutionaere-front.de\/wordpress\/wp-content\/uploads\/2023\/01\/Post_OF-2048x830.jpg 2048w\" sizes=\"auto, (max-width: 1024px) 100vw, 1024px\" \/><figcaption class=\"wp-element-caption\">Offenbach<\/figcaption><\/figure>\n<\/figure>\n\n\n\n<figure class=\"wp-block-gallery has-nested-images columns-default is-cropped wp-block-gallery-2 is-layout-flex wp-block-gallery-is-layout-flex\">\n<figure class=\"wp-block-image size-full\"><img loading=\"lazy\" decoding=\"async\" width=\"547\" height=\"193\" data-id=\"2377\" src=\"https:\/\/www.revolutionaere-front.de\/wordpress\/wp-content\/uploads\/2023\/01\/Deggendorf.jpg\" alt=\"\" class=\"wp-image-2377\" srcset=\"https:\/\/www.revolutionaere-front.de\/wordpress\/wp-content\/uploads\/2023\/01\/Deggendorf.jpg 547w, https:\/\/www.revolutionaere-front.de\/wordpress\/wp-content\/uploads\/2023\/01\/Deggendorf-300x106.jpg 300w, https:\/\/www.revolutionaere-front.de\/wordpress\/wp-content\/uploads\/2023\/01\/Deggendorf-150x53.jpg 150w\" sizes=\"auto, (max-width: 547px) 100vw, 547px\" \/><figcaption class=\"wp-element-caption\">Deggendorf<\/figcaption><\/figure>\n<\/figure>\n\n\n\n<p><\/p>\n\n\n\n<figure class=\"wp-block-gallery has-nested-images columns-default is-cropped wp-block-gallery-3 is-layout-flex wp-block-gallery-is-layout-flex\">\n<figure class=\"wp-block-image size-full\"><img loading=\"lazy\" decoding=\"async\" width=\"627\" height=\"250\" data-id=\"2370\" src=\"https:\/\/www.revolutionaere-front.de\/wordpress\/wp-content\/uploads\/2023\/01\/iconN-e1673733773261.png\" alt=\"\" class=\"wp-image-2370\"\/><figcaption class=\"wp-element-caption\">N\u00fcrnberg<\/figcaption><\/figure>\n<\/figure>\n\n\n\n<p>Das Streiklied gesungen, dazu das Akkordeon und sofort sind alle Postler hellwach und dabei.<\/p>\n\n\n\n<p class=\"has-text-align-center has-vivid-cyan-blue-color has-text-color has-medium-font-size\"><em>Metaller, Klinik, Bahn \u2013 und Post, w\u00e4re doch gelacht<\/em><\/p>\n\n\n\n<p class=\"has-text-align-center has-vivid-cyan-blue-color has-text-color has-medium-font-size\"><em>wir sind eine Klasse, vereint sind wir ne Macht<\/em><\/p>\n\n\n\n<p class=\"has-text-align-center has-vivid-cyan-blue-color has-text-color has-medium-font-size\"><em>Wir sind nur stark, wenn wir zusammen stehn<\/em><\/p>\n\n\n\n<p class=\"has-text-align-center has-vivid-cyan-blue-color has-text-color has-medium-font-size\"><em>Alle in den Streik<\/em><\/p>\n\n\n\n<p class=\"has-text-align-left\">Tarifkampf jetzt bei euch, bei den Kliniken, im \u00d6D, ab Ende Februar bei der Bahn. Stellt Euch vor: Alle zusammen &#8211; und wir legen das Land lahm! Wenn wir dann ins Rollen kommen den Kampf sofort weiterf\u00fchren f\u00fcr R\u00fcckg\u00e4ngigmachung der Privatisierung, die uns das Genick gebrochen hat. Wo sind denn heute die ganzen Kollegen Paketzusteller z.B., die in anderen Tarifvertr\u00e4gen stehen, wo die Kollegen der Postfilialen, deren Besitzer die Deutsche Bank ist? Wo gibt\u2019s denn sowas? Diese Spaltung f\u00fcr die<br>Million\u00e4re d\u00fcrfen wir nicht l\u00e4nger hinnehmen. Also Arbeiter: Auf in den Kampf f\u00fcr die Wiederverstaatlichung! Gemeinsam mit den Kollegen und Kolleginnen der Klinik, der Bahn, der Stra\u00dfenbahnfahrer.<\/p>\n\n\n\n<figure class=\"wp-block-gallery has-nested-images columns-default is-cropped wp-block-gallery-4 is-layout-flex wp-block-gallery-is-layout-flex\">\n<figure class=\"wp-block-image size-full\"><img loading=\"lazy\" decoding=\"async\" width=\"794\" height=\"1123\" data-id=\"2409\" src=\"https:\/\/www.revolutionaere-front.de\/wordpress\/wp-content\/uploads\/2023\/03\/RF-Plattform-ZR_Ver2-1.jpg\" alt=\"\" class=\"wp-image-2409\" srcset=\"https:\/\/www.revolutionaere-front.de\/wordpress\/wp-content\/uploads\/2023\/03\/RF-Plattform-ZR_Ver2-1.jpg 794w, https:\/\/www.revolutionaere-front.de\/wordpress\/wp-content\/uploads\/2023\/03\/RF-Plattform-ZR_Ver2-1-212x300.jpg 212w, https:\/\/www.revolutionaere-front.de\/wordpress\/wp-content\/uploads\/2023\/03\/RF-Plattform-ZR_Ver2-1-724x1024.jpg 724w, https:\/\/www.revolutionaere-front.de\/wordpress\/wp-content\/uploads\/2023\/03\/RF-Plattform-ZR_Ver2-1-106x150.jpg 106w\" sizes=\"auto, (max-width: 794px) 100vw, 794px\" \/><\/figure>\n<\/figure>\n\n\n\n<p><a href=\"https:\/\/www.revolutionaere-front.de\/wordpress\/wp-content\/uploads\/2023\/03\/RF-Plattform-ZR_Ver2.pdf\">Plattform als pdf<\/a><\/p>\n","protected":false},"excerpt":{"rendered":"<p>Post + \u00d6ffentlicher Dienst + Bahn + Hafen + Fabrik Der Zentrale Rat &#8211; Revolution\u00e4re Front hat eine Plattform erstellt f\u00fcr die laufenden Tarifrunden bei der Post, \u00d6ffentlicher Dienst (Verkehr, Kliniken&#8230; der Kommunen), der Bahn (ab Februar). Genossen waren damit und einem Transparent bei der Betriebsversammlung der Post &#8211; Niederlassung Frankfurt zum Auftakt der Tarifrunde [&hellip;]<\/p>\n","protected":false},"author":2,"featured_media":2439,"comment_status":"closed","ping_status":"closed","sticky":false,"template":"","format":"standard","meta":{"footnotes":""},"categories":[15],"tags":[],"class_list":["post-2334","post","type-post","status-publish","format-standard","has-post-thumbnail","hentry","category-aktionen"],"_links":{"self":[{"href":"https:\/\/www.revolutionaere-front.de\/wordpress\/index.php?rest_route=\/wp\/v2\/posts\/2334","targetHints":{"allow":["GET"]}}],"collection":[{"href":"https:\/\/www.revolutionaere-front.de\/wordpress\/index.php?rest_route=\/wp\/v2\/posts"}],"about":[{"href":"https:\/\/www.revolutionaere-front.de\/wordpress\/index.php?rest_route=\/wp\/v2\/types\/post"}],"author":[{"embeddable":true,"href":"https:\/\/www.revolutionaere-front.de\/wordpress\/index.php?rest_route=\/wp\/v2\/users\/2"}],"replies":[{"embeddable":true,"href":"https:\/\/www.revolutionaere-front.de\/wordpress\/index.php?rest_route=%2Fwp%2Fv2%2Fcomments&post=2334"}],"version-history":[{"count":18,"href":"https:\/\/www.revolutionaere-front.de\/wordpress\/index.php?rest_route=\/wp\/v2\/posts\/2334\/revisions"}],"predecessor-version":[{"id":3186,"href":"https:\/\/www.revolutionaere-front.de\/wordpress\/index.php?rest_route=\/wp\/v2\/posts\/2334\/revisions\/3186"}],"wp:featuredmedia":[{"embeddable":true,"href":"https:\/\/www.revolutionaere-front.de\/wordpress\/index.php?rest_route=\/wp\/v2\/media\/2439"}],"wp:attachment":[{"href":"https:\/\/www.revolutionaere-front.de\/wordpress\/index.php?rest_route=%2Fwp%2Fv2%2Fmedia&parent=2334"}],"wp:term":[{"taxonomy":"category","embeddable":true,"href":"https:\/\/www.revolutionaere-front.de\/wordpress\/index.php?rest_route=%2Fwp%2Fv2%2Fcategories&post=2334"},{"taxonomy":"post_tag","embeddable":true,"href":"https:\/\/www.revolutionaere-front.de\/wordpress\/index.php?rest_route=%2Fwp%2Fv2%2Ftags&post=2334"}],"curies":[{"name":"wp","href":"https:\/\/api.w.org\/{rel}","templated":true}]}}