{"id":2415,"date":"2023-03-21T19:29:02","date_gmt":"2023-03-21T18:29:02","guid":{"rendered":"https:\/\/www.notstand-der-republik.de\/?p=2415"},"modified":"2026-04-22T21:05:45","modified_gmt":"2026-04-22T19:05:45","slug":"alle-gemeinsam-in-den-streik","status":"publish","type":"post","link":"https:\/\/www.revolutionaere-front.de\/wordpress\/?p=2415","title":{"rendered":"Keinen Cent f\u00fcr Milit\u00e4r und Krieg &#8211; Alles f\u00fcr die Schiene &#8211; Alle in den Streik &#8211; F\u00fcr die Verstaatlichung der Bahn"},"content":{"rendered":"\n<p class=\"has-text-align-center has-vivid-red-color has-white-background-color has-text-color has-background has-medium-font-size\"><strong>Ob Bahn, Hafen oder Fabrik. Ob EVG, ob GDL. Ob Netz, ob Betrieb. Ob DB, ob privat. F\u00fcr die Wiederverstaatlichung der Bahn! F\u00fcr den gemeinsamen Kampf aller Bahnarbeiter!<\/strong><\/p>\n\n\n\n<p>Mitk\u00e4mpfer der Revolution\u00e4ren Front waren mit Flugschrift und Aufklebern bei den Kundgebungen und Demonstrationen der Eisenbahner-Tarifrunde der EVG-Jugend in Fulda und Berlin.<\/p>\n\n\n\n<figure class=\"wp-block-gallery has-nested-images columns-default is-cropped wp-block-gallery-1 is-layout-flex wp-block-gallery-is-layout-flex\">\n<figure class=\"wp-block-image size-full\"><img loading=\"lazy\" decoding=\"async\" width=\"1290\" height=\"1825\" data-id=\"2416\" src=\"https:\/\/www.revolutionaere-front.de\/wordpress\/wp-content\/uploads\/2023\/03\/BahnMaerzb_neu_Seite_1.jpg\" alt=\"\" class=\"wp-image-2416\" srcset=\"https:\/\/www.revolutionaere-front.de\/wordpress\/wp-content\/uploads\/2023\/03\/BahnMaerzb_neu_Seite_1.jpg 1290w, https:\/\/www.revolutionaere-front.de\/wordpress\/wp-content\/uploads\/2023\/03\/BahnMaerzb_neu_Seite_1-212x300.jpg 212w, https:\/\/www.revolutionaere-front.de\/wordpress\/wp-content\/uploads\/2023\/03\/BahnMaerzb_neu_Seite_1-724x1024.jpg 724w, https:\/\/www.revolutionaere-front.de\/wordpress\/wp-content\/uploads\/2023\/03\/BahnMaerzb_neu_Seite_1-106x150.jpg 106w, https:\/\/www.revolutionaere-front.de\/wordpress\/wp-content\/uploads\/2023\/03\/BahnMaerzb_neu_Seite_1-1086x1536.jpg 1086w\" sizes=\"auto, (max-width: 1290px) 100vw, 1290px\" \/><\/figure>\n<\/figure>\n\n\n\n<figure class=\"wp-block-gallery has-nested-images columns-default is-cropped wp-block-gallery-2 is-layout-flex wp-block-gallery-is-layout-flex\">\n<figure class=\"wp-block-image size-full\"><img loading=\"lazy\" decoding=\"async\" width=\"1804\" height=\"2560\" data-id=\"2417\" src=\"https:\/\/www.revolutionaere-front.de\/wordpress\/wp-content\/uploads\/2023\/03\/BahnMaerzb_neu_Seite_2-scaled.jpg\" alt=\"\" class=\"wp-image-2417\" srcset=\"https:\/\/www.revolutionaere-front.de\/wordpress\/wp-content\/uploads\/2023\/03\/BahnMaerzb_neu_Seite_2-scaled.jpg 1804w, https:\/\/www.revolutionaere-front.de\/wordpress\/wp-content\/uploads\/2023\/03\/BahnMaerzb_neu_Seite_2-211x300.jpg 211w, https:\/\/www.revolutionaere-front.de\/wordpress\/wp-content\/uploads\/2023\/03\/BahnMaerzb_neu_Seite_2-722x1024.jpg 722w, https:\/\/www.revolutionaere-front.de\/wordpress\/wp-content\/uploads\/2023\/03\/BahnMaerzb_neu_Seite_2-106x150.jpg 106w, https:\/\/www.revolutionaere-front.de\/wordpress\/wp-content\/uploads\/2023\/03\/BahnMaerzb_neu_Seite_2-1082x1536.jpg 1082w, https:\/\/www.revolutionaere-front.de\/wordpress\/wp-content\/uploads\/2023\/03\/BahnMaerzb_neu_Seite_2-1443x2048.jpg 1443w\" sizes=\"auto, (max-width: 1804px) 100vw, 1804px\" \/><\/figure>\n<\/figure>\n\n\n\n<p><\/p>\n","protected":false},"excerpt":{"rendered":"<p>Ob Bahn, Hafen oder Fabrik. Ob EVG, ob GDL. Ob Netz, ob Betrieb. Ob DB, ob privat. F\u00fcr die Wiederverstaatlichung der Bahn! F\u00fcr den gemeinsamen Kampf aller Bahnarbeiter! Mitk\u00e4mpfer der Revolution\u00e4ren Front waren mit Flugschrift und Aufklebern bei den Kundgebungen und Demonstrationen der Eisenbahner-Tarifrunde der EVG-Jugend in Fulda und Berlin.<\/p>\n","protected":false},"author":2,"featured_media":2419,"comment_status":"closed","ping_status":"closed","sticky":false,"template":"","format":"standard","meta":{"footnotes":""},"categories":[15],"tags":[],"class_list":["post-2415","post","type-post","status-publish","format-standard","has-post-thumbnail","hentry","category-aktionen"],"_links":{"self":[{"href":"https:\/\/www.revolutionaere-front.de\/wordpress\/index.php?rest_route=\/wp\/v2\/posts\/2415","targetHints":{"allow":["GET"]}}],"collection":[{"href":"https:\/\/www.revolutionaere-front.de\/wordpress\/index.php?rest_route=\/wp\/v2\/posts"}],"about":[{"href":"https:\/\/www.revolutionaere-front.de\/wordpress\/index.php?rest_route=\/wp\/v2\/types\/post"}],"author":[{"embeddable":true,"href":"https:\/\/www.revolutionaere-front.de\/wordpress\/index.php?rest_route=\/wp\/v2\/users\/2"}],"replies":[{"embeddable":true,"href":"https:\/\/www.revolutionaere-front.de\/wordpress\/index.php?rest_route=%2Fwp%2Fv2%2Fcomments&post=2415"}],"version-history":[{"count":5,"href":"https:\/\/www.revolutionaere-front.de\/wordpress\/index.php?rest_route=\/wp\/v2\/posts\/2415\/revisions"}],"predecessor-version":[{"id":3156,"href":"https:\/\/www.revolutionaere-front.de\/wordpress\/index.php?rest_route=\/wp\/v2\/posts\/2415\/revisions\/3156"}],"wp:featuredmedia":[{"embeddable":true,"href":"https:\/\/www.revolutionaere-front.de\/wordpress\/index.php?rest_route=\/wp\/v2\/media\/2419"}],"wp:attachment":[{"href":"https:\/\/www.revolutionaere-front.de\/wordpress\/index.php?rest_route=%2Fwp%2Fv2%2Fmedia&parent=2415"}],"wp:term":[{"taxonomy":"category","embeddable":true,"href":"https:\/\/www.revolutionaere-front.de\/wordpress\/index.php?rest_route=%2Fwp%2Fv2%2Fcategories&post=2415"},{"taxonomy":"post_tag","embeddable":true,"href":"https:\/\/www.revolutionaere-front.de\/wordpress\/index.php?rest_route=%2Fwp%2Fv2%2Ftags&post=2415"}],"curies":[{"name":"wp","href":"https:\/\/api.w.org\/{rel}","templated":true}]}}