{"id":2441,"date":"2023-04-11T13:56:36","date_gmt":"2023-04-11T11:56:36","guid":{"rendered":"https:\/\/www.notstand-der-republik.de\/?p=2441"},"modified":"2026-04-22T21:08:44","modified_gmt":"2026-04-22T19:08:44","slug":"1-mai-internationaler-kampftag-der-arbeiterklasse","status":"publish","type":"post","link":"https:\/\/www.revolutionaere-front.de\/wordpress\/?p=2441","title":{"rendered":"1. Mai Internationaler Kampftag der Arbeiterklasse"},"content":{"rendered":"\n<p class=\"has-large-font-size\"><strong>Rein in den Roten Block<\/strong> &#8211; <strong>Nehmt teil am Antikriegs-Tribunal<\/strong><\/p>\n\n\n\n<p>Der Zentrale Rat &#8211; Revolution\u00e4re Front hat die Aktionseinheit im Antikriegs-Tribunal mit dem Arbeiterbund f\u00fcr den Wiederaufbau der KPD zum Internationalen Kampftag der Arbeiterklasse im Kriegs-Jahr 2023 beschlossen.<br>Wir rufen mit unserem Plakat auf:<br>&#8222;Rein in den Roten Block &#8211; Nehmt teil am Antikriegs-Tribunal&#8220;.<\/p>\n\n\n\n<figure class=\"wp-block-gallery has-nested-images columns-default is-cropped wp-block-gallery-1 is-layout-flex wp-block-gallery-is-layout-flex\">\n<figure class=\"wp-block-image size-full\"><img loading=\"lazy\" decoding=\"async\" width=\"1469\" height=\"2560\" data-id=\"2458\" src=\"https:\/\/www.revolutionaere-front.de\/wordpress\/wp-content\/uploads\/2023\/04\/RF-Plakat-1.-Mai-2023-scaled.jpg\" alt=\"\" class=\"wp-image-2458\" srcset=\"https:\/\/www.revolutionaere-front.de\/wordpress\/wp-content\/uploads\/2023\/04\/RF-Plakat-1.-Mai-2023-scaled.jpg 1469w, https:\/\/www.revolutionaere-front.de\/wordpress\/wp-content\/uploads\/2023\/04\/RF-Plakat-1.-Mai-2023-172x300.jpg 172w, https:\/\/www.revolutionaere-front.de\/wordpress\/wp-content\/uploads\/2023\/04\/RF-Plakat-1.-Mai-2023-588x1024.jpg 588w, https:\/\/www.revolutionaere-front.de\/wordpress\/wp-content\/uploads\/2023\/04\/RF-Plakat-1.-Mai-2023-86x150.jpg 86w, https:\/\/www.revolutionaere-front.de\/wordpress\/wp-content\/uploads\/2023\/04\/RF-Plakat-1.-Mai-2023-881x1536.jpg 881w, https:\/\/www.revolutionaere-front.de\/wordpress\/wp-content\/uploads\/2023\/04\/RF-Plakat-1.-Mai-2023-1175x2048.jpg 1175w\" sizes=\"auto, (max-width: 1469px) 100vw, 1469px\" \/><\/figure>\n<\/figure>\n\n\n\n<p class=\"has-black-color has-text-color\">Nach Druckbeginn weitere Unterst\u00fctzung der Aktionseinheit durch:<\/p>\n\n\n\n<p class=\"has-vivid-red-color has-text-color\"><strong>Bir-Kar Plattform der Arbeiter f\u00fcr die Einheit und Freundschaft der V\u00f6lker<br>Franz\u00f6sische Republik: Pol der kommunistischen Renaissance in Frankreich (PRCF)<\/strong><br><strong>Suzy (Mitglied des Sekretariats der CGT Bahnarbeitergewerkschaft Versailles)<br>Italien: Unione Sindicale di Base (USB)<\/strong><\/p>\n\n\n\n<p>Regionale Zusammenschl\u00fcsse, Veranstaltungen, Rote Bl\u00f6cke, Demonstrationen&#8230;<\/p>\n\n\n\n<figure class=\"wp-block-gallery has-nested-images columns-default is-cropped wp-block-gallery-2 is-layout-flex wp-block-gallery-is-layout-flex\">\n<figure class=\"wp-block-image size-full\"><img loading=\"lazy\" decoding=\"async\" width=\"2205\" height=\"355\" data-id=\"2447\" src=\"https:\/\/www.revolutionaere-front.de\/wordpress\/wp-content\/uploads\/2023\/04\/Eindruck-Bremen.jpg\" alt=\"\" class=\"wp-image-2447\" srcset=\"https:\/\/www.revolutionaere-front.de\/wordpress\/wp-content\/uploads\/2023\/04\/Eindruck-Bremen.jpg 2205w, https:\/\/www.revolutionaere-front.de\/wordpress\/wp-content\/uploads\/2023\/04\/Eindruck-Bremen-300x48.jpg 300w, https:\/\/www.revolutionaere-front.de\/wordpress\/wp-content\/uploads\/2023\/04\/Eindruck-Bremen-1024x165.jpg 1024w, https:\/\/www.revolutionaere-front.de\/wordpress\/wp-content\/uploads\/2023\/04\/Eindruck-Bremen-150x24.jpg 150w, https:\/\/www.revolutionaere-front.de\/wordpress\/wp-content\/uploads\/2023\/04\/Eindruck-Bremen-1536x247.jpg 1536w, https:\/\/www.revolutionaere-front.de\/wordpress\/wp-content\/uploads\/2023\/04\/Eindruck-Bremen-2048x330.jpg 2048w\" sizes=\"auto, (max-width: 2205px) 100vw, 2205px\" \/><figcaption class=\"wp-element-caption\">Bremen<\/figcaption><\/figure>\n<\/figure>\n\n\n\n<figure class=\"wp-block-gallery has-nested-images columns-default is-cropped wp-block-gallery-3 is-layout-flex wp-block-gallery-is-layout-flex\">\n<figure class=\"wp-block-image size-full\"><img loading=\"lazy\" decoding=\"async\" width=\"2200\" height=\"247\" data-id=\"2448\" src=\"https:\/\/www.revolutionaere-front.de\/wordpress\/wp-content\/uploads\/2023\/04\/Eindruck-Koeln.jpg\" alt=\"\" class=\"wp-image-2448\" srcset=\"https:\/\/www.revolutionaere-front.de\/wordpress\/wp-content\/uploads\/2023\/04\/Eindruck-Koeln.jpg 2200w, https:\/\/www.revolutionaere-front.de\/wordpress\/wp-content\/uploads\/2023\/04\/Eindruck-Koeln-300x34.jpg 300w, https:\/\/www.revolutionaere-front.de\/wordpress\/wp-content\/uploads\/2023\/04\/Eindruck-Koeln-1024x115.jpg 1024w, https:\/\/www.revolutionaere-front.de\/wordpress\/wp-content\/uploads\/2023\/04\/Eindruck-Koeln-150x17.jpg 150w, https:\/\/www.revolutionaere-front.de\/wordpress\/wp-content\/uploads\/2023\/04\/Eindruck-Koeln-1536x172.jpg 1536w, https:\/\/www.revolutionaere-front.de\/wordpress\/wp-content\/uploads\/2023\/04\/Eindruck-Koeln-2048x230.jpg 2048w\" sizes=\"auto, (max-width: 2200px) 100vw, 2200px\" \/><figcaption class=\"wp-element-caption\">K\u00f6ln<\/figcaption><\/figure>\n<\/figure>\n\n\n\n<figure class=\"wp-block-gallery has-nested-images columns-default is-cropped wp-block-gallery-4 is-layout-flex wp-block-gallery-is-layout-flex\">\n<figure class=\"wp-block-image size-full\"><img loading=\"lazy\" decoding=\"async\" width=\"2195\" height=\"427\" data-id=\"2446\" src=\"https:\/\/www.revolutionaere-front.de\/wordpress\/wp-content\/uploads\/2023\/04\/Daten-FFm.jpg\" alt=\"\" class=\"wp-image-2446\" srcset=\"https:\/\/www.revolutionaere-front.de\/wordpress\/wp-content\/uploads\/2023\/04\/Daten-FFm.jpg 2195w, https:\/\/www.revolutionaere-front.de\/wordpress\/wp-content\/uploads\/2023\/04\/Daten-FFm-300x58.jpg 300w, https:\/\/www.revolutionaere-front.de\/wordpress\/wp-content\/uploads\/2023\/04\/Daten-FFm-1024x199.jpg 1024w, https:\/\/www.revolutionaere-front.de\/wordpress\/wp-content\/uploads\/2023\/04\/Daten-FFm-150x29.jpg 150w, https:\/\/www.revolutionaere-front.de\/wordpress\/wp-content\/uploads\/2023\/04\/Daten-FFm-1536x299.jpg 1536w, https:\/\/www.revolutionaere-front.de\/wordpress\/wp-content\/uploads\/2023\/04\/Daten-FFm-2048x398.jpg 2048w\" sizes=\"auto, (max-width: 2195px) 100vw, 2195px\" \/><figcaption class=\"wp-element-caption\">Frankfurt Main<\/figcaption><\/figure>\n<\/figure>\n\n\n\n<figure class=\"wp-block-gallery has-nested-images columns-default is-cropped wp-block-gallery-5 is-layout-flex wp-block-gallery-is-layout-flex\">\n<figure class=\"wp-block-image size-full\"><img loading=\"lazy\" decoding=\"async\" width=\"2200\" height=\"421\" data-id=\"2450\" src=\"https:\/\/www.revolutionaere-front.de\/wordpress\/wp-content\/uploads\/2023\/04\/EindruckRegensburg.jpg\" alt=\"\" class=\"wp-image-2450\" srcset=\"https:\/\/www.revolutionaere-front.de\/wordpress\/wp-content\/uploads\/2023\/04\/EindruckRegensburg.jpg 2200w, https:\/\/www.revolutionaere-front.de\/wordpress\/wp-content\/uploads\/2023\/04\/EindruckRegensburg-300x57.jpg 300w, https:\/\/www.revolutionaere-front.de\/wordpress\/wp-content\/uploads\/2023\/04\/EindruckRegensburg-1024x196.jpg 1024w, https:\/\/www.revolutionaere-front.de\/wordpress\/wp-content\/uploads\/2023\/04\/EindruckRegensburg-150x29.jpg 150w, https:\/\/www.revolutionaere-front.de\/wordpress\/wp-content\/uploads\/2023\/04\/EindruckRegensburg-1536x294.jpg 1536w, https:\/\/www.revolutionaere-front.de\/wordpress\/wp-content\/uploads\/2023\/04\/EindruckRegensburg-2048x392.jpg 2048w\" sizes=\"auto, (max-width: 2200px) 100vw, 2200px\" \/><figcaption class=\"wp-element-caption\">Regensburg<\/figcaption><\/figure>\n<\/figure>\n\n\n\n<figure class=\"wp-block-gallery has-nested-images columns-default is-cropped wp-block-gallery-6 is-layout-flex wp-block-gallery-is-layout-flex\">\n<figure class=\"wp-block-image size-full\"><img loading=\"lazy\" decoding=\"async\" width=\"2204\" height=\"431\" data-id=\"2467\" src=\"https:\/\/www.revolutionaere-front.de\/wordpress\/wp-content\/uploads\/2023\/04\/Eindruck-Nuernberg-1.jpg\" alt=\"\" class=\"wp-image-2467\" srcset=\"https:\/\/www.revolutionaere-front.de\/wordpress\/wp-content\/uploads\/2023\/04\/Eindruck-Nuernberg-1.jpg 2204w, https:\/\/www.revolutionaere-front.de\/wordpress\/wp-content\/uploads\/2023\/04\/Eindruck-Nuernberg-1-300x59.jpg 300w, https:\/\/www.revolutionaere-front.de\/wordpress\/wp-content\/uploads\/2023\/04\/Eindruck-Nuernberg-1-1024x200.jpg 1024w, https:\/\/www.revolutionaere-front.de\/wordpress\/wp-content\/uploads\/2023\/04\/Eindruck-Nuernberg-1-150x29.jpg 150w, https:\/\/www.revolutionaere-front.de\/wordpress\/wp-content\/uploads\/2023\/04\/Eindruck-Nuernberg-1-1536x300.jpg 1536w, https:\/\/www.revolutionaere-front.de\/wordpress\/wp-content\/uploads\/2023\/04\/Eindruck-Nuernberg-1-2048x400.jpg 2048w\" sizes=\"auto, (max-width: 2204px) 100vw, 2204px\" \/><figcaption class=\"wp-element-caption\">N\u00fcrnberg<\/figcaption><\/figure>\n<\/figure>\n\n\n\n<figure class=\"wp-block-gallery has-nested-images columns-default is-cropped wp-block-gallery-7 is-layout-flex wp-block-gallery-is-layout-flex\">\n<figure class=\"wp-block-image size-full\"><img loading=\"lazy\" decoding=\"async\" width=\"2205\" height=\"517\" data-id=\"2465\" src=\"https:\/\/www.revolutionaere-front.de\/wordpress\/wp-content\/uploads\/2023\/04\/Eindruck-Muenchen.jpg\" alt=\"\" class=\"wp-image-2465\" srcset=\"https:\/\/www.revolutionaere-front.de\/wordpress\/wp-content\/uploads\/2023\/04\/Eindruck-Muenchen.jpg 2205w, https:\/\/www.revolutionaere-front.de\/wordpress\/wp-content\/uploads\/2023\/04\/Eindruck-Muenchen-300x70.jpg 300w, https:\/\/www.revolutionaere-front.de\/wordpress\/wp-content\/uploads\/2023\/04\/Eindruck-Muenchen-1024x240.jpg 1024w, https:\/\/www.revolutionaere-front.de\/wordpress\/wp-content\/uploads\/2023\/04\/Eindruck-Muenchen-150x35.jpg 150w, https:\/\/www.revolutionaere-front.de\/wordpress\/wp-content\/uploads\/2023\/04\/Eindruck-Muenchen-1536x360.jpg 1536w, https:\/\/www.revolutionaere-front.de\/wordpress\/wp-content\/uploads\/2023\/04\/Eindruck-Muenchen-2048x480.jpg 2048w\" sizes=\"auto, (max-width: 2205px) 100vw, 2205px\" \/><figcaption class=\"wp-element-caption\">M\u00fcnchen<\/figcaption><\/figure>\n<\/figure>\n\n\n\n<p>Das farbige Plakat (mit oder ohne \u00f6rtlichen Eindruck) kann bestellt werden im Format 28cm x 48,7cm.<\/p>\n\n\n\n<p><\/p>\n","protected":false},"excerpt":{"rendered":"<p>Rein in den Roten Block &#8211; Nehmt teil am Antikriegs-Tribunal Der Zentrale Rat &#8211; Revolution\u00e4re Front hat die Aktionseinheit im Antikriegs-Tribunal mit dem Arbeiterbund f\u00fcr den Wiederaufbau der KPD zum Internationalen Kampftag der Arbeiterklasse im Kriegs-Jahr 2023 beschlossen.Wir rufen mit unserem Plakat auf:&#8222;Rein in den Roten Block &#8211; Nehmt teil am Antikriegs-Tribunal&#8220;. Nach Druckbeginn weitere [&hellip;]<\/p>\n","protected":false},"author":2,"featured_media":2455,"comment_status":"closed","ping_status":"closed","sticky":false,"template":"","format":"standard","meta":{"footnotes":""},"categories":[15],"tags":[84,60,47,38,74,106],"class_list":["post-2441","post","type-post","status-publish","format-standard","has-post-thumbnail","hentry","category-aktionen","tag-1-mai","tag-aktionseinheit","tag-kriegsvorbereitung","tag-revolution","tag-revolutionaere-front","tag-roter-block"],"_links":{"self":[{"href":"https:\/\/www.revolutionaere-front.de\/wordpress\/index.php?rest_route=\/wp\/v2\/posts\/2441","targetHints":{"allow":["GET"]}}],"collection":[{"href":"https:\/\/www.revolutionaere-front.de\/wordpress\/index.php?rest_route=\/wp\/v2\/posts"}],"about":[{"href":"https:\/\/www.revolutionaere-front.de\/wordpress\/index.php?rest_route=\/wp\/v2\/types\/post"}],"author":[{"embeddable":true,"href":"https:\/\/www.revolutionaere-front.de\/wordpress\/index.php?rest_route=\/wp\/v2\/users\/2"}],"replies":[{"embeddable":true,"href":"https:\/\/www.revolutionaere-front.de\/wordpress\/index.php?rest_route=%2Fwp%2Fv2%2Fcomments&post=2441"}],"version-history":[{"count":9,"href":"https:\/\/www.revolutionaere-front.de\/wordpress\/index.php?rest_route=\/wp\/v2\/posts\/2441\/revisions"}],"predecessor-version":[{"id":3159,"href":"https:\/\/www.revolutionaere-front.de\/wordpress\/index.php?rest_route=\/wp\/v2\/posts\/2441\/revisions\/3159"}],"wp:featuredmedia":[{"embeddable":true,"href":"https:\/\/www.revolutionaere-front.de\/wordpress\/index.php?rest_route=\/wp\/v2\/media\/2455"}],"wp:attachment":[{"href":"https:\/\/www.revolutionaere-front.de\/wordpress\/index.php?rest_route=%2Fwp%2Fv2%2Fmedia&parent=2441"}],"wp:term":[{"taxonomy":"category","embeddable":true,"href":"https:\/\/www.revolutionaere-front.de\/wordpress\/index.php?rest_route=%2Fwp%2Fv2%2Fcategories&post=2441"},{"taxonomy":"post_tag","embeddable":true,"href":"https:\/\/www.revolutionaere-front.de\/wordpress\/index.php?rest_route=%2Fwp%2Fv2%2Ftags&post=2441"}],"curies":[{"name":"wp","href":"https:\/\/api.w.org\/{rel}","templated":true}]}}