{"id":2492,"date":"2023-11-09T19:35:11","date_gmt":"2023-11-09T18:35:11","guid":{"rendered":"https:\/\/www.notstand-der-republik.de\/?p=2492"},"modified":"2026-04-22T21:50:33","modified_gmt":"2026-04-22T19:50:33","slug":"krieg-dem-krieg","status":"publish","type":"post","link":"https:\/\/www.revolutionaere-front.de\/wordpress\/?p=2492","title":{"rendered":"Krieg ihrem Krieg"},"content":{"rendered":"\n<p>Zum 20. November 2023 tr\u00e4gt der Aufruf 720 Unterzeichner aus 26 Betrieben und weitere:<\/p>\n\n\n\n<p class=\"has-vivid-red-color has-text-color has-medium-font-size\">ERSTUNTERZEICHNER:<br>Arbeiter, Vertrauensleute und Betriebsr\u00e4te aus folgenden Betrieben:<br>Bremen \/ Bremerhaven: Arcelor, Deutsche Bahn, Hafen, Mercedes \u2022 Dingolfing: BMW \u2022 Frankfurt: Siemens SSW, Gewerkschaftliche Arbeitsgruppe gegen den Notstand der Republik, Metaller\u2010Arbeitslose Frankfurt \u2022 Hamburg: Airbus, Mercedes, Hafen, Jungheinrich, Lufthansa Technik \u2022 K\u00f6ln: Ford \u2022 Mannheim: Daimler Truck \u2022 Leverkusen: Chempark \u2022 Ludwigshafen: BASF \u2022 M\u00fcnchen: BMW, MAN, MVG, Siemens Mobility \u2022 N\u00fcrnberg: DB Cargo, MAN, Siemens Energy,<br>ZF \u2022 Regensburg: BMW, Continental, Kerchensteiner Berufsschule, Vitesco<\/p>\n\n\n\n<figure class=\"wp-block-gallery has-nested-images columns-default is-cropped wp-block-gallery-1 is-layout-flex wp-block-gallery-is-layout-flex\">\n<figure class=\"wp-block-image size-full\"><img loading=\"lazy\" decoding=\"async\" width=\"1654\" height=\"2339\" data-id=\"2605\" src=\"https:\/\/www.revolutionaere-front.de\/wordpress\/wp-content\/uploads\/2023\/11\/Aufruf_Antikriegstag_2023_7A.jpg\" alt=\"\" class=\"wp-image-2605\" srcset=\"https:\/\/www.revolutionaere-front.de\/wordpress\/wp-content\/uploads\/2023\/11\/Aufruf_Antikriegstag_2023_7A.jpg 1654w, https:\/\/www.revolutionaere-front.de\/wordpress\/wp-content\/uploads\/2023\/11\/Aufruf_Antikriegstag_2023_7A-212x300.jpg 212w, https:\/\/www.revolutionaere-front.de\/wordpress\/wp-content\/uploads\/2023\/11\/Aufruf_Antikriegstag_2023_7A-724x1024.jpg 724w, https:\/\/www.revolutionaere-front.de\/wordpress\/wp-content\/uploads\/2023\/11\/Aufruf_Antikriegstag_2023_7A-106x150.jpg 106w, https:\/\/www.revolutionaere-front.de\/wordpress\/wp-content\/uploads\/2023\/11\/Aufruf_Antikriegstag_2023_7A-1086x1536.jpg 1086w, https:\/\/www.revolutionaere-front.de\/wordpress\/wp-content\/uploads\/2023\/11\/Aufruf_Antikriegstag_2023_7A-1448x2048.jpg 1448w\" sizes=\"auto, (max-width: 1654px) 100vw, 1654px\" \/><\/figure>\n<\/figure>\n\n\n\n<p><a href=\"https:\/\/www.revolutionaere-front.de\/wordpress\/wp-content\/uploads\/2023\/11\/Unterschriftenliste_Antikriegstag_2023_7A-1.pdf\">Aufruf als pdf<\/a>, <a href=\"https:\/\/www.revolutionaere-front.de\/wordpress\/wp-content\/uploads\/2023\/10\/AufrufTuerkisch.png\">&#8230; in T\u00fcrkisch<\/a>, <a href=\"https:\/\/www.revolutionaere-front.de\/wordpress\/wp-content\/uploads\/2023\/10\/Unterschriftenliste_Antikriegstag_2023_Spanisch.png\">&#8230; in Spanisch<\/a><\/p>\n\n\n\n<p>&#8212;&#8212;&#8212;&#8212;&#8212;&#8212;&#8212;&#8212;&#8212;&#8212;&#8212;&#8212;&#8212;&#8212;&#8212;&#8212;&#8212;&#8212;&#8212;&#8212;&#8212;&#8212;&#8212;&#8212;&#8212;&#8212;&#8212;&#8212;&#8212;&#8212;&#8212;&#8212;&#8212;&#8212;&#8212;&#8212;&#8212;&#8212;&#8211;<\/p>\n\n\n\n<p>Zum 28.Oktober 2023 tr\u00e4gt der Aufruf 588 Unterzeichner aus 24 Betrieben und weitere:<\/p>\n\n\n\n<p class=\"has-black-color has-text-color\">ERSTUNTERZEICHNER:<br>Arbeiter, Vertrauensleute und Betriebsr\u00e4te aus folgenden Betrieben:<br>Bremen \/ Bremerhaven: Arcelor, Hafen, Mercedes \u2022 Frankfurt: Siemens SSW,<br>Gewerkschaftliche Arbeitsgruppe gegen den Notstand der Republik, Metaller\u2010Arbeitslose Frankfurt \u2022<br>Hamburg: Airbus, Mercedes, Hafen, Jungheinrich, Lufthansa Technik \u2022 K\u00f6ln: Ford \u2022 Mannheim:<br>Daimler Truck \u2022 Leverkusen: Chempark \u2022 Ludwigshafen: BASF \u2022 M\u00fcnchen: BMW, MAN, MVG, Siemens<br>Mobility \u2022 N\u00fcrnberg: DB Cargo, MAN, Siemens Energy, ZF \u2022 Regensburg: BMW, Continental,<br>Kerchensteiner Berufsschule, Vitesco<\/p>\n\n\n\n<figure class=\"wp-block-gallery has-nested-images columns-default is-cropped wp-block-gallery-2 is-layout-flex wp-block-gallery-is-layout-flex\">\n<figure class=\"wp-block-image size-full\"><img loading=\"lazy\" decoding=\"async\" width=\"1654\" height=\"2339\" data-id=\"2586\" src=\"https:\/\/www.revolutionaere-front.de\/wordpress\/wp-content\/uploads\/2023\/11\/Unterschriftenliste_Antikriegstag_2023_6A.png\" alt=\"\" class=\"wp-image-2586\" srcset=\"https:\/\/www.revolutionaere-front.de\/wordpress\/wp-content\/uploads\/2023\/11\/Unterschriftenliste_Antikriegstag_2023_6A.png 1654w, https:\/\/www.revolutionaere-front.de\/wordpress\/wp-content\/uploads\/2023\/11\/Unterschriftenliste_Antikriegstag_2023_6A-212x300.png 212w, https:\/\/www.revolutionaere-front.de\/wordpress\/wp-content\/uploads\/2023\/11\/Unterschriftenliste_Antikriegstag_2023_6A-724x1024.png 724w, https:\/\/www.revolutionaere-front.de\/wordpress\/wp-content\/uploads\/2023\/11\/Unterschriftenliste_Antikriegstag_2023_6A-106x150.png 106w, https:\/\/www.revolutionaere-front.de\/wordpress\/wp-content\/uploads\/2023\/11\/Unterschriftenliste_Antikriegstag_2023_6A-1086x1536.png 1086w, https:\/\/www.revolutionaere-front.de\/wordpress\/wp-content\/uploads\/2023\/11\/Unterschriftenliste_Antikriegstag_2023_6A-1448x2048.png 1448w\" sizes=\"auto, (max-width: 1654px) 100vw, 1654px\" \/><\/figure>\n<\/figure>\n\n\n\n<p>&#8212;&#8212;&#8212;&#8212;&#8212;&#8212;&#8212;&#8212;&#8212;&#8212;&#8212;&#8212;&#8212;&#8212;&#8212;&#8212;&#8212;&#8212;&#8212;&#8212;&#8212;&#8212;&#8212;&#8212;&#8212;&#8212;&#8212;&#8212;&#8212;&#8212;&#8212;&#8212;&#8212;&#8212;&#8212;&#8212;&#8212;&#8212;&#8211;<\/p>\n\n\n\n<p>Zum 27. August tr\u00e4gt der Aufruf 306 Unterzeichner:<\/p>\n\n\n\n<p>ERSTUNTERZEICHNER: Arbeiter, Vertrauensleute und Betriebsr\u00e4te aus folgenden Betrieben: <br>Bremen \/ Bremerhaven: Arcelor, Hafen, Mercedes \u2022 Frankfurt: Siemens SSW,<br>Gewerkschaftliche Arbeitsgruppe gegen den Notstand der Republik, Metaller\u2010Arbeitslose Frankfurt \u2022 K\u00f6ln: Ford \u2022 Mannheim: Daimler Truck \u2022 M\u00fcnchen: BMW, MAN, MVG, Siemens Mobility \u2022 N\u00fcrnberg: DB Cargo, MAN, Siemens Energy, ZF \u2022 Regensburg: BMW, Continental<\/p>\n\n\n\n<p>Aufruf zum Antikriegstag 2023 <\/p>\n\n\n\n<figure class=\"wp-block-gallery has-nested-images columns-default is-cropped wp-block-gallery-3 is-layout-flex wp-block-gallery-is-layout-flex\">\n<figure class=\"wp-block-image size-full\"><a href=\"https:\/\/www.notstand-der-republik.de\/wordpress\/wp-content\/uploads\/2023\/10\/Unterschriftenliste_Antikriegstag_2023_2A.pdf\"><img loading=\"lazy\" decoding=\"async\" width=\"1654\" height=\"2339\" data-id=\"2553\" src=\"https:\/\/www.revolutionaere-front.de\/wordpress\/wp-content\/uploads\/2023\/10\/Unterschriftenliste_Antikriegstag_2023_2A.jpg\" alt=\"\" class=\"wp-image-2553\" srcset=\"https:\/\/www.revolutionaere-front.de\/wordpress\/wp-content\/uploads\/2023\/10\/Unterschriftenliste_Antikriegstag_2023_2A.jpg 1654w, https:\/\/www.revolutionaere-front.de\/wordpress\/wp-content\/uploads\/2023\/10\/Unterschriftenliste_Antikriegstag_2023_2A-212x300.jpg 212w, https:\/\/www.revolutionaere-front.de\/wordpress\/wp-content\/uploads\/2023\/10\/Unterschriftenliste_Antikriegstag_2023_2A-724x1024.jpg 724w, https:\/\/www.revolutionaere-front.de\/wordpress\/wp-content\/uploads\/2023\/10\/Unterschriftenliste_Antikriegstag_2023_2A-106x150.jpg 106w, https:\/\/www.revolutionaere-front.de\/wordpress\/wp-content\/uploads\/2023\/10\/Unterschriftenliste_Antikriegstag_2023_2A-1086x1536.jpg 1086w, https:\/\/www.revolutionaere-front.de\/wordpress\/wp-content\/uploads\/2023\/10\/Unterschriftenliste_Antikriegstag_2023_2A-1448x2048.jpg 1448w\" sizes=\"auto, (max-width: 1654px) 100vw, 1654px\" \/><\/a><\/figure>\n<\/figure>\n\n\n\n<p><a href=\"https:\/\/www.revolutionaere-front.de\/wordpress\/wp-content\/uploads\/2023\/10\/AufrufTuerkisch.png\">&#8230; in T\u00fcrkisch<\/a><\/p>\n\n\n\n<p><a href=\"https:\/\/www.revolutionaere-front.de\/wordpress\/wp-content\/uploads\/2023\/10\/Unterschriftenliste_Antikriegstag_2023_Spanisch.png\">&#8230; in Spanisch<\/a><\/p>\n\n\n\n<p>Die Revolution\u00e4re Front &#8211; Rote Fahnen sieht man besser hat beschlossen in einer Einheit mit dem Arbeiterbund f\u00fcr den Wiederaufbau der KPD, der FDJ und der Revolution\u00e4ren Front gemeinsam diese Unterschriftenkampagne zu starten und damit vor und in die Betriebe zu gehen. Unterschreibt\/Unterst\u00fctzt den Aufruf damit wir die Kriegsgegner zusammen schlie\u00dfen k\u00f6nnen, auch im Handeln. Die Unterschriften sollen vor dem 1. September, dem Antikriegstag, &#8222;zur\u00fcck gehen&#8220; in die Betriebe um weitere Unterst\u00fctzer zu finden und um beim Antikriegstag und den Aktionen an diesem Tag ver\u00f6ffentlicht zu werden, kurz um dazu beizutragen die nationale und internationale Anti-Kriegsfront zu schmieden.  Aber auch \u00fcber den Antikriegstag hinaus kann dieser Aufruf als Grundlage dienen f\u00fcr den kommenden Gewerkschaftstag der IG Metall, um dem Vorsto\u00df, ausgehend vom Vorstand der IG Metall &#8222;uns zum Teil der Kriegspartei zu machen&#8220;, die Haltung der internationalen Arbeiterklasse entgegen zu setzen: <strong>Krieg ihrem Krieg!<\/strong><\/p>\n","protected":false},"excerpt":{"rendered":"<p>Zum 20. November 2023 tr\u00e4gt der Aufruf 720 Unterzeichner aus 26 Betrieben und weitere: ERSTUNTERZEICHNER:Arbeiter, Vertrauensleute und Betriebsr\u00e4te aus folgenden Betrieben:Bremen \/ Bremerhaven: Arcelor, Deutsche Bahn, Hafen, Mercedes \u2022 Dingolfing: BMW \u2022 Frankfurt: Siemens SSW, Gewerkschaftliche Arbeitsgruppe gegen den Notstand der Republik, Metaller\u2010Arbeitslose Frankfurt \u2022 Hamburg: Airbus, Mercedes, Hafen, Jungheinrich, Lufthansa Technik \u2022 K\u00f6ln: Ford [&hellip;]<\/p>\n","protected":false},"author":2,"featured_media":2491,"comment_status":"closed","ping_status":"closed","sticky":false,"template":"","format":"standard","meta":{"footnotes":""},"categories":[15,13,16],"tags":[46,37,58,47,74],"class_list":["post-2492","post","type-post","status-publish","format-standard","has-post-thumbnail","hentry","category-aktionen","category-aktionseinheit","category-erklaerungen","tag-antimilitarismus","tag-deutscher-krieg","tag-ig-metall","tag-kriegsvorbereitung","tag-revolutionaere-front"],"_links":{"self":[{"href":"https:\/\/www.revolutionaere-front.de\/wordpress\/index.php?rest_route=\/wp\/v2\/posts\/2492","targetHints":{"allow":["GET"]}}],"collection":[{"href":"https:\/\/www.revolutionaere-front.de\/wordpress\/index.php?rest_route=\/wp\/v2\/posts"}],"about":[{"href":"https:\/\/www.revolutionaere-front.de\/wordpress\/index.php?rest_route=\/wp\/v2\/types\/post"}],"author":[{"embeddable":true,"href":"https:\/\/www.revolutionaere-front.de\/wordpress\/index.php?rest_route=\/wp\/v2\/users\/2"}],"replies":[{"embeddable":true,"href":"https:\/\/www.revolutionaere-front.de\/wordpress\/index.php?rest_route=%2Fwp%2Fv2%2Fcomments&post=2492"}],"version-history":[{"count":23,"href":"https:\/\/www.revolutionaere-front.de\/wordpress\/index.php?rest_route=\/wp\/v2\/posts\/2492\/revisions"}],"predecessor-version":[{"id":3176,"href":"https:\/\/www.revolutionaere-front.de\/wordpress\/index.php?rest_route=\/wp\/v2\/posts\/2492\/revisions\/3176"}],"wp:featuredmedia":[{"embeddable":true,"href":"https:\/\/www.revolutionaere-front.de\/wordpress\/index.php?rest_route=\/wp\/v2\/media\/2491"}],"wp:attachment":[{"href":"https:\/\/www.revolutionaere-front.de\/wordpress\/index.php?rest_route=%2Fwp%2Fv2%2Fmedia&parent=2492"}],"wp:term":[{"taxonomy":"category","embeddable":true,"href":"https:\/\/www.revolutionaere-front.de\/wordpress\/index.php?rest_route=%2Fwp%2Fv2%2Fcategories&post=2492"},{"taxonomy":"post_tag","embeddable":true,"href":"https:\/\/www.revolutionaere-front.de\/wordpress\/index.php?rest_route=%2Fwp%2Fv2%2Ftags&post=2492"}],"curies":[{"name":"wp","href":"https:\/\/api.w.org\/{rel}","templated":true}]}}