{"id":2533,"date":"2023-10-08T15:26:12","date_gmt":"2023-10-08T13:26:12","guid":{"rendered":"https:\/\/www.notstand-der-republik.de\/?p=2533"},"modified":"2026-04-22T21:41:00","modified_gmt":"2026-04-22T19:41:00","slug":"macht-schluss-mit-dem-krieg","status":"publish","type":"post","link":"https:\/\/www.revolutionaere-front.de\/wordpress\/?p=2533","title":{"rendered":"Macht Schluss mit dem Krieg"},"content":{"rendered":"\n<p>Der Zentrale Rat &#8211; Revolution\u00e4re Front &#8222;Rote Fahnen sieht man besser&#8220; unterst\u00fctzt und ist Teil der Aktionseinheit f\u00fcr die Aktionstage &#8222;100 Jahre Hamburger Aufstand&#8220; mit dem Arbeiterbund f\u00fcr den Wiederaufbau der KPD und der FDJ.<\/p>\n\n\n\n<figure class=\"wp-block-gallery has-nested-images columns-default is-cropped wp-block-gallery-1 is-layout-flex wp-block-gallery-is-layout-flex\">\n<figure class=\"wp-block-image size-full\"><img loading=\"lazy\" decoding=\"async\" width=\"476\" height=\"327\" data-id=\"2538\" src=\"https:\/\/www.revolutionaere-front.de\/wordpress\/wp-content\/uploads\/2023\/10\/HH-F-1.png\" alt=\"\" class=\"wp-image-2538\" srcset=\"https:\/\/www.revolutionaere-front.de\/wordpress\/wp-content\/uploads\/2023\/10\/HH-F-1.png 476w, https:\/\/www.revolutionaere-front.de\/wordpress\/wp-content\/uploads\/2023\/10\/HH-F-1-300x206.png 300w, https:\/\/www.revolutionaere-front.de\/wordpress\/wp-content\/uploads\/2023\/10\/HH-F-1-150x103.png 150w\" sizes=\"auto, (max-width: 476px) 100vw, 476px\" \/><\/figure>\n<\/figure>\n\n\n\n<figure class=\"wp-block-gallery has-nested-images columns-default is-cropped wp-block-gallery-2 is-layout-flex wp-block-gallery-is-layout-flex\">\n<figure class=\"wp-block-image size-full\"><img loading=\"lazy\" decoding=\"async\" width=\"704\" height=\"323\" data-id=\"2539\" src=\"https:\/\/www.revolutionaere-front.de\/wordpress\/wp-content\/uploads\/2023\/10\/MRN-1.png\" alt=\"\" class=\"wp-image-2539\" srcset=\"https:\/\/www.revolutionaere-front.de\/wordpress\/wp-content\/uploads\/2023\/10\/MRN-1.png 704w, https:\/\/www.revolutionaere-front.de\/wordpress\/wp-content\/uploads\/2023\/10\/MRN-1-300x138.png 300w, https:\/\/www.revolutionaere-front.de\/wordpress\/wp-content\/uploads\/2023\/10\/MRN-1-150x69.png 150w\" sizes=\"auto, (max-width: 704px) 100vw, 704px\" \/><\/figure>\n<\/figure>\n\n\n\n<figure class=\"wp-block-gallery has-nested-images columns-default is-cropped wp-block-gallery-3 is-layout-flex wp-block-gallery-is-layout-flex\">\n<figure class=\"wp-block-image size-full\"><img loading=\"lazy\" decoding=\"async\" width=\"464\" height=\"310\" data-id=\"2540\" src=\"https:\/\/www.revolutionaere-front.de\/wordpress\/wp-content\/uploads\/2023\/10\/KHB-1.png\" alt=\"\" class=\"wp-image-2540\" srcset=\"https:\/\/www.revolutionaere-front.de\/wordpress\/wp-content\/uploads\/2023\/10\/KHB-1.png 464w, https:\/\/www.revolutionaere-front.de\/wordpress\/wp-content\/uploads\/2023\/10\/KHB-1-300x200.png 300w, https:\/\/www.revolutionaere-front.de\/wordpress\/wp-content\/uploads\/2023\/10\/KHB-1-150x100.png 150w\" sizes=\"auto, (max-width: 464px) 100vw, 464px\" \/><\/figure>\n<\/figure>\n\n\n\n<figure class=\"wp-block-gallery has-nested-images columns-default is-cropped wp-block-gallery-4 is-layout-flex wp-block-gallery-is-layout-flex\">\n<figure class=\"wp-block-image size-full\"><img loading=\"lazy\" decoding=\"async\" width=\"2497\" height=\"3627\" data-id=\"2534\" src=\"https:\/\/www.revolutionaere-front.de\/wordpress\/wp-content\/uploads\/2023\/10\/Plakat-Hamburg.png\" alt=\"\" class=\"wp-image-2534\" srcset=\"https:\/\/www.revolutionaere-front.de\/wordpress\/wp-content\/uploads\/2023\/10\/Plakat-Hamburg.png 2497w, https:\/\/www.revolutionaere-front.de\/wordpress\/wp-content\/uploads\/2023\/10\/Plakat-Hamburg-207x300.png 207w, https:\/\/www.revolutionaere-front.de\/wordpress\/wp-content\/uploads\/2023\/10\/Plakat-Hamburg-705x1024.png 705w, https:\/\/www.revolutionaere-front.de\/wordpress\/wp-content\/uploads\/2023\/10\/Plakat-Hamburg-103x150.png 103w, https:\/\/www.revolutionaere-front.de\/wordpress\/wp-content\/uploads\/2023\/10\/Plakat-Hamburg-1057x1536.png 1057w, https:\/\/www.revolutionaere-front.de\/wordpress\/wp-content\/uploads\/2023\/10\/Plakat-Hamburg-1410x2048.png 1410w\" sizes=\"auto, (max-width: 2497px) 100vw, 2497px\" \/><\/figure>\n<\/figure>\n\n\n\n<p><a href=\"https:\/\/www.revolutionaere-front.de\/wordpress\/wp-content\/uploads\/2023\/10\/Plakat-Aktionstage-HA.pdf\">Plakat als pdf<\/a><\/p>\n","protected":false},"excerpt":{"rendered":"<p>Der Zentrale Rat &#8211; Revolution\u00e4re Front &#8222;Rote Fahnen sieht man besser&#8220; unterst\u00fctzt und ist Teil der Aktionseinheit f\u00fcr die Aktionstage &#8222;100 Jahre Hamburger Aufstand&#8220; mit dem Arbeiterbund f\u00fcr den Wiederaufbau der KPD und der FDJ. Plakat als pdf<\/p>\n","protected":false},"author":2,"featured_media":2551,"comment_status":"closed","ping_status":"closed","sticky":false,"template":"","format":"standard","meta":{"footnotes":""},"categories":[13],"tags":[113,37],"class_list":["post-2533","post","type-post","status-publish","format-standard","has-post-thumbnail","hentry","category-aktionseinheit","tag-anti-kriegsfront","tag-deutscher-krieg"],"_links":{"self":[{"href":"https:\/\/www.revolutionaere-front.de\/wordpress\/index.php?rest_route=\/wp\/v2\/posts\/2533","targetHints":{"allow":["GET"]}}],"collection":[{"href":"https:\/\/www.revolutionaere-front.de\/wordpress\/index.php?rest_route=\/wp\/v2\/posts"}],"about":[{"href":"https:\/\/www.revolutionaere-front.de\/wordpress\/index.php?rest_route=\/wp\/v2\/types\/post"}],"author":[{"embeddable":true,"href":"https:\/\/www.revolutionaere-front.de\/wordpress\/index.php?rest_route=\/wp\/v2\/users\/2"}],"replies":[{"embeddable":true,"href":"https:\/\/www.revolutionaere-front.de\/wordpress\/index.php?rest_route=%2Fwp%2Fv2%2Fcomments&post=2533"}],"version-history":[{"count":3,"href":"https:\/\/www.revolutionaere-front.de\/wordpress\/index.php?rest_route=\/wp\/v2\/posts\/2533\/revisions"}],"predecessor-version":[{"id":3170,"href":"https:\/\/www.revolutionaere-front.de\/wordpress\/index.php?rest_route=\/wp\/v2\/posts\/2533\/revisions\/3170"}],"wp:featuredmedia":[{"embeddable":true,"href":"https:\/\/www.revolutionaere-front.de\/wordpress\/index.php?rest_route=\/wp\/v2\/media\/2551"}],"wp:attachment":[{"href":"https:\/\/www.revolutionaere-front.de\/wordpress\/index.php?rest_route=%2Fwp%2Fv2%2Fmedia&parent=2533"}],"wp:term":[{"taxonomy":"category","embeddable":true,"href":"https:\/\/www.revolutionaere-front.de\/wordpress\/index.php?rest_route=%2Fwp%2Fv2%2Fcategories&post=2533"},{"taxonomy":"post_tag","embeddable":true,"href":"https:\/\/www.revolutionaere-front.de\/wordpress\/index.php?rest_route=%2Fwp%2Fv2%2Ftags&post=2533"}],"curies":[{"name":"wp","href":"https:\/\/api.w.org\/{rel}","templated":true}]}}