{"id":2589,"date":"2023-11-01T18:18:49","date_gmt":"2023-11-01T17:18:49","guid":{"rendered":"https:\/\/www.notstand-der-republik.de\/?p=2589"},"modified":"2023-11-01T18:22:44","modified_gmt":"2023-11-01T17:22:44","slug":"aktionstagebuch","status":"publish","type":"post","link":"https:\/\/www.revolutionaere-front.de\/wordpress\/?p=2589","title":{"rendered":"Aktionstagebuch"},"content":{"rendered":"\n<p class=\"has-x-large-font-size\"><strong>Macht Schluss mit dem Krieg<\/strong><\/p>\n\n\n\n<p>Auf der <a href=\"http:\/\/www.arbeiterbund-fuer-den-wiederaufbau-der-kpd.de\/aktivitaeten.html#HamburgerAufstand_Aktionstage\">Internet-Seite<\/a> des Arbeiterbund f\u00fcr den Wiederaufbau der KPD finden sich die aktuellen <a href=\"http:\/\/www.arbeiterbund-fuer-den-wiederaufbau-der-kpd.de\/aktivitaeten.html#HamburgerAufstand_Aktionstage\">Tageb\u00fccher<\/a> der Aktionstage mit seinen Stationen.<\/p>\n\n\n\n<p class=\"has-vivid-red-color has-pale-cyan-blue-background-color has-text-color has-background has-medium-font-size\"><strong>Hamburg<\/strong> 23. Oktober &#8211; 24. Oktober<\/p>\n\n\n\n<p><strong>23.10.<\/strong> Daimler Werk Hamburg Harbug + Eimsb\u00fcttel + Th\u00e4lmann Haus + Barmbek + Jungheinrich Norderstedt<\/p>\n\n\n\n<p><strong>24.10.<\/strong> Hafen + Altona + Innenstadt + Airbus Landungsbr\u00fccken<\/p>\n\n\n\n<p class=\"has-vivid-red-color has-pale-cyan-blue-background-color has-text-color has-background has-medium-font-size\"><strong>Frankfurt<\/strong> 26. Oktober &#8211; 28. Oktober<\/p>\n\n\n\n<p><strong>26.10.<\/strong> IGM Gewerkschaftstag + Daimler Truck Mannheim + BASF Ludwigshafen<\/p>\n\n\n\n<p><strong>27.10.<\/strong> Siemens + Daimler Truck W\u00f6rth<\/p>\n\n\n\n<p><strong>28.10.<\/strong> Frankfurt H\u00f6chst + Gallusviertel<\/p>\n","protected":false},"excerpt":{"rendered":"<p>Macht Schluss mit dem Krieg Auf der Internet-Seite des Arbeiterbund f\u00fcr den Wiederaufbau der KPD finden sich die aktuellen Tageb\u00fccher der Aktionstage mit seinen Stationen. Hamburg 23. Oktober &#8211; 24. Oktober 23.10. Daimler Werk Hamburg Harbug + Eimsb\u00fcttel + Th\u00e4lmann Haus + Barmbek + Jungheinrich Norderstedt 24.10. Hafen + Altona + Innenstadt + Airbus Landungsbr\u00fccken [&hellip;]<\/p>\n","protected":false},"author":2,"featured_media":2592,"comment_status":"closed","ping_status":"closed","sticky":false,"template":"","format":"standard","meta":{"footnotes":""},"categories":[15,13],"tags":[113,46,37,58,47,74],"class_list":["post-2589","post","type-post","status-publish","format-standard","has-post-thumbnail","hentry","category-aktionen","category-aktionseinheit","tag-anti-kriegsfront","tag-antimilitarismus","tag-deutscher-krieg","tag-ig-metall","tag-kriegsvorbereitung","tag-revolutionaere-front"],"_links":{"self":[{"href":"https:\/\/www.revolutionaere-front.de\/wordpress\/index.php?rest_route=\/wp\/v2\/posts\/2589","targetHints":{"allow":["GET"]}}],"collection":[{"href":"https:\/\/www.revolutionaere-front.de\/wordpress\/index.php?rest_route=\/wp\/v2\/posts"}],"about":[{"href":"https:\/\/www.revolutionaere-front.de\/wordpress\/index.php?rest_route=\/wp\/v2\/types\/post"}],"author":[{"embeddable":true,"href":"https:\/\/www.revolutionaere-front.de\/wordpress\/index.php?rest_route=\/wp\/v2\/users\/2"}],"replies":[{"embeddable":true,"href":"https:\/\/www.revolutionaere-front.de\/wordpress\/index.php?rest_route=%2Fwp%2Fv2%2Fcomments&post=2589"}],"version-history":[{"count":2,"href":"https:\/\/www.revolutionaere-front.de\/wordpress\/index.php?rest_route=\/wp\/v2\/posts\/2589\/revisions"}],"predecessor-version":[{"id":2593,"href":"https:\/\/www.revolutionaere-front.de\/wordpress\/index.php?rest_route=\/wp\/v2\/posts\/2589\/revisions\/2593"}],"wp:featuredmedia":[{"embeddable":true,"href":"https:\/\/www.revolutionaere-front.de\/wordpress\/index.php?rest_route=\/wp\/v2\/media\/2592"}],"wp:attachment":[{"href":"https:\/\/www.revolutionaere-front.de\/wordpress\/index.php?rest_route=%2Fwp%2Fv2%2Fmedia&parent=2589"}],"wp:term":[{"taxonomy":"category","embeddable":true,"href":"https:\/\/www.revolutionaere-front.de\/wordpress\/index.php?rest_route=%2Fwp%2Fv2%2Fcategories&post=2589"},{"taxonomy":"post_tag","embeddable":true,"href":"https:\/\/www.revolutionaere-front.de\/wordpress\/index.php?rest_route=%2Fwp%2Fv2%2Ftags&post=2589"}],"curies":[{"name":"wp","href":"https:\/\/api.w.org\/{rel}","templated":true}]}}