{"id":2595,"date":"2023-11-10T13:17:48","date_gmt":"2023-11-10T12:17:48","guid":{"rendered":"https:\/\/www.notstand-der-republik.de\/?p=2595"},"modified":"2026-04-22T21:53:03","modified_gmt":"2026-04-22T19:53:03","slug":"wir-sind-der-hafen-die-bahn-und-die-fabrik","status":"publish","type":"post","link":"https:\/\/www.revolutionaere-front.de\/wordpress\/?p=2595","title":{"rendered":"Wir sind der Hafen, die Bahn und die Fabrik"},"content":{"rendered":"\n<p>Solidarit\u00e4tserkl\u00e4rung zu Streik und Demonstration der Hamburger Hafenarbeiter gegen die Privatisierung<\/p>\n\n\n\n<figure class=\"wp-block-image size-full\"><img loading=\"lazy\" decoding=\"async\" width=\"1654\" height=\"2339\" src=\"https:\/\/www.revolutionaere-front.de\/wordpress\/wp-content\/uploads\/2023\/11\/An-die-kaempfenden-Arbeiter-im-Hamburger-Hafen.png\" alt=\"\" class=\"wp-image-2596\" srcset=\"https:\/\/www.revolutionaere-front.de\/wordpress\/wp-content\/uploads\/2023\/11\/An-die-kaempfenden-Arbeiter-im-Hamburger-Hafen.png 1654w, https:\/\/www.revolutionaere-front.de\/wordpress\/wp-content\/uploads\/2023\/11\/An-die-kaempfenden-Arbeiter-im-Hamburger-Hafen-212x300.png 212w, https:\/\/www.revolutionaere-front.de\/wordpress\/wp-content\/uploads\/2023\/11\/An-die-kaempfenden-Arbeiter-im-Hamburger-Hafen-724x1024.png 724w, https:\/\/www.revolutionaere-front.de\/wordpress\/wp-content\/uploads\/2023\/11\/An-die-kaempfenden-Arbeiter-im-Hamburger-Hafen-106x150.png 106w, https:\/\/www.revolutionaere-front.de\/wordpress\/wp-content\/uploads\/2023\/11\/An-die-kaempfenden-Arbeiter-im-Hamburger-Hafen-1086x1536.png 1086w, https:\/\/www.revolutionaere-front.de\/wordpress\/wp-content\/uploads\/2023\/11\/An-die-kaempfenden-Arbeiter-im-Hamburger-Hafen-1448x2048.png 1448w\" sizes=\"auto, (max-width: 1654px) 100vw, 1654px\" \/><\/figure>\n\n\n\n<p><a href=\"https:\/\/www.revolutionaere-front.de\/wordpress\/wp-content\/uploads\/2023\/11\/An-die-kaempfenden-Arbeiter-im-Hamburger-Hafen.pdf\">Erkl\u00e4rung als pdf<\/a><\/p>\n","protected":false},"excerpt":{"rendered":"<p>Solidarit\u00e4tserkl\u00e4rung zu Streik und Demonstration der Hamburger Hafenarbeiter gegen die Privatisierung Erkl\u00e4rung als pdf<\/p>\n","protected":false},"author":2,"featured_media":2597,"comment_status":"closed","ping_status":"closed","sticky":false,"template":"","format":"standard","meta":{"footnotes":""},"categories":[16],"tags":[46,47,38,74,43],"class_list":["post-2595","post","type-post","status-publish","format-standard","has-post-thumbnail","hentry","category-erklaerungen","tag-antimilitarismus","tag-kriegsvorbereitung","tag-revolution","tag-revolutionaere-front","tag-streik"],"_links":{"self":[{"href":"https:\/\/www.revolutionaere-front.de\/wordpress\/index.php?rest_route=\/wp\/v2\/posts\/2595","targetHints":{"allow":["GET"]}}],"collection":[{"href":"https:\/\/www.revolutionaere-front.de\/wordpress\/index.php?rest_route=\/wp\/v2\/posts"}],"about":[{"href":"https:\/\/www.revolutionaere-front.de\/wordpress\/index.php?rest_route=\/wp\/v2\/types\/post"}],"author":[{"embeddable":true,"href":"https:\/\/www.revolutionaere-front.de\/wordpress\/index.php?rest_route=\/wp\/v2\/users\/2"}],"replies":[{"embeddable":true,"href":"https:\/\/www.revolutionaere-front.de\/wordpress\/index.php?rest_route=%2Fwp%2Fv2%2Fcomments&post=2595"}],"version-history":[{"count":6,"href":"https:\/\/www.revolutionaere-front.de\/wordpress\/index.php?rest_route=\/wp\/v2\/posts\/2595\/revisions"}],"predecessor-version":[{"id":3179,"href":"https:\/\/www.revolutionaere-front.de\/wordpress\/index.php?rest_route=\/wp\/v2\/posts\/2595\/revisions\/3179"}],"wp:featuredmedia":[{"embeddable":true,"href":"https:\/\/www.revolutionaere-front.de\/wordpress\/index.php?rest_route=\/wp\/v2\/media\/2597"}],"wp:attachment":[{"href":"https:\/\/www.revolutionaere-front.de\/wordpress\/index.php?rest_route=%2Fwp%2Fv2%2Fmedia&parent=2595"}],"wp:term":[{"taxonomy":"category","embeddable":true,"href":"https:\/\/www.revolutionaere-front.de\/wordpress\/index.php?rest_route=%2Fwp%2Fv2%2Fcategories&post=2595"},{"taxonomy":"post_tag","embeddable":true,"href":"https:\/\/www.revolutionaere-front.de\/wordpress\/index.php?rest_route=%2Fwp%2Fv2%2Ftags&post=2595"}],"curies":[{"name":"wp","href":"https:\/\/api.w.org\/{rel}","templated":true}]}}