{"id":2641,"date":"2024-04-15T17:54:26","date_gmt":"2024-04-15T15:54:26","guid":{"rendered":"https:\/\/www.notstand-der-republik.de\/?p=2641"},"modified":"2026-04-22T21:58:29","modified_gmt":"2026-04-22T19:58:29","slug":"1-mai-internationaler-kampftag-der-arbeiterklasse-2","status":"publish","type":"post","link":"https:\/\/www.revolutionaere-front.de\/wordpress\/?p=2641","title":{"rendered":"1. Mai Internationaler Kampftag der Arbeiterklasse"},"content":{"rendered":"\n<p>Plakat der Revolution\u00e4ren Front mit Veranstaltungen der Einheitsfront, den Sammelpunkten der Roten Bl\u00f6cke in Bremen, Frankfurt, K\u00f6ln, M\u00fcnchen, N\u00fcrnberg, Regensburg<\/p>\n\n\n\n<figure class=\"wp-block-gallery has-nested-images columns-default is-cropped wp-block-gallery-1 is-layout-flex wp-block-gallery-is-layout-flex\">\n<figure class=\"wp-block-image size-full\"><img loading=\"lazy\" decoding=\"async\" width=\"1469\" height=\"2560\" data-id=\"2620\" src=\"https:\/\/www.revolutionaere-front.de\/wordpress\/wp-content\/uploads\/2024\/04\/RF-Plakat-1.-Mai-2024-Bremen-scaled.jpg\" alt=\"\" class=\"wp-image-2620\" srcset=\"https:\/\/www.revolutionaere-front.de\/wordpress\/wp-content\/uploads\/2024\/04\/RF-Plakat-1.-Mai-2024-Bremen-scaled.jpg 1469w, https:\/\/www.revolutionaere-front.de\/wordpress\/wp-content\/uploads\/2024\/04\/RF-Plakat-1.-Mai-2024-Bremen-172x300.jpg 172w, https:\/\/www.revolutionaere-front.de\/wordpress\/wp-content\/uploads\/2024\/04\/RF-Plakat-1.-Mai-2024-Bremen-588x1024.jpg 588w, https:\/\/www.revolutionaere-front.de\/wordpress\/wp-content\/uploads\/2024\/04\/RF-Plakat-1.-Mai-2024-Bremen-86x150.jpg 86w, https:\/\/www.revolutionaere-front.de\/wordpress\/wp-content\/uploads\/2024\/04\/RF-Plakat-1.-Mai-2024-Bremen-881x1536.jpg 881w, https:\/\/www.revolutionaere-front.de\/wordpress\/wp-content\/uploads\/2024\/04\/RF-Plakat-1.-Mai-2024-Bremen-1175x2048.jpg 1175w\" sizes=\"auto, (max-width: 1469px) 100vw, 1469px\" \/><figcaption class=\"wp-element-caption\">Revvolution\u00e4re Front &#8211; Abteilung Bremen<\/figcaption><\/figure>\n<\/figure>\n\n\n\n<figure class=\"wp-block-gallery has-nested-images columns-default is-cropped wp-block-gallery-2 is-layout-flex wp-block-gallery-is-layout-flex\">\n<figure class=\"wp-block-image size-full\"><img loading=\"lazy\" decoding=\"async\" width=\"1469\" height=\"2560\" data-id=\"2621\" src=\"https:\/\/www.revolutionaere-front.de\/wordpress\/wp-content\/uploads\/2024\/04\/RF-Plakat-1.-Mai-2024-Frankfurt-scaled.jpg\" alt=\"\" class=\"wp-image-2621\" srcset=\"https:\/\/www.revolutionaere-front.de\/wordpress\/wp-content\/uploads\/2024\/04\/RF-Plakat-1.-Mai-2024-Frankfurt-scaled.jpg 1469w, https:\/\/www.revolutionaere-front.de\/wordpress\/wp-content\/uploads\/2024\/04\/RF-Plakat-1.-Mai-2024-Frankfurt-172x300.jpg 172w, https:\/\/www.revolutionaere-front.de\/wordpress\/wp-content\/uploads\/2024\/04\/RF-Plakat-1.-Mai-2024-Frankfurt-588x1024.jpg 588w, https:\/\/www.revolutionaere-front.de\/wordpress\/wp-content\/uploads\/2024\/04\/RF-Plakat-1.-Mai-2024-Frankfurt-86x150.jpg 86w, https:\/\/www.revolutionaere-front.de\/wordpress\/wp-content\/uploads\/2024\/04\/RF-Plakat-1.-Mai-2024-Frankfurt-881x1536.jpg 881w, https:\/\/www.revolutionaere-front.de\/wordpress\/wp-content\/uploads\/2024\/04\/RF-Plakat-1.-Mai-2024-Frankfurt-1175x2048.jpg 1175w\" sizes=\"auto, (max-width: 1469px) 100vw, 1469px\" \/><figcaption class=\"wp-element-caption\">Revolution\u00e4re Front &#8211; Abteilung Frankfurt am Main<\/figcaption><\/figure>\n<\/figure>\n\n\n\n<figure class=\"wp-block-gallery has-nested-images columns-default is-cropped wp-block-gallery-3 is-layout-flex wp-block-gallery-is-layout-flex\">\n<figure class=\"wp-block-image size-full\"><img loading=\"lazy\" decoding=\"async\" width=\"1469\" height=\"2560\" data-id=\"2622\" src=\"https:\/\/www.revolutionaere-front.de\/wordpress\/wp-content\/uploads\/2024\/04\/RF-Plakat-1.-Mai-2024-Koeln-scaled.jpg\" alt=\"\" class=\"wp-image-2622\" srcset=\"https:\/\/www.revolutionaere-front.de\/wordpress\/wp-content\/uploads\/2024\/04\/RF-Plakat-1.-Mai-2024-Koeln-scaled.jpg 1469w, https:\/\/www.revolutionaere-front.de\/wordpress\/wp-content\/uploads\/2024\/04\/RF-Plakat-1.-Mai-2024-Koeln-172x300.jpg 172w, https:\/\/www.revolutionaere-front.de\/wordpress\/wp-content\/uploads\/2024\/04\/RF-Plakat-1.-Mai-2024-Koeln-588x1024.jpg 588w, https:\/\/www.revolutionaere-front.de\/wordpress\/wp-content\/uploads\/2024\/04\/RF-Plakat-1.-Mai-2024-Koeln-86x150.jpg 86w, https:\/\/www.revolutionaere-front.de\/wordpress\/wp-content\/uploads\/2024\/04\/RF-Plakat-1.-Mai-2024-Koeln-881x1536.jpg 881w, https:\/\/www.revolutionaere-front.de\/wordpress\/wp-content\/uploads\/2024\/04\/RF-Plakat-1.-Mai-2024-Koeln-1175x2048.jpg 1175w\" sizes=\"auto, (max-width: 1469px) 100vw, 1469px\" \/><figcaption class=\"wp-element-caption\">Revolution\u00e4re Front &#8211; Abteilung K\u00f6ln<\/figcaption><\/figure>\n<\/figure>\n\n\n\n<figure class=\"wp-block-gallery has-nested-images columns-default is-cropped wp-block-gallery-4 is-layout-flex wp-block-gallery-is-layout-flex\">\n<figure class=\"wp-block-image size-full\"><img loading=\"lazy\" decoding=\"async\" width=\"1469\" height=\"2560\" data-id=\"2615\" src=\"https:\/\/www.revolutionaere-front.de\/wordpress\/wp-content\/uploads\/2024\/04\/RF-Plakat-1.-Mai-2024-Muenchen-scaled.jpg\" alt=\"\" class=\"wp-image-2615\" srcset=\"https:\/\/www.revolutionaere-front.de\/wordpress\/wp-content\/uploads\/2024\/04\/RF-Plakat-1.-Mai-2024-Muenchen-scaled.jpg 1469w, https:\/\/www.revolutionaere-front.de\/wordpress\/wp-content\/uploads\/2024\/04\/RF-Plakat-1.-Mai-2024-Muenchen-172x300.jpg 172w, https:\/\/www.revolutionaere-front.de\/wordpress\/wp-content\/uploads\/2024\/04\/RF-Plakat-1.-Mai-2024-Muenchen-588x1024.jpg 588w, https:\/\/www.revolutionaere-front.de\/wordpress\/wp-content\/uploads\/2024\/04\/RF-Plakat-1.-Mai-2024-Muenchen-86x150.jpg 86w, https:\/\/www.revolutionaere-front.de\/wordpress\/wp-content\/uploads\/2024\/04\/RF-Plakat-1.-Mai-2024-Muenchen-881x1536.jpg 881w, https:\/\/www.revolutionaere-front.de\/wordpress\/wp-content\/uploads\/2024\/04\/RF-Plakat-1.-Mai-2024-Muenchen-1175x2048.jpg 1175w\" sizes=\"auto, (max-width: 1469px) 100vw, 1469px\" \/><figcaption class=\"wp-element-caption\">Revolution\u00e4re Front &#8211; Abteilung M\u00fcnchen<\/figcaption><\/figure>\n<\/figure>\n\n\n\n<figure class=\"wp-block-gallery has-nested-images columns-default is-cropped wp-block-gallery-5 is-layout-flex wp-block-gallery-is-layout-flex\">\n<figure class=\"wp-block-image size-full\"><img loading=\"lazy\" decoding=\"async\" width=\"1469\" height=\"2560\" data-id=\"2616\" src=\"https:\/\/www.revolutionaere-front.de\/wordpress\/wp-content\/uploads\/2024\/04\/RF-Plakat-1.-Mai-2024-Nuernberg-scaled.jpg\" alt=\"\" class=\"wp-image-2616\" srcset=\"https:\/\/www.revolutionaere-front.de\/wordpress\/wp-content\/uploads\/2024\/04\/RF-Plakat-1.-Mai-2024-Nuernberg-scaled.jpg 1469w, https:\/\/www.revolutionaere-front.de\/wordpress\/wp-content\/uploads\/2024\/04\/RF-Plakat-1.-Mai-2024-Nuernberg-172x300.jpg 172w, https:\/\/www.revolutionaere-front.de\/wordpress\/wp-content\/uploads\/2024\/04\/RF-Plakat-1.-Mai-2024-Nuernberg-588x1024.jpg 588w, https:\/\/www.revolutionaere-front.de\/wordpress\/wp-content\/uploads\/2024\/04\/RF-Plakat-1.-Mai-2024-Nuernberg-86x150.jpg 86w, https:\/\/www.revolutionaere-front.de\/wordpress\/wp-content\/uploads\/2024\/04\/RF-Plakat-1.-Mai-2024-Nuernberg-881x1536.jpg 881w, https:\/\/www.revolutionaere-front.de\/wordpress\/wp-content\/uploads\/2024\/04\/RF-Plakat-1.-Mai-2024-Nuernberg-1175x2048.jpg 1175w\" sizes=\"auto, (max-width: 1469px) 100vw, 1469px\" \/><figcaption class=\"wp-element-caption\">Revolution\u00e4re Front &#8211; Abteilung N\u00fcrnberg<\/figcaption><\/figure>\n<\/figure>\n\n\n\n<figure class=\"wp-block-gallery has-nested-images columns-default is-cropped wp-block-gallery-6 is-layout-flex wp-block-gallery-is-layout-flex\">\n<figure class=\"wp-block-image size-full\"><img loading=\"lazy\" decoding=\"async\" width=\"1469\" height=\"2560\" data-id=\"2617\" src=\"https:\/\/www.revolutionaere-front.de\/wordpress\/wp-content\/uploads\/2024\/04\/RF-Plakat-1.-Mai-2024-Regensburg-scaled.jpg\" alt=\"\" class=\"wp-image-2617\" srcset=\"https:\/\/www.revolutionaere-front.de\/wordpress\/wp-content\/uploads\/2024\/04\/RF-Plakat-1.-Mai-2024-Regensburg-scaled.jpg 1469w, https:\/\/www.revolutionaere-front.de\/wordpress\/wp-content\/uploads\/2024\/04\/RF-Plakat-1.-Mai-2024-Regensburg-172x300.jpg 172w, https:\/\/www.revolutionaere-front.de\/wordpress\/wp-content\/uploads\/2024\/04\/RF-Plakat-1.-Mai-2024-Regensburg-588x1024.jpg 588w, https:\/\/www.revolutionaere-front.de\/wordpress\/wp-content\/uploads\/2024\/04\/RF-Plakat-1.-Mai-2024-Regensburg-86x150.jpg 86w, https:\/\/www.revolutionaere-front.de\/wordpress\/wp-content\/uploads\/2024\/04\/RF-Plakat-1.-Mai-2024-Regensburg-881x1536.jpg 881w, https:\/\/www.revolutionaere-front.de\/wordpress\/wp-content\/uploads\/2024\/04\/RF-Plakat-1.-Mai-2024-Regensburg-1175x2048.jpg 1175w\" sizes=\"auto, (max-width: 1469px) 100vw, 1469px\" \/><figcaption class=\"wp-element-caption\">Revolution\u00e4re Front &#8211; Abteilung Regensburg<\/figcaption><\/figure>\n<\/figure>\n","protected":false},"excerpt":{"rendered":"<p>Plakat der Revolution\u00e4ren Front mit Veranstaltungen der Einheitsfront, den Sammelpunkten der Roten Bl\u00f6cke in Bremen, Frankfurt, K\u00f6ln, M\u00fcnchen, N\u00fcrnberg, Regensburg<\/p>\n","protected":false},"author":2,"featured_media":2643,"comment_status":"closed","ping_status":"closed","sticky":false,"template":"","format":"standard","meta":{"footnotes":""},"categories":[15],"tags":[],"class_list":["post-2641","post","type-post","status-publish","format-standard","has-post-thumbnail","hentry","category-aktionen"],"_links":{"self":[{"href":"https:\/\/www.revolutionaere-front.de\/wordpress\/index.php?rest_route=\/wp\/v2\/posts\/2641","targetHints":{"allow":["GET"]}}],"collection":[{"href":"https:\/\/www.revolutionaere-front.de\/wordpress\/index.php?rest_route=\/wp\/v2\/posts"}],"about":[{"href":"https:\/\/www.revolutionaere-front.de\/wordpress\/index.php?rest_route=\/wp\/v2\/types\/post"}],"author":[{"embeddable":true,"href":"https:\/\/www.revolutionaere-front.de\/wordpress\/index.php?rest_route=\/wp\/v2\/users\/2"}],"replies":[{"embeddable":true,"href":"https:\/\/www.revolutionaere-front.de\/wordpress\/index.php?rest_route=%2Fwp%2Fv2%2Fcomments&post=2641"}],"version-history":[{"count":2,"href":"https:\/\/www.revolutionaere-front.de\/wordpress\/index.php?rest_route=\/wp\/v2\/posts\/2641\/revisions"}],"predecessor-version":[{"id":3181,"href":"https:\/\/www.revolutionaere-front.de\/wordpress\/index.php?rest_route=\/wp\/v2\/posts\/2641\/revisions\/3181"}],"wp:featuredmedia":[{"embeddable":true,"href":"https:\/\/www.revolutionaere-front.de\/wordpress\/index.php?rest_route=\/wp\/v2\/media\/2643"}],"wp:attachment":[{"href":"https:\/\/www.revolutionaere-front.de\/wordpress\/index.php?rest_route=%2Fwp%2Fv2%2Fmedia&parent=2641"}],"wp:term":[{"taxonomy":"category","embeddable":true,"href":"https:\/\/www.revolutionaere-front.de\/wordpress\/index.php?rest_route=%2Fwp%2Fv2%2Fcategories&post=2641"},{"taxonomy":"post_tag","embeddable":true,"href":"https:\/\/www.revolutionaere-front.de\/wordpress\/index.php?rest_route=%2Fwp%2Fv2%2Ftags&post=2641"}],"curies":[{"name":"wp","href":"https:\/\/api.w.org\/{rel}","templated":true}]}}