{"id":2663,"date":"2019-12-30T20:28:00","date_gmt":"2019-12-30T19:28:00","guid":{"rendered":"https:\/\/www.notstand-der-republik.de\/?p=2663"},"modified":"2024-04-17T21:30:56","modified_gmt":"2024-04-17T19:30:56","slug":"devrimci-cephe-kimdir","status":"publish","type":"post","link":"https:\/\/www.revolutionaere-front.de\/wordpress\/?p=2663","title":{"rendered":"Devrimci Cephe kimdir?"},"content":{"rendered":"\n<p>Bizler, \u00e7e\u015fitli i\u015fletmelerden, \u015fubelerden ve \u00f6rg\u00fctlerden i\u015f\u00e7iler ve emek\u00e7ileriz, Devrimci Cephe&#8217;de birle\u015fiyoruz, \u00e7\u00fcnk\u00fc devrimci birli\u011fimiz Fabrikalar\u0131n ve \u015fehirlerin s\u0131n\u0131rlar\u0131n\u0131 a\u015fan bir birlik gerektirmektedir.&nbsp; Hangi pasaporta ya da ten rengine sahip oldu\u011funuz, ta\u015feron i\u015f\u00e7isi ya da kadrolu \u00e7al\u0131\u015fan olman\u0131z fark etmez &#8211; biz tek bir s\u0131n\u0131f\u0131z.<\/p>\n\n\n\n<p>Hem sendikalar\u0131n i\u00e7inde hem de d\u0131\u015f\u0131nda sermayeye ve onun sava\u015f\u0131na kar\u015f\u0131 s\u0131n\u0131f m\u00fccadelesi veriyoruz,&nbsp; ve sendikalar\u0131 yeniden m\u00fccadele \u00f6rg\u00fctlerine d\u00f6n\u00fc\u015ft\u00fcrmek i\u00e7in \u00f6rg\u00fctleniyoruz. Kendi \u00fclkemizde egemenlere kar\u015f\u0131 verdi\u011fimiz m\u00fccadele i\u015f\u00e7i s\u0131n\u0131f\u0131n\u0131n uluslararas\u0131 m\u00fccadelesinin bir par\u00e7as\u0131d\u0131r.<\/p>\n\n\n\n<p>Yaratt\u0131\u011f\u0131m\u0131z zenginli\u011fi yok eden milyarderleri, bizi m\u00fclks\u00fczle\u015ftirenleri m\u00fclks\u00fczle\u015ftirerek&nbsp; m\u00fclklerini kamula\u015ft\u0131ral\u0131m. Sermaye h\u00fck\u00fcmetine kar\u015f\u0131 m\u00fccadele vererek ve bir i\u015f\u00e7i h\u00fck\u00fcmeti i\u00e7in m\u00fccadeleye \u00f6nderlik ederek, sadece bizim \u00f6dentilerimizle doldurdu\u011fumuz devlet kasas\u0131n\u0131 ya\u011fmalamalar\u0131n\u0131 engelleyelim.<\/p>\n\n\n\n<p>Hedefimiz devrim ve fabrikalar ve t\u00fcm devlet \u00fczerinde i\u015f\u00e7i iktidar\u0131. S\u00f6m\u00fcr\u00fcye, fa\u015fizme ve sava\u015fa son vermek. B\u00f6ylece \u00fcretilenin milyarderlerin k\u00e2r\u0131 i\u00e7in de\u011fil, insanl\u0131\u011f\u0131n yarar\u0131 i\u00e7in olan bir gelecek in\u015fa edebiliriz.<\/p>\n","protected":false},"excerpt":{"rendered":"<p>Bizler, \u00e7e\u015fitli i\u015fletmelerden, \u015fubelerden ve \u00f6rg\u00fctlerden i\u015f\u00e7iler ve emek\u00e7ileriz, Devrimci Cephe&#8217;de birle\u015fiyoruz, \u00e7\u00fcnk\u00fc devrimci birli\u011fimiz Fabrikalar\u0131n ve \u015fehirlerin s\u0131n\u0131rlar\u0131n\u0131 a\u015fan bir birlik gerektirmektedir.&nbsp; Hangi pasaporta ya da ten rengine sahip oldu\u011funuz, ta\u015feron i\u015f\u00e7isi ya da kadrolu \u00e7al\u0131\u015fan olman\u0131z fark etmez &#8211; biz tek bir s\u0131n\u0131f\u0131z. Hem sendikalar\u0131n i\u00e7inde hem de d\u0131\u015f\u0131nda sermayeye ve onun sava\u015f\u0131na [&hellip;]<\/p>\n","protected":false},"author":2,"featured_media":2668,"comment_status":"closed","ping_status":"closed","sticky":false,"template":"","format":"standard","meta":{"footnotes":""},"categories":[15,119],"tags":[],"class_list":["post-2663","post","type-post","status-publish","format-standard","has-post-thumbnail","hentry","category-aktionen","category-who-is-the-revolutionary-front"],"_links":{"self":[{"href":"https:\/\/www.revolutionaere-front.de\/wordpress\/index.php?rest_route=\/wp\/v2\/posts\/2663","targetHints":{"allow":["GET"]}}],"collection":[{"href":"https:\/\/www.revolutionaere-front.de\/wordpress\/index.php?rest_route=\/wp\/v2\/posts"}],"about":[{"href":"https:\/\/www.revolutionaere-front.de\/wordpress\/index.php?rest_route=\/wp\/v2\/types\/post"}],"author":[{"embeddable":true,"href":"https:\/\/www.revolutionaere-front.de\/wordpress\/index.php?rest_route=\/wp\/v2\/users\/2"}],"replies":[{"embeddable":true,"href":"https:\/\/www.revolutionaere-front.de\/wordpress\/index.php?rest_route=%2Fwp%2Fv2%2Fcomments&post=2663"}],"version-history":[{"count":1,"href":"https:\/\/www.revolutionaere-front.de\/wordpress\/index.php?rest_route=\/wp\/v2\/posts\/2663\/revisions"}],"predecessor-version":[{"id":2664,"href":"https:\/\/www.revolutionaere-front.de\/wordpress\/index.php?rest_route=\/wp\/v2\/posts\/2663\/revisions\/2664"}],"wp:featuredmedia":[{"embeddable":true,"href":"https:\/\/www.revolutionaere-front.de\/wordpress\/index.php?rest_route=\/wp\/v2\/media\/2668"}],"wp:attachment":[{"href":"https:\/\/www.revolutionaere-front.de\/wordpress\/index.php?rest_route=%2Fwp%2Fv2%2Fmedia&parent=2663"}],"wp:term":[{"taxonomy":"category","embeddable":true,"href":"https:\/\/www.revolutionaere-front.de\/wordpress\/index.php?rest_route=%2Fwp%2Fv2%2Fcategories&post=2663"},{"taxonomy":"post_tag","embeddable":true,"href":"https:\/\/www.revolutionaere-front.de\/wordpress\/index.php?rest_route=%2Fwp%2Fv2%2Ftags&post=2663"}],"curies":[{"name":"wp","href":"https:\/\/api.w.org\/{rel}","templated":true}]}}