{"id":2669,"date":"2019-12-30T20:50:00","date_gmt":"2019-12-30T19:50:00","guid":{"rendered":"https:\/\/www.notstand-der-republik.de\/?p=2669"},"modified":"2024-04-17T21:30:33","modified_gmt":"2024-04-17T19:30:33","slug":"quien-es-el-frente-revolucionario","status":"publish","type":"post","link":"https:\/\/www.revolutionaere-front.de\/wordpress\/?p=2669","title":{"rendered":"\u00bfQui\u00e9n es el Frente Revolucionario?"},"content":{"rendered":"\n<p>Nosotros, trabajadores y obreros de diferentes empresas, sectores y organizaciones, nos unimos en el Frente Revolucionario, porque es necesaria nuestra unificaci\u00f3n revolucionaria m\u00e1s all\u00e1 de las fronteras de las empresas y las ciudades. No importa qu\u00e9 pasaporte o color de piel tengas, si eres un trabajador contratado o un empleado fijo: somos una sola clase.<\/p>\n\n\n\n<p>Dirigimos la lucha de clases dentro y fuera de los sindicatos contra el capital y su guerra y tambi\u00e9n nos organizamos para que los sindicatos vuelvan a ser organizaciones combativas. En la lucha contra los gobernantes en nuestro propio pa\u00eds, formamos parte de la lucha internacional de la clase obrera.<\/p>\n\n\n\n<p>Expropiemos a los expropiadores, a los multimillonarios que est\u00e1n destruyendo la riqueza que hemos creado. Impid\u00e1mosles saquear las arcas del Estado, que s\u00f3lo nosotros hemos repuesto, marchando contra el gobierno del capital y dirigiendo la lucha por un gobierno obrero.<\/p>\n\n\n\n<p>Nuestro objetivo es la revoluci\u00f3n y el poder obrero sobre las f\u00e1bricas y todo el Estado. Acabar con la explotaci\u00f3n, el fascismo y la guerra. Para que podamos construir un futuro en el que lo que se produzca sea en beneficio de la humanidad y no en beneficio de los multimillonarios.<\/p>\n","protected":false},"excerpt":{"rendered":"<p>Nosotros, trabajadores y obreros de diferentes empresas, sectores y organizaciones, nos unimos en el Frente Revolucionario, porque es necesaria nuestra unificaci\u00f3n revolucionaria m\u00e1s all\u00e1 de las fronteras de las empresas y las ciudades. No importa qu\u00e9 pasaporte o color de piel tengas, si eres un trabajador contratado o un empleado fijo: somos una sola clase. [&hellip;]<\/p>\n","protected":false},"author":2,"featured_media":2668,"comment_status":"closed","ping_status":"closed","sticky":false,"template":"","format":"standard","meta":{"footnotes":""},"categories":[119],"tags":[],"class_list":["post-2669","post","type-post","status-publish","format-standard","has-post-thumbnail","hentry","category-who-is-the-revolutionary-front"],"_links":{"self":[{"href":"https:\/\/www.revolutionaere-front.de\/wordpress\/index.php?rest_route=\/wp\/v2\/posts\/2669","targetHints":{"allow":["GET"]}}],"collection":[{"href":"https:\/\/www.revolutionaere-front.de\/wordpress\/index.php?rest_route=\/wp\/v2\/posts"}],"about":[{"href":"https:\/\/www.revolutionaere-front.de\/wordpress\/index.php?rest_route=\/wp\/v2\/types\/post"}],"author":[{"embeddable":true,"href":"https:\/\/www.revolutionaere-front.de\/wordpress\/index.php?rest_route=\/wp\/v2\/users\/2"}],"replies":[{"embeddable":true,"href":"https:\/\/www.revolutionaere-front.de\/wordpress\/index.php?rest_route=%2Fwp%2Fv2%2Fcomments&post=2669"}],"version-history":[{"count":1,"href":"https:\/\/www.revolutionaere-front.de\/wordpress\/index.php?rest_route=\/wp\/v2\/posts\/2669\/revisions"}],"predecessor-version":[{"id":2670,"href":"https:\/\/www.revolutionaere-front.de\/wordpress\/index.php?rest_route=\/wp\/v2\/posts\/2669\/revisions\/2670"}],"wp:featuredmedia":[{"embeddable":true,"href":"https:\/\/www.revolutionaere-front.de\/wordpress\/index.php?rest_route=\/wp\/v2\/media\/2668"}],"wp:attachment":[{"href":"https:\/\/www.revolutionaere-front.de\/wordpress\/index.php?rest_route=%2Fwp%2Fv2%2Fmedia&parent=2669"}],"wp:term":[{"taxonomy":"category","embeddable":true,"href":"https:\/\/www.revolutionaere-front.de\/wordpress\/index.php?rest_route=%2Fwp%2Fv2%2Fcategories&post=2669"},{"taxonomy":"post_tag","embeddable":true,"href":"https:\/\/www.revolutionaere-front.de\/wordpress\/index.php?rest_route=%2Fwp%2Fv2%2Ftags&post=2669"}],"curies":[{"name":"wp","href":"https:\/\/api.w.org\/{rel}","templated":true}]}}