{"id":2695,"date":"2019-12-30T21:35:00","date_gmt":"2019-12-30T20:35:00","guid":{"rendered":"https:\/\/www.notstand-der-republik.de\/?p=2695"},"modified":"2024-04-17T21:36:19","modified_gmt":"2024-04-17T19:36:19","slug":"wer-ist-die-revolutionaere-front-2","status":"publish","type":"post","link":"https:\/\/www.revolutionaere-front.de\/wordpress\/?p=2695","title":{"rendered":"Wer ist die Revolution\u00e4re Front"},"content":{"rendered":"\n<p>Die Revolution\u00e4re Front k\u00e4mpft in vielen St\u00e4dten und Betrieben, sei es bei Mercedes oder Continental, bei BMW oder ZF, in Bremen , Frankfurt oder Regensburg, bei der Bahn, im Hafen oder in den Krankenh\u00e4usern. Weil wir den revolution\u00e4ren Zusammenschluss brauchen im Betrieb, im Konzern, in jeder Stadt, im ganzen Land. Wir k\u00e4mpfen gegen m\u00e4chtige Gegner, die alles daransetzen werden, den Kapitalismus zu retten, die keinen anderen Ausweg mehr kennen als Krieg und Vernichtung, die in ihrem Todeskampf alles mitrei\u00dfen, die ganze Welt in immer gr\u00f6\u00dferes Elend und Vernichtung treiben. Der Krieg hat l\u00e4ngst begonnen auch dort, wo keine Bomben fallen, auch im Inneren, gegen die Arbeiter, bis hinein in die Betriebe. Jeder muss sich jetzt entscheiden auf welcher Seite er steht. Wir organisieren den Kampf f\u00fcr unsere Zukunft. Weil wir wissen, dass die Zukunft der Arbeiterklasse, die einzige Klasse deren Grundlage die Arbeit und die Produktion &#8211; also die Erzeugung der Lebensgrundlagen &#8211; ist, zugleich die Zukunft aller bestimmt. F\u00fcr diesen Kampf suchen wir Dich, der aktiv gegen Krieg, gegen den kommenden Faschismus, f\u00fcr eine Arbeiterregierung mit uns k\u00e4mpfen will.<\/p>\n","protected":false},"excerpt":{"rendered":"<p>Die Revolution\u00e4re Front k\u00e4mpft in vielen St\u00e4dten und Betrieben, sei es bei Mercedes oder Continental, bei BMW oder ZF, in Bremen , Frankfurt oder Regensburg, bei der Bahn, im Hafen oder in den Krankenh\u00e4usern. Weil wir den revolution\u00e4ren Zusammenschluss brauchen im Betrieb, im Konzern, in jeder Stadt, im ganzen Land. Wir k\u00e4mpfen gegen m\u00e4chtige Gegner, [&hellip;]<\/p>\n","protected":false},"author":2,"featured_media":2668,"comment_status":"closed","ping_status":"closed","sticky":false,"template":"","format":"standard","meta":{"footnotes":""},"categories":[119],"tags":[],"class_list":["post-2695","post","type-post","status-publish","format-standard","has-post-thumbnail","hentry","category-who-is-the-revolutionary-front"],"_links":{"self":[{"href":"https:\/\/www.revolutionaere-front.de\/wordpress\/index.php?rest_route=\/wp\/v2\/posts\/2695","targetHints":{"allow":["GET"]}}],"collection":[{"href":"https:\/\/www.revolutionaere-front.de\/wordpress\/index.php?rest_route=\/wp\/v2\/posts"}],"about":[{"href":"https:\/\/www.revolutionaere-front.de\/wordpress\/index.php?rest_route=\/wp\/v2\/types\/post"}],"author":[{"embeddable":true,"href":"https:\/\/www.revolutionaere-front.de\/wordpress\/index.php?rest_route=\/wp\/v2\/users\/2"}],"replies":[{"embeddable":true,"href":"https:\/\/www.revolutionaere-front.de\/wordpress\/index.php?rest_route=%2Fwp%2Fv2%2Fcomments&post=2695"}],"version-history":[{"count":1,"href":"https:\/\/www.revolutionaere-front.de\/wordpress\/index.php?rest_route=\/wp\/v2\/posts\/2695\/revisions"}],"predecessor-version":[{"id":2696,"href":"https:\/\/www.revolutionaere-front.de\/wordpress\/index.php?rest_route=\/wp\/v2\/posts\/2695\/revisions\/2696"}],"wp:featuredmedia":[{"embeddable":true,"href":"https:\/\/www.revolutionaere-front.de\/wordpress\/index.php?rest_route=\/wp\/v2\/media\/2668"}],"wp:attachment":[{"href":"https:\/\/www.revolutionaere-front.de\/wordpress\/index.php?rest_route=%2Fwp%2Fv2%2Fmedia&parent=2695"}],"wp:term":[{"taxonomy":"category","embeddable":true,"href":"https:\/\/www.revolutionaere-front.de\/wordpress\/index.php?rest_route=%2Fwp%2Fv2%2Fcategories&post=2695"},{"taxonomy":"post_tag","embeddable":true,"href":"https:\/\/www.revolutionaere-front.de\/wordpress\/index.php?rest_route=%2Fwp%2Fv2%2Ftags&post=2695"}],"curies":[{"name":"wp","href":"https:\/\/api.w.org\/{rel}","templated":true}]}}