{"id":2715,"date":"2023-04-28T16:36:57","date_gmt":"2023-04-28T14:36:57","guid":{"rendered":"https:\/\/www.notstand-der-republik.de\/?p=2715"},"modified":"2026-04-22T21:10:14","modified_gmt":"2026-04-22T19:10:14","slug":"plattform-der-revolutionaeren-front","status":"publish","type":"post","link":"https:\/\/www.revolutionaere-front.de\/wordpress\/?p=2715","title":{"rendered":"Plattform der Revolution\u00e4ren Front"},"content":{"rendered":"\n<p><strong>Plattform der Revolution\u00e4ren Front 2023<\/strong><\/p>\n\n\n\n<ul class=\"wp-block-list\">\n<li>Deutsch<\/li>\n\n\n\n<li>T\u00fcrkisch<\/li>\n\n\n\n<li>Englisch<\/li>\n\n\n\n<li>Franz\u00f6sisch<\/li>\n<\/ul>\n\n\n\n<p>Plattform der Revolution\u00e4ren Front<\/p>\n\n\n\n<ul class=\"wp-block-list\">\n<li>November 2020<\/li>\n\n\n\n<li>Februar 2020<\/li>\n\n\n\n<li>Juni 2019<\/li>\n<\/ul>\n\n\n\n<p>Erkl\u00e4rung des Arbeits- und Koordinationsausschuss: Revolution\u00e4re Front &#8211; Rote Fahnen sieht man besser<\/p>\n\n\n\n<ul class=\"wp-block-list\">\n<li>Juni 2019<\/li>\n<\/ul>\n\n\n\n<p><\/p>\n","protected":false},"excerpt":{"rendered":"<p>Plattform der Revolution\u00e4ren Front 2023 Plattform der Revolution\u00e4ren Front Erkl\u00e4rung des Arbeits- und Koordinationsausschuss: Revolution\u00e4re Front &#8211; Rote Fahnen sieht man besser<\/p>\n","protected":false},"author":2,"featured_media":0,"comment_status":"closed","ping_status":"closed","sticky":false,"template":"","format":"standard","meta":{"footnotes":""},"categories":[104],"tags":[120,75],"class_list":["post-2715","post","type-post","status-publish","format-standard","hentry","category-plattform-der-revolutionaeren-front","tag-politischer-streik","tag-rote-fahnen"],"_links":{"self":[{"href":"https:\/\/www.revolutionaere-front.de\/wordpress\/index.php?rest_route=\/wp\/v2\/posts\/2715","targetHints":{"allow":["GET"]}}],"collection":[{"href":"https:\/\/www.revolutionaere-front.de\/wordpress\/index.php?rest_route=\/wp\/v2\/posts"}],"about":[{"href":"https:\/\/www.revolutionaere-front.de\/wordpress\/index.php?rest_route=\/wp\/v2\/types\/post"}],"author":[{"embeddable":true,"href":"https:\/\/www.revolutionaere-front.de\/wordpress\/index.php?rest_route=\/wp\/v2\/users\/2"}],"replies":[{"embeddable":true,"href":"https:\/\/www.revolutionaere-front.de\/wordpress\/index.php?rest_route=%2Fwp%2Fv2%2Fcomments&post=2715"}],"version-history":[{"count":11,"href":"https:\/\/www.revolutionaere-front.de\/wordpress\/index.php?rest_route=\/wp\/v2\/posts\/2715\/revisions"}],"predecessor-version":[{"id":2918,"href":"https:\/\/www.revolutionaere-front.de\/wordpress\/index.php?rest_route=\/wp\/v2\/posts\/2715\/revisions\/2918"}],"wp:attachment":[{"href":"https:\/\/www.revolutionaere-front.de\/wordpress\/index.php?rest_route=%2Fwp%2Fv2%2Fmedia&parent=2715"}],"wp:term":[{"taxonomy":"category","embeddable":true,"href":"https:\/\/www.revolutionaere-front.de\/wordpress\/index.php?rest_route=%2Fwp%2Fv2%2Fcategories&post=2715"},{"taxonomy":"post_tag","embeddable":true,"href":"https:\/\/www.revolutionaere-front.de\/wordpress\/index.php?rest_route=%2Fwp%2Fv2%2Ftags&post=2715"}],"curies":[{"name":"wp","href":"https:\/\/api.w.org\/{rel}","templated":true}]}}