{"id":2743,"date":"2024-05-24T22:13:22","date_gmt":"2024-05-24T20:13:22","guid":{"rendered":"https:\/\/www.notstand-der-republik.de\/?p=2743"},"modified":"2024-05-24T22:16:15","modified_gmt":"2024-05-24T20:16:15","slug":"qui-est-le-front-revolutionnaire","status":"publish","type":"post","link":"https:\/\/www.revolutionaere-front.de\/wordpress\/?p=2743","title":{"rendered":"Qui est le Front r\u00e9volutionnaire ?"},"content":{"rendered":"\n<p>Nous, travailleurs et travailleuses de diff\u00e9rentes entreprises, branches et organisations, nous nous<br>unissons dans le Front r\u00e9volutionnaire, car notre union r\u00e9volutionnaire au-del\u00e0 des fronti\u00e8res des<br>entreprises et des villes est n\u00e9cessaire. Pour cela, peu importe ton passeport ou la couleur de ta peau,<br>que tu sois int\u00e9rimaire ou permanent &#8211; nous sommes une seule classe.<br>Nous menons la lutte de classe contre le capital et sa guerre, \u00e0 l&#8217;int\u00e9rieur et \u00e0 l&#8217;ext\u00e9rieur des<br>syndicats, et nous nous organisons aussi pour que les syndicats redeviennent des organisations de<br>lutte. Dans la lutte contre les dominants dans notre propre pays, nous faisons partie de la lutte<br>internationale de la classe ouvri\u00e8re.<br>Exproprions les expropriateurs, les milliardaires qui d\u00e9truisent les richesses que nous avons cr\u00e9\u00e9es.<br>Interdisons-leur de piller les caisses de l&#8217;\u00c9tat, que nous sommes les seuls \u00e0 avoir remplies, en<br>marchant contre le gouvernement du capital et en menant la lutte pour un gouvernement ouvrier.<br>Notre objectif est la r\u00e9volution et le pouvoir ouvrier sur les entreprises et l&#8217;ensemble de l&#8217;\u00c9tat. Pour<br>en finir avec l&#8217;exploitation, le fascisme et la guerre. Pour que nous puissions construire un avenir o\u00f9<br>l&#8217;on produise ce qui est utile \u00e0 l&#8217;humanit\u00e9 et non au profit des milliardaires.<\/p>\n","protected":false},"excerpt":{"rendered":"<p>Nous, travailleurs et travailleuses de diff\u00e9rentes entreprises, branches et organisations, nous nousunissons dans le Front r\u00e9volutionnaire, car notre union r\u00e9volutionnaire au-del\u00e0 des fronti\u00e8res desentreprises et des villes est n\u00e9cessaire. Pour cela, peu importe ton passeport ou la couleur de ta peau,que tu sois int\u00e9rimaire ou permanent &#8211; nous sommes une seule classe.Nous menons la lutte [&hellip;]<\/p>\n","protected":false},"author":2,"featured_media":2668,"comment_status":"closed","ping_status":"closed","sticky":false,"template":"","format":"standard","meta":{"footnotes":""},"categories":[16,119],"tags":[46,37,47,38,74,43],"class_list":["post-2743","post","type-post","status-publish","format-standard","has-post-thumbnail","hentry","category-erklaerungen","category-who-is-the-revolutionary-front","tag-antimilitarismus","tag-deutscher-krieg","tag-kriegsvorbereitung","tag-revolution","tag-revolutionaere-front","tag-streik"],"_links":{"self":[{"href":"https:\/\/www.revolutionaere-front.de\/wordpress\/index.php?rest_route=\/wp\/v2\/posts\/2743","targetHints":{"allow":["GET"]}}],"collection":[{"href":"https:\/\/www.revolutionaere-front.de\/wordpress\/index.php?rest_route=\/wp\/v2\/posts"}],"about":[{"href":"https:\/\/www.revolutionaere-front.de\/wordpress\/index.php?rest_route=\/wp\/v2\/types\/post"}],"author":[{"embeddable":true,"href":"https:\/\/www.revolutionaere-front.de\/wordpress\/index.php?rest_route=\/wp\/v2\/users\/2"}],"replies":[{"embeddable":true,"href":"https:\/\/www.revolutionaere-front.de\/wordpress\/index.php?rest_route=%2Fwp%2Fv2%2Fcomments&post=2743"}],"version-history":[{"count":1,"href":"https:\/\/www.revolutionaere-front.de\/wordpress\/index.php?rest_route=\/wp\/v2\/posts\/2743\/revisions"}],"predecessor-version":[{"id":2744,"href":"https:\/\/www.revolutionaere-front.de\/wordpress\/index.php?rest_route=\/wp\/v2\/posts\/2743\/revisions\/2744"}],"wp:featuredmedia":[{"embeddable":true,"href":"https:\/\/www.revolutionaere-front.de\/wordpress\/index.php?rest_route=\/wp\/v2\/media\/2668"}],"wp:attachment":[{"href":"https:\/\/www.revolutionaere-front.de\/wordpress\/index.php?rest_route=%2Fwp%2Fv2%2Fmedia&parent=2743"}],"wp:term":[{"taxonomy":"category","embeddable":true,"href":"https:\/\/www.revolutionaere-front.de\/wordpress\/index.php?rest_route=%2Fwp%2Fv2%2Fcategories&post=2743"},{"taxonomy":"post_tag","embeddable":true,"href":"https:\/\/www.revolutionaere-front.de\/wordpress\/index.php?rest_route=%2Fwp%2Fv2%2Ftags&post=2743"}],"curies":[{"name":"wp","href":"https:\/\/api.w.org\/{rel}","templated":true}]}}