{"id":2746,"date":"2024-05-24T22:20:43","date_gmt":"2024-05-24T20:20:43","guid":{"rendered":"https:\/\/www.notstand-der-republik.de\/?p=2746"},"modified":"2024-06-24T21:11:15","modified_gmt":"2024-06-24T19:11:15","slug":"chi-e-il-fronte-rivoluzionario","status":"publish","type":"post","link":"https:\/\/www.revolutionaere-front.de\/wordpress\/?p=2746","title":{"rendered":"Chi \u00e8 il Fronte Rivoluzionario?"},"content":{"rendered":"\n<p>Noi, lavoratori e dipendenti di varie aziende, settori e organizzazioni, ci uniamo nel Fronte Rivoluzionario, poich\u00e8 la nostra unit\u00e0 rivoluzionaria, oltre ai confini delle aziende e delle citt\u00e0, \u00e8 necessaria. Per ci\u00f2 non importa quale passaporto hai o di che colore \u00e8 la tua pelle, se sei un lavoratore temporaneo o un<br>dipendente a tempo indeterminato: Noi siamo una classe.<\/p>\n\n\n\n<p>Noi conduciamo la lotta di classe contro il capitale e la sua guerra, sia nell\u2019ambito, che fuori dai sindacati e stiamo anche organizzandoci, affinch\u00e9 i sindacati stessi tornino ad essere organizzazioni della lotta. Nella lotta contro i detentori del potere nel nostro paese siamo parte della lotta internazionale della<br>classe operaia.<\/p>\n\n\n\n<p>Espropriamo gli espropriatori, i miliardari, che stanno distruggendo la ricchezza che noi abbiamo creato. Proibiamo loro di saccheggiare le casse dello stato, che noi soli abbiamo riempito, facciamo ci\u00f2 marciando contro il governo capitalista e guidando la lotta per un governo operaio.<\/p>\n\n\n\n<p>Il nostro obiettivo \u00e8 la rivoluzione e il potere dei lavoratori sulle aziende e sull\u2019intero Stato. Basta con lo sfruttamento, col fascismo e con la guerra. Per costruire un futuro che produca ci\u00f2 che va a beneficio dell\u2019umanit\u00e0 e non del profitto dei miliardari.<\/p>\n","protected":false},"excerpt":{"rendered":"<p>Noi, lavoratori e dipendenti di varie aziende, settori e organizzazioni, ci uniamo nel Fronte Rivoluzionario, poich\u00e8 la nostra unit\u00e0 rivoluzionaria, oltre ai confini delle aziende e delle citt\u00e0, \u00e8 necessaria. Per ci\u00f2 non importa quale passaporto hai o di che colore \u00e8 la tua pelle, se sei un lavoratore temporaneo o undipendente a tempo indeterminato: [&hellip;]<\/p>\n","protected":false},"author":2,"featured_media":2668,"comment_status":"closed","ping_status":"closed","sticky":false,"template":"","format":"standard","meta":{"footnotes":""},"categories":[119],"tags":[122,123],"class_list":["post-2746","post","type-post","status-publish","format-standard","has-post-thumbnail","hentry","category-who-is-the-revolutionary-front","tag-fronte-rivoluzionario","tag-noi-siamo-una-classe"],"_links":{"self":[{"href":"https:\/\/www.revolutionaere-front.de\/wordpress\/index.php?rest_route=\/wp\/v2\/posts\/2746","targetHints":{"allow":["GET"]}}],"collection":[{"href":"https:\/\/www.revolutionaere-front.de\/wordpress\/index.php?rest_route=\/wp\/v2\/posts"}],"about":[{"href":"https:\/\/www.revolutionaere-front.de\/wordpress\/index.php?rest_route=\/wp\/v2\/types\/post"}],"author":[{"embeddable":true,"href":"https:\/\/www.revolutionaere-front.de\/wordpress\/index.php?rest_route=\/wp\/v2\/users\/2"}],"replies":[{"embeddable":true,"href":"https:\/\/www.revolutionaere-front.de\/wordpress\/index.php?rest_route=%2Fwp%2Fv2%2Fcomments&post=2746"}],"version-history":[{"count":1,"href":"https:\/\/www.revolutionaere-front.de\/wordpress\/index.php?rest_route=\/wp\/v2\/posts\/2746\/revisions"}],"predecessor-version":[{"id":2747,"href":"https:\/\/www.revolutionaere-front.de\/wordpress\/index.php?rest_route=\/wp\/v2\/posts\/2746\/revisions\/2747"}],"wp:featuredmedia":[{"embeddable":true,"href":"https:\/\/www.revolutionaere-front.de\/wordpress\/index.php?rest_route=\/wp\/v2\/media\/2668"}],"wp:attachment":[{"href":"https:\/\/www.revolutionaere-front.de\/wordpress\/index.php?rest_route=%2Fwp%2Fv2%2Fmedia&parent=2746"}],"wp:term":[{"taxonomy":"category","embeddable":true,"href":"https:\/\/www.revolutionaere-front.de\/wordpress\/index.php?rest_route=%2Fwp%2Fv2%2Fcategories&post=2746"},{"taxonomy":"post_tag","embeddable":true,"href":"https:\/\/www.revolutionaere-front.de\/wordpress\/index.php?rest_route=%2Fwp%2Fv2%2Ftags&post=2746"}],"curies":[{"name":"wp","href":"https:\/\/api.w.org\/{rel}","templated":true}]}}