{"id":2781,"date":"2024-08-21T23:50:37","date_gmt":"2024-08-21T21:50:37","guid":{"rendered":"https:\/\/www.revolutionaere-front.de\/wordpress\/?p=2781"},"modified":"2024-08-22T00:42:52","modified_gmt":"2024-08-21T22:42:52","slug":"widerstand-tut-not-krieg-dem-krieg","status":"publish","type":"post","link":"https:\/\/www.revolutionaere-front.de\/wordpress\/?p=2781","title":{"rendered":"WIDERSTAND tut Not! Krieg dem Krieg!"},"content":{"rendered":"\n<p class=\"has-black-color has-white-background-color has-text-color has-background has-medium-font-size\"><strong>Antikriegstage 7. September &#8211; 25. Oktober<\/strong><\/p>\n\n\n\n<p class=\"has-black-color has-white-background-color has-text-color has-background has-medium-font-size\"><strong>Kiel &#8211; Hamburg &#8211; Frankfurt &#8211; Mannheim &#8211; W\u00f6rth &#8211; Schweinfurt &#8211; Ingolstadt &#8211; M\u00fcnchen &#8211; Dingolfing &#8211; Regensburg &#8211; N\u00fcrnberg &#8211; Stuttgart &#8211; K\u00f6ln &#8211; Bochum &#8211; Bremen<\/strong><\/p>\n\n\n\n<figure class=\"wp-block-image size-full\"><img loading=\"lazy\" decoding=\"async\" width=\"1418\" height=\"1949\" src=\"https:\/\/www.revolutionaere-front.de\/wordpress\/wp-content\/uploads\/2024\/08\/Seite1-Aktionstage-Widerstand-FB-Sept.-2024.png\" alt=\"\" class=\"wp-image-2782\" srcset=\"https:\/\/www.revolutionaere-front.de\/wordpress\/wp-content\/uploads\/2024\/08\/Seite1-Aktionstage-Widerstand-FB-Sept.-2024.png 1418w, https:\/\/www.revolutionaere-front.de\/wordpress\/wp-content\/uploads\/2024\/08\/Seite1-Aktionstage-Widerstand-FB-Sept.-2024-218x300.png 218w, https:\/\/www.revolutionaere-front.de\/wordpress\/wp-content\/uploads\/2024\/08\/Seite1-Aktionstage-Widerstand-FB-Sept.-2024-745x1024.png 745w, https:\/\/www.revolutionaere-front.de\/wordpress\/wp-content\/uploads\/2024\/08\/Seite1-Aktionstage-Widerstand-FB-Sept.-2024-109x150.png 109w, https:\/\/www.revolutionaere-front.de\/wordpress\/wp-content\/uploads\/2024\/08\/Seite1-Aktionstage-Widerstand-FB-Sept.-2024-1118x1536.png 1118w\" sizes=\"auto, (max-width: 1418px) 100vw, 1418px\" \/><\/figure>\n\n\n\n<figure class=\"wp-block-image size-full is-resized\"><img loading=\"lazy\" decoding=\"async\" width=\"1418\" height=\"1962\" src=\"https:\/\/www.revolutionaere-front.de\/wordpress\/wp-content\/uploads\/2024\/08\/Seite2-aus-Aktionstage-Widerstand-FB-Sept.-2024-2.png\" alt=\"\" class=\"wp-image-2783\" style=\"aspect-ratio:0.7227319062181448;width:840px;height:auto\" srcset=\"https:\/\/www.revolutionaere-front.de\/wordpress\/wp-content\/uploads\/2024\/08\/Seite2-aus-Aktionstage-Widerstand-FB-Sept.-2024-2.png 1418w, https:\/\/www.revolutionaere-front.de\/wordpress\/wp-content\/uploads\/2024\/08\/Seite2-aus-Aktionstage-Widerstand-FB-Sept.-2024-2-217x300.png 217w, https:\/\/www.revolutionaere-front.de\/wordpress\/wp-content\/uploads\/2024\/08\/Seite2-aus-Aktionstage-Widerstand-FB-Sept.-2024-2-740x1024.png 740w, https:\/\/www.revolutionaere-front.de\/wordpress\/wp-content\/uploads\/2024\/08\/Seite2-aus-Aktionstage-Widerstand-FB-Sept.-2024-2-108x150.png 108w, https:\/\/www.revolutionaere-front.de\/wordpress\/wp-content\/uploads\/2024\/08\/Seite2-aus-Aktionstage-Widerstand-FB-Sept.-2024-2-1110x1536.png 1110w\" sizes=\"auto, (max-width: 1418px) 100vw, 1418px\" \/><\/figure>\n\n\n\n<figure class=\"wp-block-image size-full\"><img loading=\"lazy\" decoding=\"async\" width=\"1418\" height=\"1949\" src=\"https:\/\/www.revolutionaere-front.de\/wordpress\/wp-content\/uploads\/2024\/08\/Seite3-aus-Aktionstage-Widerstand-FB-Sept.-2024-3.png\" alt=\"\" class=\"wp-image-2784\" srcset=\"https:\/\/www.revolutionaere-front.de\/wordpress\/wp-content\/uploads\/2024\/08\/Seite3-aus-Aktionstage-Widerstand-FB-Sept.-2024-3.png 1418w, https:\/\/www.revolutionaere-front.de\/wordpress\/wp-content\/uploads\/2024\/08\/Seite3-aus-Aktionstage-Widerstand-FB-Sept.-2024-3-218x300.png 218w, https:\/\/www.revolutionaere-front.de\/wordpress\/wp-content\/uploads\/2024\/08\/Seite3-aus-Aktionstage-Widerstand-FB-Sept.-2024-3-745x1024.png 745w, https:\/\/www.revolutionaere-front.de\/wordpress\/wp-content\/uploads\/2024\/08\/Seite3-aus-Aktionstage-Widerstand-FB-Sept.-2024-3-109x150.png 109w, https:\/\/www.revolutionaere-front.de\/wordpress\/wp-content\/uploads\/2024\/08\/Seite3-aus-Aktionstage-Widerstand-FB-Sept.-2024-3-1118x1536.png 1118w\" sizes=\"auto, (max-width: 1418px) 100vw, 1418px\" \/><\/figure>\n\n\n\n<figure class=\"wp-block-image size-full\"><img loading=\"lazy\" decoding=\"async\" width=\"1418\" height=\"1962\" src=\"https:\/\/www.revolutionaere-front.de\/wordpress\/wp-content\/uploads\/2024\/08\/Seite-4-aus-Aktionstage-Widerstand-FB-Sept.-2024-4.png\" alt=\"\" class=\"wp-image-2785\" srcset=\"https:\/\/www.revolutionaere-front.de\/wordpress\/wp-content\/uploads\/2024\/08\/Seite-4-aus-Aktionstage-Widerstand-FB-Sept.-2024-4.png 1418w, https:\/\/www.revolutionaere-front.de\/wordpress\/wp-content\/uploads\/2024\/08\/Seite-4-aus-Aktionstage-Widerstand-FB-Sept.-2024-4-217x300.png 217w, https:\/\/www.revolutionaere-front.de\/wordpress\/wp-content\/uploads\/2024\/08\/Seite-4-aus-Aktionstage-Widerstand-FB-Sept.-2024-4-740x1024.png 740w, https:\/\/www.revolutionaere-front.de\/wordpress\/wp-content\/uploads\/2024\/08\/Seite-4-aus-Aktionstage-Widerstand-FB-Sept.-2024-4-108x150.png 108w, https:\/\/www.revolutionaere-front.de\/wordpress\/wp-content\/uploads\/2024\/08\/Seite-4-aus-Aktionstage-Widerstand-FB-Sept.-2024-4-1110x1536.png 1110w\" sizes=\"auto, (max-width: 1418px) 100vw, 1418px\" \/><\/figure>\n\n\n\n<figure class=\"wp-block-image size-full\"><img loading=\"lazy\" decoding=\"async\" width=\"1418\" height=\"1962\" src=\"https:\/\/www.revolutionaere-front.de\/wordpress\/wp-content\/uploads\/2024\/08\/Seite-5-aus-Aktionstage-Widerstand-FB-Sept.-2024-5.png\" alt=\"\" class=\"wp-image-2786\" srcset=\"https:\/\/www.revolutionaere-front.de\/wordpress\/wp-content\/uploads\/2024\/08\/Seite-5-aus-Aktionstage-Widerstand-FB-Sept.-2024-5.png 1418w, https:\/\/www.revolutionaere-front.de\/wordpress\/wp-content\/uploads\/2024\/08\/Seite-5-aus-Aktionstage-Widerstand-FB-Sept.-2024-5-217x300.png 217w, https:\/\/www.revolutionaere-front.de\/wordpress\/wp-content\/uploads\/2024\/08\/Seite-5-aus-Aktionstage-Widerstand-FB-Sept.-2024-5-740x1024.png 740w, https:\/\/www.revolutionaere-front.de\/wordpress\/wp-content\/uploads\/2024\/08\/Seite-5-aus-Aktionstage-Widerstand-FB-Sept.-2024-5-108x150.png 108w, https:\/\/www.revolutionaere-front.de\/wordpress\/wp-content\/uploads\/2024\/08\/Seite-5-aus-Aktionstage-Widerstand-FB-Sept.-2024-5-1110x1536.png 1110w\" sizes=\"auto, (max-width: 1418px) 100vw, 1418px\" \/><\/figure>\n\n\n\n<figure class=\"wp-block-image size-full\"><a href=\"https:\/\/www.revolutionaere-front.de\/wordpress\/wp-content\/uploads\/2024\/08\/Aktionstage-Widerstand-FB-Sept.-2024.pdf\"><img loading=\"lazy\" decoding=\"async\" width=\"1418\" height=\"1949\" src=\"https:\/\/www.revolutionaere-front.de\/wordpress\/wp-content\/uploads\/2024\/08\/Seite-6-aus-Aktionstage-Widerstand-FB-Sept.-2024-6.png\" alt=\"\" class=\"wp-image-2787\" srcset=\"https:\/\/www.revolutionaere-front.de\/wordpress\/wp-content\/uploads\/2024\/08\/Seite-6-aus-Aktionstage-Widerstand-FB-Sept.-2024-6.png 1418w, https:\/\/www.revolutionaere-front.de\/wordpress\/wp-content\/uploads\/2024\/08\/Seite-6-aus-Aktionstage-Widerstand-FB-Sept.-2024-6-218x300.png 218w, https:\/\/www.revolutionaere-front.de\/wordpress\/wp-content\/uploads\/2024\/08\/Seite-6-aus-Aktionstage-Widerstand-FB-Sept.-2024-6-745x1024.png 745w, https:\/\/www.revolutionaere-front.de\/wordpress\/wp-content\/uploads\/2024\/08\/Seite-6-aus-Aktionstage-Widerstand-FB-Sept.-2024-6-109x150.png 109w, https:\/\/www.revolutionaere-front.de\/wordpress\/wp-content\/uploads\/2024\/08\/Seite-6-aus-Aktionstage-Widerstand-FB-Sept.-2024-6-1118x1536.png 1118w\" sizes=\"auto, (max-width: 1418px) 100vw, 1418px\" \/><\/a><figcaption class=\"wp-element-caption\"><a href=\"https:\/\/www.revolutionaere-front.de\/wordpress\/wp-content\/uploads\/2024\/08\/Aktionstage-Widerstand-FB-Sept.-2024.pdf\">Flugschrift als pdf<\/a><\/figcaption><\/figure>\n","protected":false},"excerpt":{"rendered":"<p>Antikriegstage 7. September &#8211; 25. Oktober Kiel &#8211; Hamburg &#8211; Frankfurt &#8211; Mannheim &#8211; W\u00f6rth &#8211; Schweinfurt &#8211; Ingolstadt &#8211; M\u00fcnchen &#8211; Dingolfing &#8211; Regensburg &#8211; N\u00fcrnberg &#8211; Stuttgart &#8211; K\u00f6ln &#8211; Bochum &#8211; Bremen<\/p>\n","protected":false},"author":2,"featured_media":2792,"comment_status":"closed","ping_status":"closed","sticky":false,"template":"","format":"standard","meta":{"footnotes":""},"categories":[13],"tags":[126,125,47,38,71,124],"class_list":["post-2781","post","type-post","status-publish","format-standard","has-post-thumbnail","hentry","category-aktionseinheit","tag-einheitsfront","tag-krieg-dem-krieg","tag-kriegsvorbereitung","tag-revolution","tag-sozialismus","tag-widerstand"],"_links":{"self":[{"href":"https:\/\/www.revolutionaere-front.de\/wordpress\/index.php?rest_route=\/wp\/v2\/posts\/2781","targetHints":{"allow":["GET"]}}],"collection":[{"href":"https:\/\/www.revolutionaere-front.de\/wordpress\/index.php?rest_route=\/wp\/v2\/posts"}],"about":[{"href":"https:\/\/www.revolutionaere-front.de\/wordpress\/index.php?rest_route=\/wp\/v2\/types\/post"}],"author":[{"embeddable":true,"href":"https:\/\/www.revolutionaere-front.de\/wordpress\/index.php?rest_route=\/wp\/v2\/users\/2"}],"replies":[{"embeddable":true,"href":"https:\/\/www.revolutionaere-front.de\/wordpress\/index.php?rest_route=%2Fwp%2Fv2%2Fcomments&post=2781"}],"version-history":[{"count":8,"href":"https:\/\/www.revolutionaere-front.de\/wordpress\/index.php?rest_route=\/wp\/v2\/posts\/2781\/revisions"}],"predecessor-version":[{"id":2807,"href":"https:\/\/www.revolutionaere-front.de\/wordpress\/index.php?rest_route=\/wp\/v2\/posts\/2781\/revisions\/2807"}],"wp:featuredmedia":[{"embeddable":true,"href":"https:\/\/www.revolutionaere-front.de\/wordpress\/index.php?rest_route=\/wp\/v2\/media\/2792"}],"wp:attachment":[{"href":"https:\/\/www.revolutionaere-front.de\/wordpress\/index.php?rest_route=%2Fwp%2Fv2%2Fmedia&parent=2781"}],"wp:term":[{"taxonomy":"category","embeddable":true,"href":"https:\/\/www.revolutionaere-front.de\/wordpress\/index.php?rest_route=%2Fwp%2Fv2%2Fcategories&post=2781"},{"taxonomy":"post_tag","embeddable":true,"href":"https:\/\/www.revolutionaere-front.de\/wordpress\/index.php?rest_route=%2Fwp%2Fv2%2Ftags&post=2781"}],"curies":[{"name":"wp","href":"https:\/\/api.w.org\/{rel}","templated":true}]}}