{"id":2857,"date":"2024-12-27T17:53:02","date_gmt":"2024-12-27T16:53:02","guid":{"rendered":"https:\/\/www.revolutionaere-front.de\/wordpress\/?p=2857"},"modified":"2024-12-27T18:04:51","modified_gmt":"2024-12-27T17:04:51","slug":"klassenkampf-statt-wahlkampf","status":"publish","type":"post","link":"https:\/\/www.revolutionaere-front.de\/wordpress\/?p=2857","title":{"rendered":"Klassenkampf statt Wahlkampf"},"content":{"rendered":"\n<p class=\"has-text-align-left has-vivid-red-color has-white-background-color has-text-color has-background has-link-color wp-elements-6c816d2ae4723698ad9decca232bd78e\" style=\"font-size:30px\"><strong><mark style=\"background-color:#cf2e2e\" class=\"has-inline-color has-luminous-vivid-amber-color\">Die Republik braucht den STREIK!<\/mark><\/strong><\/p>\n\n\n\n<p>Hunderttausende Entlassungen in den Automobilbetrieben, bei den Zulieferern, beim Stahl, auf dem Bau, in den Softwarebuden&#8230; und kein Ende in Sicht. Arbeiter, was willst du da w\u00e4hlen? Eine gute Versicherung?<strong> &#8212;&#8212;-  <\/strong>Die IG Metall und ihre Funktion\u00e4re im Betrieb bezeichnen 35.000 Entlassungen bei VW als &#8222;Erfolg&#8220;, bezahlt mit dem Lohnverzicht der Hinterbliebenen. Was willst du da w\u00e4hlen? Deine &#8222;sozialvertr\u00e4gliche K\u00fcndigung&#8220;? <strong>&#8212;&#8212;-  <\/strong>Millionen Arbeiter, organisiert in den gr\u00f6\u00dften Gewerkschaften Europas, &#8222;warnen&#8220; die Kapitalisten vor dem Lohn-Streik um sich dann mit Almosen und jahrelanger Friedenspflicht zufrieden zu geben? M\u00fcsstest du nicht den Kampf suchen und den Streik organisieren anstatt dich Jahr f\u00fcr Jahr l\u00e4cherlich zu machen? <strong><strong>&#8212;&#8212;-<\/strong><\/strong> In den Salons der Milliard\u00e4re wird der Faschismus schon wieder zum letzten Ausweg weil der Profit nicht nur vor\u00fcbergehend den Schwung verloren hat. Die &#8222;zu-kurz-gekommenen&#8220; wollen wieder an die Fleischt\u00f6pfe die du mit deiner Arbeit f\u00fcllen sollst, das B\u00fcrgertum beschwert sich deine Rente komme zu fr\u00fch, alleine hilflos, verteilen sie &#8222;Denkzettel&#8220; anstatt \u00fcber ihre Lage und die Verursacher nachzudenken. Kann der Faschismus mit Wahlen gestoppt werden? <strong>&#8212;&#8212;- <\/strong>Die Vorbereitung des Krieges dringt in alle Winkel der Gesellschaft. Milit\u00e4rische Hilfstruppen in den Betrieben, Bundeswehr in Schulen und Universit\u00e4ten, Wehrpflicht f\u00fcr die Jugend, Lazarette statt Krankenh\u00e4user, Kanonen statt Butter und Kasernen statt Wohnungen. Fest steht auch: Nur die allerd\u00fcmmsten K\u00e4lber w\u00e4hlen ihre Metzger selber!<\/p>\n\n\n\n<figure class=\"wp-block-image size-full\"><img loading=\"lazy\" decoding=\"async\" width=\"2780\" height=\"3908\" src=\"https:\/\/www.revolutionaere-front.de\/wordpress\/wp-content\/uploads\/2024\/12\/Plakat-KlaWa-A3.png\" alt=\"\" class=\"wp-image-2831\" srcset=\"https:\/\/www.revolutionaere-front.de\/wordpress\/wp-content\/uploads\/2024\/12\/Plakat-KlaWa-A3.png 2780w, https:\/\/www.revolutionaere-front.de\/wordpress\/wp-content\/uploads\/2024\/12\/Plakat-KlaWa-A3-213x300.png 213w, https:\/\/www.revolutionaere-front.de\/wordpress\/wp-content\/uploads\/2024\/12\/Plakat-KlaWa-A3-728x1024.png 728w, https:\/\/www.revolutionaere-front.de\/wordpress\/wp-content\/uploads\/2024\/12\/Plakat-KlaWa-A3-107x150.png 107w, https:\/\/www.revolutionaere-front.de\/wordpress\/wp-content\/uploads\/2024\/12\/Plakat-KlaWa-A3-1093x1536.png 1093w, https:\/\/www.revolutionaere-front.de\/wordpress\/wp-content\/uploads\/2024\/12\/Plakat-KlaWa-A3-1457x2048.png 1457w\" sizes=\"auto, (max-width: 2780px) 100vw, 2780px\" \/><figcaption class=\"wp-element-caption\"><a href=\"https:\/\/www.revolutionaere-front.de\/wordpress\/wp-content\/uploads\/2024\/12\/Plakat-KlaWa-ZR.pdf\">Plakat als pdf oder bestellen (50 St\u00fcck A3 f\u00fcr 7\u20ac + Porto)<\/a> als Aufkleber (50 St\u00fcck A6 f\u00fcr 4\u20ac + Porto)<\/figcaption><\/figure>\n\n\n\n<figure class=\"wp-block-image size-large\"><img loading=\"lazy\" decoding=\"async\" width=\"1024\" height=\"735\" src=\"https:\/\/www.revolutionaere-front.de\/wordpress\/wp-content\/uploads\/2024\/12\/Auf_A6_Quer_KlaWa-1024x735.png\" alt=\"\" class=\"wp-image-2873\" srcset=\"https:\/\/www.revolutionaere-front.de\/wordpress\/wp-content\/uploads\/2024\/12\/Auf_A6_Quer_KlaWa-1024x735.png 1024w, https:\/\/www.revolutionaere-front.de\/wordpress\/wp-content\/uploads\/2024\/12\/Auf_A6_Quer_KlaWa-300x215.png 300w, https:\/\/www.revolutionaere-front.de\/wordpress\/wp-content\/uploads\/2024\/12\/Auf_A6_Quer_KlaWa-150x108.png 150w, https:\/\/www.revolutionaere-front.de\/wordpress\/wp-content\/uploads\/2024\/12\/Auf_A6_Quer_KlaWa-1536x1102.png 1536w, https:\/\/www.revolutionaere-front.de\/wordpress\/wp-content\/uploads\/2024\/12\/Auf_A6_Quer_KlaWa.png 2041w\" sizes=\"auto, (max-width: 1024px) 100vw, 1024px\" \/><figcaption class=\"wp-element-caption\"><a href=\"https:\/\/www.revolutionaere-front.de\/wordpress\/wp-content\/uploads\/2024\/12\/Auf_A6_Quer_RepublikbrauchtStreik.pdf\">Aufkleber als pdf oder bestellen<\/a><\/figcaption><\/figure>\n\n\n\n<p><\/p>\n","protected":false},"excerpt":{"rendered":"<p>Die Republik braucht den STREIK! Hunderttausende Entlassungen in den Automobilbetrieben, bei den Zulieferern, beim Stahl, auf dem Bau, in den Softwarebuden&#8230; und kein Ende in Sicht. Arbeiter, was willst du da w\u00e4hlen? Eine gute Versicherung? &#8212;&#8212;- Die IG Metall und ihre Funktion\u00e4re im Betrieb bezeichnen 35.000 Entlassungen bei VW als &#8222;Erfolg&#8220;, bezahlt mit dem Lohnverzicht [&hellip;]<\/p>\n","protected":false},"author":2,"featured_media":2873,"comment_status":"closed","ping_status":"","sticky":false,"template":"","format":"standard","meta":{"footnotes":""},"categories":[15],"tags":[86,133],"class_list":["post-2857","post","type-post","status-publish","format-standard","has-post-thumbnail","hentry","category-aktionen","tag-klassenkampf","tag-wahlkampf"],"_links":{"self":[{"href":"https:\/\/www.revolutionaere-front.de\/wordpress\/index.php?rest_route=\/wp\/v2\/posts\/2857","targetHints":{"allow":["GET"]}}],"collection":[{"href":"https:\/\/www.revolutionaere-front.de\/wordpress\/index.php?rest_route=\/wp\/v2\/posts"}],"about":[{"href":"https:\/\/www.revolutionaere-front.de\/wordpress\/index.php?rest_route=\/wp\/v2\/types\/post"}],"author":[{"embeddable":true,"href":"https:\/\/www.revolutionaere-front.de\/wordpress\/index.php?rest_route=\/wp\/v2\/users\/2"}],"replies":[{"embeddable":true,"href":"https:\/\/www.revolutionaere-front.de\/wordpress\/index.php?rest_route=%2Fwp%2Fv2%2Fcomments&post=2857"}],"version-history":[{"count":20,"href":"https:\/\/www.revolutionaere-front.de\/wordpress\/index.php?rest_route=\/wp\/v2\/posts\/2857\/revisions"}],"predecessor-version":[{"id":2882,"href":"https:\/\/www.revolutionaere-front.de\/wordpress\/index.php?rest_route=\/wp\/v2\/posts\/2857\/revisions\/2882"}],"wp:featuredmedia":[{"embeddable":true,"href":"https:\/\/www.revolutionaere-front.de\/wordpress\/index.php?rest_route=\/wp\/v2\/media\/2873"}],"wp:attachment":[{"href":"https:\/\/www.revolutionaere-front.de\/wordpress\/index.php?rest_route=%2Fwp%2Fv2%2Fmedia&parent=2857"}],"wp:term":[{"taxonomy":"category","embeddable":true,"href":"https:\/\/www.revolutionaere-front.de\/wordpress\/index.php?rest_route=%2Fwp%2Fv2%2Fcategories&post=2857"},{"taxonomy":"post_tag","embeddable":true,"href":"https:\/\/www.revolutionaere-front.de\/wordpress\/index.php?rest_route=%2Fwp%2Fv2%2Ftags&post=2857"}],"curies":[{"name":"wp","href":"https:\/\/api.w.org\/{rel}","templated":true}]}}