{"id":2934,"date":"2025-02-10T15:21:08","date_gmt":"2025-02-10T14:21:08","guid":{"rendered":"https:\/\/www.revolutionaere-front.de\/wordpress\/?p=2934"},"modified":"2025-02-11T15:53:23","modified_gmt":"2025-02-11T14:53:23","slug":"wir-verweigern-das-fahren-der-bundeswehrtram","status":"publish","type":"post","link":"https:\/\/www.revolutionaere-front.de\/wordpress\/?p=2934","title":{"rendered":"\u201eWir verweigern das Fahren der Bundeswehrtram!\u201c"},"content":{"rendered":"\n<figure class=\"wp-block-image size-full\"><img loading=\"lazy\" decoding=\"async\" width=\"800\" height=\"450\" src=\"https:\/\/www.revolutionaere-front.de\/wordpress\/wp-content\/uploads\/2025\/02\/TramFahrer.jpg\" alt=\"\" class=\"wp-image-2935\" srcset=\"https:\/\/www.revolutionaere-front.de\/wordpress\/wp-content\/uploads\/2025\/02\/TramFahrer.jpg 800w, https:\/\/www.revolutionaere-front.de\/wordpress\/wp-content\/uploads\/2025\/02\/TramFahrer-300x169.jpg 300w, https:\/\/www.revolutionaere-front.de\/wordpress\/wp-content\/uploads\/2025\/02\/TramFahrer-150x84.jpg 150w, https:\/\/www.revolutionaere-front.de\/wordpress\/wp-content\/uploads\/2025\/02\/TramFahrer-678x381.jpg 678w\" sizes=\"auto, (max-width: 800px) 100vw, 800px\" \/><\/figure>\n\n\n\n<p>Heute, am 31. Januar um 10 Uhr <strong>haben drei Trambahnfahrer der MVG ihrem Arbeitgeber ein Schreiben \u00fcbergeben, in dem Sie mitteilen, dass sie das Fahren der \u00b4Bundeswehrtram\u00b4 nicht l\u00e4nger mit ihrem Gewissen vereinbaren k\u00f6nnen<\/strong>.&nbsp;<\/p>\n\n\n\n<p>Damit machen die Kollegen ihre in <strong><a href=\"https:\/\/www.gesetze-im-internet.de\/gg\/art_4.html\" target=\"_blank\" rel=\"noreferrer noopener\">Artikel 4 Absatz 1 GG<\/a> grundgesetzlich gesch\u00fctzte Gewissensfreiheit <\/strong>geltend. Dazu sagt das Bundesarbeitsgericht:<\/p>\n\n\n\n<p>&nbsp;<em>\u201eSieht sich ein Arbeitnehmer aufgrund einer Gewissensnot nicht in der Lage, die vertraglich geschuldete Arbeitsleistung zu erbringen, ergibt sich hieraus eine Einschr\u00e4nkung des Direktionsrechts des Arbeitgebers.\u201c<\/em> (<a href=\"https:\/\/research.wolterskluwer-online.de\/document\/2dc57c5f-89bf-4768-a90f-ee84e89e8b94\" target=\"_blank\" rel=\"noreferrer noopener\">BAG 24.05.1989, Az. 2 AZR 285\/88<\/a>)<\/p>\n\n\n\n<p>Nachdem die innerbetriebliche Diskussion und der Versuch, die MVG durch Argumente zu \u00fcberzeugen, mit ihrer Infrastruktur <strong>nicht l\u00e4nger Werbung f\u00fcr das \u00b4<em>Gesch\u00e4ft des T\u00f6tens<\/em>\u00b4 <\/strong>zu machen, gescheitert sind, haben sich die drei Trambahnfahrer jetzt zu diesem Schritt entschieden.&nbsp;<\/p>\n\n\n\n<p><em>\u201e<strong>Wir verweigern das Fahren der Bundeswehrtram und wir hoffen, dass sich noch viele Trambahnfahrer*innen der MVG in M\u00fcnchen anschlie\u00dfen und das Beispiel Schule macht <\/strong>&#8211; auch \u00fcber die M\u00fcnchener Stadtgrenzen hinaus. <strong>Wir bleiben dabei: Arbeiter schie\u00dfen nicht auf Arbeiter, Transportarbeiter transportieren kein Milit\u00e4rger\u00e4t &nbsp;&#8211; und Trambahnfahrer fahren keine Bundeswehrtram.<\/strong>\u201c<\/em>, so erkl\u00e4ren die drei Trambahnfahrer.<\/p>\n\n\n\n<p><strong>Mustertexte zur Verweigerung und Beschwerde beim Betriebs-\/Personalrat <\/strong>k\u00f6nnt Ihr gerne von uns bekommen; <strong>meldet Euch!&nbsp;<\/strong><\/p>\n\n\n\n<p><strong>Solidarisiert Euch!<br>Unterzeichnet \u201e<em>Sagt mit uns NEIN! zur Bundeswehrtram!\u201c<\/em>&nbsp;<\/strong><\/p>\n\n\n\n<p>Meldet uns, wenn auch bei Euch eine Bundeswehr-Stra\u00dfenbahn durch die Stra\u00dfen f\u00e4hrt! <strong>Organisieren wir den Widerstand \u2013 gemeinsam!<\/strong><\/p>\n\n\n\n<p><a href=\"https:\/\/www.change.org\/p\/sagt-mit-uns-%CC%81nein-%CC%81-zur-bundeswehrtram?source_location=tag_\">Mehr hier<\/a> unter: Change.org<\/p>\n\n\n\n<p><\/p>\n","protected":false},"excerpt":{"rendered":"<p>Heute, am 31. Januar um 10 Uhr haben drei Trambahnfahrer der MVG ihrem Arbeitgeber ein Schreiben \u00fcbergeben, in dem Sie mitteilen, dass sie das Fahren der \u00b4Bundeswehrtram\u00b4 nicht l\u00e4nger mit ihrem Gewissen vereinbaren k\u00f6nnen.&nbsp; Damit machen die Kollegen ihre in Artikel 4 Absatz 1 GG grundgesetzlich gesch\u00fctzte Gewissensfreiheit geltend. Dazu sagt das Bundesarbeitsgericht: &nbsp;\u201eSieht sich [&hellip;]<\/p>\n","protected":false},"author":2,"featured_media":2939,"comment_status":"closed","ping_status":"closed","sticky":false,"template":"","format":"standard","meta":{"footnotes":""},"categories":[15],"tags":[46,45,47,74,43],"class_list":["post-2934","post","type-post","status-publish","format-standard","has-post-thumbnail","hentry","category-aktionen","tag-antimilitarismus","tag-bundeswehr","tag-kriegsvorbereitung","tag-revolutionaere-front","tag-streik"],"_links":{"self":[{"href":"https:\/\/www.revolutionaere-front.de\/wordpress\/index.php?rest_route=\/wp\/v2\/posts\/2934","targetHints":{"allow":["GET"]}}],"collection":[{"href":"https:\/\/www.revolutionaere-front.de\/wordpress\/index.php?rest_route=\/wp\/v2\/posts"}],"about":[{"href":"https:\/\/www.revolutionaere-front.de\/wordpress\/index.php?rest_route=\/wp\/v2\/types\/post"}],"author":[{"embeddable":true,"href":"https:\/\/www.revolutionaere-front.de\/wordpress\/index.php?rest_route=\/wp\/v2\/users\/2"}],"replies":[{"embeddable":true,"href":"https:\/\/www.revolutionaere-front.de\/wordpress\/index.php?rest_route=%2Fwp%2Fv2%2Fcomments&post=2934"}],"version-history":[{"count":3,"href":"https:\/\/www.revolutionaere-front.de\/wordpress\/index.php?rest_route=\/wp\/v2\/posts\/2934\/revisions"}],"predecessor-version":[{"id":2940,"href":"https:\/\/www.revolutionaere-front.de\/wordpress\/index.php?rest_route=\/wp\/v2\/posts\/2934\/revisions\/2940"}],"wp:featuredmedia":[{"embeddable":true,"href":"https:\/\/www.revolutionaere-front.de\/wordpress\/index.php?rest_route=\/wp\/v2\/media\/2939"}],"wp:attachment":[{"href":"https:\/\/www.revolutionaere-front.de\/wordpress\/index.php?rest_route=%2Fwp%2Fv2%2Fmedia&parent=2934"}],"wp:term":[{"taxonomy":"category","embeddable":true,"href":"https:\/\/www.revolutionaere-front.de\/wordpress\/index.php?rest_route=%2Fwp%2Fv2%2Fcategories&post=2934"},{"taxonomy":"post_tag","embeddable":true,"href":"https:\/\/www.revolutionaere-front.de\/wordpress\/index.php?rest_route=%2Fwp%2Fv2%2Ftags&post=2934"}],"curies":[{"name":"wp","href":"https:\/\/api.w.org\/{rel}","templated":true}]}}