{"id":3006,"date":"2025-07-27T17:19:42","date_gmt":"2025-07-27T15:19:42","guid":{"rendered":"https:\/\/www.revolutionaere-front.de\/wordpress\/?p=3006"},"modified":"2025-07-27T17:41:41","modified_gmt":"2025-07-27T15:41:41","slug":"haende-weg-vom-arbeitszeitgesetz-keine-kompromisse-beim-normalarbeitstag","status":"publish","type":"post","link":"https:\/\/www.revolutionaere-front.de\/wordpress\/?p=3006","title":{"rendered":"H\u00c4NDE WEG VOM ARBEITSZEITGESETZ \u2013 KEINE KOMPROMISSE BEIM NORMALARBEITSTAG!"},"content":{"rendered":"\n<p><em>UNSERE ANTWORT AN DIE BUNDESREGIERUNG: H\u00c4NDE WEG VON DER ARBEITSZEIT. 7 STUNDEN AN 5 TAGEN\/WOCHE \u2013 SONST STREIK<\/em><\/p>\n\n\n\n<figure class=\"wp-block-image size-full is-resized\"><img loading=\"lazy\" decoding=\"async\" width=\"1110\" height=\"1206\" src=\"https:\/\/www.revolutionaere-front.de\/wordpress\/wp-content\/uploads\/2025\/07\/Mercedes-Bremen-18.6.25.png\" alt=\"\" class=\"wp-image-3008\" style=\"width:840px;height:auto\" srcset=\"https:\/\/www.revolutionaere-front.de\/wordpress\/wp-content\/uploads\/2025\/07\/Mercedes-Bremen-18.6.25.png 1110w, https:\/\/www.revolutionaere-front.de\/wordpress\/wp-content\/uploads\/2025\/07\/Mercedes-Bremen-18.6.25-276x300.png 276w, https:\/\/www.revolutionaere-front.de\/wordpress\/wp-content\/uploads\/2025\/07\/Mercedes-Bremen-18.6.25-942x1024.png 942w, https:\/\/www.revolutionaere-front.de\/wordpress\/wp-content\/uploads\/2025\/07\/Mercedes-Bremen-18.6.25-138x150.png 138w\" sizes=\"auto, (max-width: 1110px) 100vw, 1110px\" \/><\/figure>\n\n\n\n<p>\u201e<em>Am 18.6.25 wurden Kolleginnen und Kollegen im Mercedes Werk Bremen aktiv und hingen ein 12 Meter Transparent aus dem Fenster der Halle 9. Auf dem Transparent stand in Gro\u00dfer Schrift \u201eUNSERE ANTWORT AN DIE BUNDESREGIERUNG: H\u00c4NDE WEG VON DER ARBEITSZEIT. 7 STUNDEN AN 5 TAGEN\/WOCHE \u2013 SONST STREIK\u201c. Warum diese Aktion? Der Koalitionsvertrag beinhaltet eine Reihe gravierender Angriffe auf Arbeitnehmerrechte. Der bedeutendste ist die Aufhebung des Normalarbeitstages und damit verbunden des Arbeitszeitgesetzes. (\u2026) Mehrere Bremer IG Metall Delegierte fordern deshalb mit einem Antrag auf der Delegiertenversammlung am 30.6 den IG Metall Vorstand auf, zumindest den gesetzlichen 8-Stundentag, das Arbeitszeitgesetz in der jetzigen Form, ohne Abstriche mit allen Mitteln zu verteidigen und daf\u00fcr auch alle notwendigen Vorbereitungen f\u00fcr eine Arbeitsniederlegung zu treffen<\/em>\u2026\u201c<\/p>\n\n\n\n<p>Der Koalitionsvertrag beinhaltet eine Reihe gravierender Angriffe auf Arbeitnehmerrechte. Der bedeutendste ist die Aufhebung des Normalarbeitstages und damit verbunden des Arbeitszeitgesetzes.<\/p>\n\n\n\n<p>Fast 200 Jahre alt ist die Forderung nach gesetzlicher Beschr\u00e4nkung der t\u00e4glichen Arbeitszeit auf 8 Stunden. 1866 wurde sie zur internationalen, weltweiten Forderung. Der 1. Mai wurde 1890, angesichts der Blutopfer der Chicagoer Arbeiter im Kampf um den 8-Stundentag, zum internationalen Kampftag der Arbeiterbewegung erkl\u00e4rt.<\/p>\n\n\n\n<p>Der Kampf um den 8-Stundentag hat die arbeitenden Menschen weltweit gegen ma\u00dflose Ausbeutung und gegenseitige Konkurrenz zusammengeschlossen. Es muss in Zeiten des Krieges ein Alarmsignal f\u00fcr Gewerkschafter sein, dass in der Geschichte bereits vor den Weltkriegen 1 und 2 nicht nur der Normalarbeitstag aufgehoben wurde, sondern auch der freie Verkauf der Arbeitskraft durch Dienstverpflichtung bis hin zur Zwangsarbeit.<\/p>\n\n\n\n<p>Wir k\u00f6nnen es nicht zulassen, dass das Rad der Geschichte bis in den Fr\u00fchkapitalismus zur\u00fcck gedreht wird. Die Geschichte der Arbeiter- und Gewerkschaftsbewegung hat bewiesen, dass der Kampf um die Begrenzung des Normalarbeitstages nie ohne Streiks gewonnen werden konnte. Mehrere Bremer IG Metall Delegierte fordern deshalb mit einen Antrag auf der Delegiertenversammlung am 30.6 den IG Metall Vorstand auf, zumindest den gesetzlichen 8-Stundentag, das Arbeitszeitgesetz in der jetzigen Form, ohne Abstriche mit allen Mitteln zu verteidigen und daf\u00fcr auch alle notwendigen Vorbereitungen f\u00fcr eine Arbeitsniederlegung zu treffen. Dar\u00fcber hinaus muss eine offensive Debatte gef\u00fchrt werden \u00fcber den 7-Stundentag f\u00fcr alle per Gesetz, gerade angesichts der laufenden Massenentlassungen. Die logische Konsequenz w\u00e4re der 7 Stundentag f\u00fcr alle, bei vollem Lohnausgleich und per Gesetz. Eine weitere Flexibilisierung ist insbesondere in Zeiten einer zunehmend auf den Krieg orientierten Wirtschaft unter allen Umst\u00e4nden zu vermeiden.<\/p>\n","protected":false},"excerpt":{"rendered":"<p>UNSERE ANTWORT AN DIE BUNDESREGIERUNG: H\u00c4NDE WEG VON DER ARBEITSZEIT. 7 STUNDEN AN 5 TAGEN\/WOCHE \u2013 SONST STREIK \u201eAm 18.6.25 wurden Kolleginnen und Kollegen im Mercedes Werk Bremen aktiv und hingen ein 12 Meter Transparent aus dem Fenster der Halle 9. Auf dem Transparent stand in Gro\u00dfer Schrift \u201eUNSERE ANTWORT AN DIE BUNDESREGIERUNG: H\u00c4NDE WEG [&hellip;]<\/p>\n","protected":false},"author":2,"featured_media":3012,"comment_status":"closed","ping_status":"","sticky":false,"template":"","format":"standard","meta":{"footnotes":""},"categories":[15],"tags":[144,145,142,143,146,58,147,148],"class_list":["post-3006","post","type-post","status-publish","format-standard","has-post-thumbnail","hentry","category-aktionen","tag-35-stunden-woche","tag-40-stunden-woche","tag-arbeitszeit","tag-arbeitszeitgesetz","tag-ausbeutung","tag-ig-metall","tag-mercedes","tag-mercedes-bremen"],"_links":{"self":[{"href":"https:\/\/www.revolutionaere-front.de\/wordpress\/index.php?rest_route=\/wp\/v2\/posts\/3006","targetHints":{"allow":["GET"]}}],"collection":[{"href":"https:\/\/www.revolutionaere-front.de\/wordpress\/index.php?rest_route=\/wp\/v2\/posts"}],"about":[{"href":"https:\/\/www.revolutionaere-front.de\/wordpress\/index.php?rest_route=\/wp\/v2\/types\/post"}],"author":[{"embeddable":true,"href":"https:\/\/www.revolutionaere-front.de\/wordpress\/index.php?rest_route=\/wp\/v2\/users\/2"}],"replies":[{"embeddable":true,"href":"https:\/\/www.revolutionaere-front.de\/wordpress\/index.php?rest_route=%2Fwp%2Fv2%2Fcomments&post=3006"}],"version-history":[{"count":1,"href":"https:\/\/www.revolutionaere-front.de\/wordpress\/index.php?rest_route=\/wp\/v2\/posts\/3006\/revisions"}],"predecessor-version":[{"id":3009,"href":"https:\/\/www.revolutionaere-front.de\/wordpress\/index.php?rest_route=\/wp\/v2\/posts\/3006\/revisions\/3009"}],"wp:featuredmedia":[{"embeddable":true,"href":"https:\/\/www.revolutionaere-front.de\/wordpress\/index.php?rest_route=\/wp\/v2\/media\/3012"}],"wp:attachment":[{"href":"https:\/\/www.revolutionaere-front.de\/wordpress\/index.php?rest_route=%2Fwp%2Fv2%2Fmedia&parent=3006"}],"wp:term":[{"taxonomy":"category","embeddable":true,"href":"https:\/\/www.revolutionaere-front.de\/wordpress\/index.php?rest_route=%2Fwp%2Fv2%2Fcategories&post=3006"},{"taxonomy":"post_tag","embeddable":true,"href":"https:\/\/www.revolutionaere-front.de\/wordpress\/index.php?rest_route=%2Fwp%2Fv2%2Ftags&post=3006"}],"curies":[{"name":"wp","href":"https:\/\/api.w.org\/{rel}","templated":true}]}}