{"id":3074,"date":"2025-08-01T22:34:39","date_gmt":"2025-08-01T20:34:39","guid":{"rendered":"https:\/\/www.revolutionaere-front.de\/wordpress\/?p=3074"},"modified":"2025-08-25T20:53:37","modified_gmt":"2025-08-25T18:53:37","slug":"dgb-auf-kriegskurs-wir-widersprechen","status":"publish","type":"post","link":"https:\/\/www.revolutionaere-front.de\/wordpress\/?p=3074","title":{"rendered":"DGB auf Kriegskurs: WIR WIDERSPRECHEN!"},"content":{"rendered":"\n<p>Bereits mit der Erkl\u00e4rung des DGB zum Ostermarsch hat der Vorstand <strong>im Namen aller Gewerkschafter, in unserem Namen<\/strong>, das offene JA zum dritten Weltkrieg erkl\u00e4rt. Das k\u00f6nnen <strong>WIR<\/strong> nicht zulassen! Deswegen und dagegen gibt es den Aufruf <strong>&#8222;DGB auf Kriegskurs: WIR WIDERSPRECHEN!&#8220;<\/strong>. Jetzt hat der DGB ausgerechnet f\u00fcr den Antikriegstag am 1. September 2025, im 80sten Jahr der Befreiung von Faschismus und Krieg, den n\u00e4chsten Schuss abgefeuert. Wie schon in der Erkl\u00e4rung zum Ostermarsch werden Russland, China und die USA als Gegner und Grund &#8222;f\u00fcr die Verteidigung nach au\u00dfen&#8220; genannt. &#8222;Wir&#8220; d\u00fcrfen &#8222;nicht zum Spielball rivalisierender Gro\u00dfmachtinteressen werden&#8220; schreibt der DGB, sagt Ja zu Aufr\u00fcstung, Kriegsgeschrei und Wehrpflicht, nennt es &#8222;Friedensf\u00e4higkeit&#8220; (!) und will seine Mitglieder, die Arbeiter und Werkt\u00e4tigen, in den Sch\u00fctzengraben schicken.<\/p>\n\n\n\n<p><strong>WIR WIDERSPRECHEN!<\/strong> ist &#8211; nach wie vor &#8211; das Mindeste f\u00fcr jeden Gewerkschafter. Hier also erneut und widerholt der Aufruf mit den ersten Unterschriften. Wer f\u00fcr sich, f\u00fcr sein Gremium, den Aufruf f\u00fcr nicht geeignet findet, sollte mit eigenen Worten den Widerspruch formulieren. Die schlechteste L\u00f6sung ist, die Erkl\u00e4rungen unwidersprochen zu lassen.<\/p>\n\n\n\n<p class=\"has-small-font-size\">Aufruf des DGB zum Antikriegstag: <a href=\"https:\/\/www.dgb.de\/fileadmin\/download_center\/Positionen_und_Thesen\/Erkl%C3%A4rung_des_Deutschen_Gewerkschaftsbundes_zum_Antikriegstag_2025__002_.pdf\">https:\/\/www.dgb.de\/fileadmin\/download_center\/Positionen_und_Thesen\/Erkl%C3%A4rung_des_Deutschen_Gewerkschaftsbundes_zum_Antikriegstag_2025__002_.pdf<\/a><\/p>\n\n\n\n<figure class=\"wp-block-image size-full is-resized KriegskursDGB\"><img loading=\"lazy\" decoding=\"async\" width=\"565\" height=\"851\" src=\"https:\/\/www.revolutionaere-front.de\/wordpress\/wp-content\/uploads\/2025\/08\/Aufruf1Widersprechen.png\" alt=\"\" class=\"wp-image-3075\" style=\"width:840px;height:auto\" srcset=\"https:\/\/www.revolutionaere-front.de\/wordpress\/wp-content\/uploads\/2025\/08\/Aufruf1Widersprechen.png 565w, https:\/\/www.revolutionaere-front.de\/wordpress\/wp-content\/uploads\/2025\/08\/Aufruf1Widersprechen-199x300.png 199w, https:\/\/www.revolutionaere-front.de\/wordpress\/wp-content\/uploads\/2025\/08\/Aufruf1Widersprechen-100x150.png 100w\" sizes=\"auto, (max-width: 565px) 100vw, 565px\" \/><\/figure>\n\n\n\n<p>Gezeichnet bis 28.4.25<\/p>\n\n\n\n<figure class=\"wp-block-image size-full is-resized\"><img loading=\"lazy\" decoding=\"async\" width=\"588\" height=\"842\" src=\"https:\/\/www.revolutionaere-front.de\/wordpress\/wp-content\/uploads\/2025\/08\/Aufruf2Widersprechen.png\" alt=\"\" class=\"wp-image-3078\" style=\"width:840px;height:auto\" srcset=\"https:\/\/www.revolutionaere-front.de\/wordpress\/wp-content\/uploads\/2025\/08\/Aufruf2Widersprechen.png 588w, https:\/\/www.revolutionaere-front.de\/wordpress\/wp-content\/uploads\/2025\/08\/Aufruf2Widersprechen-210x300.png 210w, https:\/\/www.revolutionaere-front.de\/wordpress\/wp-content\/uploads\/2025\/08\/Aufruf2Widersprechen-105x150.png 105w\" sizes=\"auto, (max-width: 588px) 100vw, 588px\" \/><\/figure>\n","protected":false},"excerpt":{"rendered":"<p>Bereits mit der Erkl\u00e4rung des DGB zum Ostermarsch hat der Vorstand im Namen aller Gewerkschafter, in unserem Namen, das offene JA zum dritten Weltkrieg erkl\u00e4rt. Das k\u00f6nnen WIR nicht zulassen! Deswegen und dagegen gibt es den Aufruf &#8222;DGB auf Kriegskurs: WIR WIDERSPRECHEN!&#8220;. Jetzt hat der DGB ausgerechnet f\u00fcr den Antikriegstag am 1. September 2025, im [&hellip;]<\/p>\n","protected":false},"author":2,"featured_media":2512,"comment_status":"closed","ping_status":"","sticky":false,"template":"","format":"standard","meta":{"footnotes":""},"categories":[16],"tags":[135,151],"class_list":["post-3074","post","type-post","status-publish","format-standard","has-post-thumbnail","hentry","category-erklaerungen","tag-gewerkschaften","tag-kriegskurs"],"_links":{"self":[{"href":"https:\/\/www.revolutionaere-front.de\/wordpress\/index.php?rest_route=\/wp\/v2\/posts\/3074","targetHints":{"allow":["GET"]}}],"collection":[{"href":"https:\/\/www.revolutionaere-front.de\/wordpress\/index.php?rest_route=\/wp\/v2\/posts"}],"about":[{"href":"https:\/\/www.revolutionaere-front.de\/wordpress\/index.php?rest_route=\/wp\/v2\/types\/post"}],"author":[{"embeddable":true,"href":"https:\/\/www.revolutionaere-front.de\/wordpress\/index.php?rest_route=\/wp\/v2\/users\/2"}],"replies":[{"embeddable":true,"href":"https:\/\/www.revolutionaere-front.de\/wordpress\/index.php?rest_route=%2Fwp%2Fv2%2Fcomments&post=3074"}],"version-history":[{"count":6,"href":"https:\/\/www.revolutionaere-front.de\/wordpress\/index.php?rest_route=\/wp\/v2\/posts\/3074\/revisions"}],"predecessor-version":[{"id":3087,"href":"https:\/\/www.revolutionaere-front.de\/wordpress\/index.php?rest_route=\/wp\/v2\/posts\/3074\/revisions\/3087"}],"wp:featuredmedia":[{"embeddable":true,"href":"https:\/\/www.revolutionaere-front.de\/wordpress\/index.php?rest_route=\/wp\/v2\/media\/2512"}],"wp:attachment":[{"href":"https:\/\/www.revolutionaere-front.de\/wordpress\/index.php?rest_route=%2Fwp%2Fv2%2Fmedia&parent=3074"}],"wp:term":[{"taxonomy":"category","embeddable":true,"href":"https:\/\/www.revolutionaere-front.de\/wordpress\/index.php?rest_route=%2Fwp%2Fv2%2Fcategories&post=3074"},{"taxonomy":"post_tag","embeddable":true,"href":"https:\/\/www.revolutionaere-front.de\/wordpress\/index.php?rest_route=%2Fwp%2Fv2%2Ftags&post=3074"}],"curies":[{"name":"wp","href":"https:\/\/api.w.org\/{rel}","templated":true}]}}