{"id":3127,"date":"2026-01-18T13:37:05","date_gmt":"2026-01-18T12:37:05","guid":{"rendered":"https:\/\/www.revolutionaere-front.de\/wordpress\/?p=3127"},"modified":"2026-02-02T15:07:21","modified_gmt":"2026-02-02T14:07:21","slug":"gerichtstermin-22-januar-oeffentlicher-guetetermin-vor-dem-arbeitsgericht-muenchen","status":"publish","type":"post","link":"https:\/\/www.revolutionaere-front.de\/wordpress\/?p=3127","title":{"rendered":"Gerichtstermin 22. Januar \u2013 \u00d6ffentlicher G\u00fctetermin vor dem Arbeitsgericht M\u00fcnchen"},"content":{"rendered":"\n<p class=\"has-text-align-center has-vivid-cyan-blue-color has-white-background-color has-text-color has-background has-link-color has-medium-font-size wp-elements-bc9f55ace57e1801bd63f092a6bd23dc\"><strong>Bundeswehrtramverweigerer klagen gegen Abmahnung<\/strong><\/p>\n\n\n\n<p>Im Januar 2025 haben die Trambahnfahrer, Gewerkschafter und Kriegsgegner erkl\u00e4rt: &#8222;<strong><em>Wir leisten keinen Dienst an der M\u00fcnchner Heimatfront und fahren keine Bundeswehrwerbung durch die Stadt. Das k\u00f6nnen wir mit unserem Gewissen nicht vereinbaren.<\/em><\/strong>&#8222;<\/p>\n\n\n\n<p><strong><em>F\u00fcr uns gilt:<\/em><\/strong><\/p>\n\n\n\n<div class=\"wp-block-group\"><div class=\"wp-block-group__inner-container is-layout-constrained wp-block-group-is-layout-constrained\">\n<ul class=\"wp-block-list\">\n<li><strong><em>Arbeiter schie\u00dfen nicht auf Arbeiter!&nbsp;<\/em><\/strong><\/li>\n<\/ul>\n\n\n\n<ul class=\"wp-block-list\">\n<li><strong><em>Metaller bauen keine Panzer!<\/em><\/strong><\/li>\n<\/ul>\n\n\n\n<ul class=\"wp-block-list\">\n<li><strong><em>Transportarbeiter transportieren kein Milit\u00e4rger\u00e4t!<\/em><\/strong><\/li>\n<\/ul>\n\n\n\n<ul class=\"wp-block-list\">\n<li><strong><em>Trambahnfahrer fahren keine Bundeswehrtram!<\/em><\/strong><\/li>\n<\/ul>\n<\/div><\/div>\n\n\n\n<p>Seitdem verweigern sie das Fahren der &#8222;Bundeswehrtram&#8220; und haben daf\u00fcr Abmahnungen erhalten die immer die (juristische) Vorbereitung f\u00fcr K\u00fcndigungen sind. <strong>Am 22. Januar ist der erste Prozess f\u00fcr die Entfernung der Abmahnung in der Personalakte. Bereits um 13.00 Uhr ist eine Antikriegskundgebung um 14.00 Uhr beginnt der Prozess<\/strong> (Arbeitsgericht M\u00fcnchen, Winzererstr. 106)<\/p>\n\n\n\n<p>Dazu auch die Berichte vom<\/p>\n\n\n\n<p>Februar 2025: <a href=\"https:\/\/revolutionaere-front.de:443\/wordpress\/?p=2934\">\u201eWir verweigern das Fahren der Bundeswehrtram!\u201c<\/a><\/p>\n\n\n\n<p>August 2025: <a href=\"https:\/\/revolutionaere-front.de:443\/wordpress\/?p=3062\">Solidarit\u00e4t mit den Trambahnfahrern, die das Fahren der Bundeswehrtram verweigern!<\/a><\/p>\n\n\n\n<p class=\"has-white-color has-vivid-red-background-color has-text-color has-background has-link-color wp-elements-ac4448707f00a6184a7ae8130b8d9708\"><strong><em>Die Revolution\u00e4re Front \u2013 Abteilung Bremen hat zum Prozessauftakt eine Solidarit\u00e4tserkl\u00e4rung an die Kriegsgegner verfasst<\/em><\/strong><\/p>\n\n\n\n<figure class=\"wp-block-image size-full\"><img loading=\"lazy\" decoding=\"async\" width=\"789\" height=\"261\" src=\"https:\/\/www.revolutionaere-front.de\/wordpress\/wp-content\/uploads\/2026\/01\/Screenshot-2026-02-02-143803.png\" alt=\"\" class=\"wp-image-3137\" srcset=\"https:\/\/www.revolutionaere-front.de\/wordpress\/wp-content\/uploads\/2026\/01\/Screenshot-2026-02-02-143803.png 789w, https:\/\/www.revolutionaere-front.de\/wordpress\/wp-content\/uploads\/2026\/01\/Screenshot-2026-02-02-143803-300x99.png 300w, https:\/\/www.revolutionaere-front.de\/wordpress\/wp-content\/uploads\/2026\/01\/Screenshot-2026-02-02-143803-150x50.png 150w\" sizes=\"auto, (max-width: 789px) 100vw, 789px\" \/><\/figure>\n\n\n\n<p class=\"has-white-color has-vivid-red-background-color has-text-color has-background has-link-color wp-elements-d98cce356e52af2752e2526e43d271a6\"><strong>Ebenso Arbeiter aus dem Mercedes Werk Bremen<\/strong><\/p>\n\n\n\n<figure class=\"wp-block-image size-full\"><img loading=\"lazy\" decoding=\"async\" width=\"821\" height=\"632\" src=\"https:\/\/www.revolutionaere-front.de\/wordpress\/wp-content\/uploads\/2026\/01\/Screenshot-2026-02-02-143310.png\" alt=\"\" class=\"wp-image-3136\" srcset=\"https:\/\/www.revolutionaere-front.de\/wordpress\/wp-content\/uploads\/2026\/01\/Screenshot-2026-02-02-143310.png 821w, https:\/\/www.revolutionaere-front.de\/wordpress\/wp-content\/uploads\/2026\/01\/Screenshot-2026-02-02-143310-300x231.png 300w, https:\/\/www.revolutionaere-front.de\/wordpress\/wp-content\/uploads\/2026\/01\/Screenshot-2026-02-02-143310-150x115.png 150w\" sizes=\"auto, (max-width: 821px) 100vw, 821px\" \/><\/figure>\n\n\n\n<p class=\"has-black-color has-white-background-color has-text-color has-background has-link-color wp-elements-18bc78fc6f4e68213880307499cd044a\"><\/p>\n","protected":false},"excerpt":{"rendered":"<p>Bundeswehrtramverweigerer klagen gegen Abmahnung Im Januar 2025 haben die Trambahnfahrer, Gewerkschafter und Kriegsgegner erkl\u00e4rt: &#8222;Wir leisten keinen Dienst an der M\u00fcnchner Heimatfront und fahren keine Bundeswehrwerbung durch die Stadt. Das k\u00f6nnen wir mit unserem Gewissen nicht vereinbaren.&#8222; F\u00fcr uns gilt: Seitdem verweigern sie das Fahren der &#8222;Bundeswehrtram&#8220; und haben daf\u00fcr Abmahnungen erhalten die immer die [&hellip;]<\/p>\n","protected":false},"author":2,"featured_media":3144,"comment_status":"closed","ping_status":"","sticky":false,"template":"","format":"standard","meta":{"footnotes":""},"categories":[15],"tags":[46,45,47,43],"class_list":["post-3127","post","type-post","status-publish","format-standard","has-post-thumbnail","hentry","category-aktionen","tag-antimilitarismus","tag-bundeswehr","tag-kriegsvorbereitung","tag-streik"],"_links":{"self":[{"href":"https:\/\/www.revolutionaere-front.de\/wordpress\/index.php?rest_route=\/wp\/v2\/posts\/3127","targetHints":{"allow":["GET"]}}],"collection":[{"href":"https:\/\/www.revolutionaere-front.de\/wordpress\/index.php?rest_route=\/wp\/v2\/posts"}],"about":[{"href":"https:\/\/www.revolutionaere-front.de\/wordpress\/index.php?rest_route=\/wp\/v2\/types\/post"}],"author":[{"embeddable":true,"href":"https:\/\/www.revolutionaere-front.de\/wordpress\/index.php?rest_route=\/wp\/v2\/users\/2"}],"replies":[{"embeddable":true,"href":"https:\/\/www.revolutionaere-front.de\/wordpress\/index.php?rest_route=%2Fwp%2Fv2%2Fcomments&post=3127"}],"version-history":[{"count":4,"href":"https:\/\/www.revolutionaere-front.de\/wordpress\/index.php?rest_route=\/wp\/v2\/posts\/3127\/revisions"}],"predecessor-version":[{"id":3138,"href":"https:\/\/www.revolutionaere-front.de\/wordpress\/index.php?rest_route=\/wp\/v2\/posts\/3127\/revisions\/3138"}],"wp:featuredmedia":[{"embeddable":true,"href":"https:\/\/www.revolutionaere-front.de\/wordpress\/index.php?rest_route=\/wp\/v2\/media\/3144"}],"wp:attachment":[{"href":"https:\/\/www.revolutionaere-front.de\/wordpress\/index.php?rest_route=%2Fwp%2Fv2%2Fmedia&parent=3127"}],"wp:term":[{"taxonomy":"category","embeddable":true,"href":"https:\/\/www.revolutionaere-front.de\/wordpress\/index.php?rest_route=%2Fwp%2Fv2%2Fcategories&post=3127"},{"taxonomy":"post_tag","embeddable":true,"href":"https:\/\/www.revolutionaere-front.de\/wordpress\/index.php?rest_route=%2Fwp%2Fv2%2Ftags&post=3127"}],"curies":[{"name":"wp","href":"https:\/\/api.w.org\/{rel}","templated":true}]}}