{"id":367,"date":"2016-04-09T11:51:57","date_gmt":"2016-04-09T09:51:57","guid":{"rendered":"http:\/\/notstand-der-republik.de\/wordpress\/?p=367"},"modified":"2016-04-09T11:54:20","modified_gmt":"2016-04-09T09:54:20","slug":"2013-der-aktionszug-klassenkampf-statt-weltkrieg-faehrt-nach-prag","status":"publish","type":"post","link":"https:\/\/www.revolutionaere-front.de\/wordpress\/?p=367","title":{"rendered":"2013: Der Aktionszug &#8222;Klassenkampf statt Weltkrieg&#8220; f\u00e4hrt nach Prag"},"content":{"rendered":"<div id=\"content\"><center>Der Aktionszug &#8222;Klassenkampf statt Weltkrieg&#8220; f\u00e4hrt nach Prag und wir fahren mit,<br \/>\nwie schon 2011 von Berlin \u00fcber Prag nach Gdansk, und daf\u00fcr gibt es einige gute Gr\u00fcnde:<\/center><\/p>\n<p class=\"normal\">Wir haben eine fl\u00e4chendeckende Militarisierung in Form des sogenannten Heimatschutzes, das Milit\u00e4r kommandiert zivile Einrichtungen von Feuerwehren bis Rettungsdiensten.<\/p>\n<p class=\"normal\">Wir haben einen massiven Ausbau des staatlichen Gewaltenapparates, die Zentralisierung von Geheimdiensten und Bundeskriminalamt in Richtung einer Gestapo.<\/p>\n<p class=\"normal\">Wir haben eine Bundespolizei, die es gar nicht geben d\u00fcrfte, ginge es nach dem, was diesem Deutschland 1945 ins Stammbuch geschrieben wurde, nach dem es vom Faschismus befreit wurde.<\/p>\n<p class=\"normal\">Die Bundeswehr ist an Schulen, Universit\u00e4ten und Lehrwerkst\u00e4tten, um unsere Jugend f\u00fcr das Kriegshandwerk zu rekrutieren; an den Arbeits\u00e4mtern ist sie, um denen, die keine Arbeit finden, die Uniform anzubieten und in den F\u00fchrungsetagen der gr\u00f6\u00dferen Betriebe und in \u00f6ffentlichen Einrichtungen, z.B. Arbeits\u00e4mter, halten immer mehr Offiziere der Reserve Einzug.<\/p>\n<p class=\"normal\"><strong> Darum fahren wir beim Aktionszug mit, um dar\u00fcber aufzukl\u00e4ren, was in unserem Land passiert. <\/strong><\/p>\n<p class=\"normal\">Wir, Arbeiter und Gewerkschafter aus verschiedenen Betrieben und St\u00e4dten, stellen uns gegen die andauernde Militarisierung und Kriegsvorbereitung in Gesellschaft und Betrieb. Wir stellen uns gegen einen Schulterschluss der Gewerkschaftsf\u00fchrung mit dem deutschen Milit\u00e4r, auch wenn der jetzige DGB Chef Sommer glaubt, &#8222;dass die grunds\u00e4tzlichen Auseinandersetzungen (zwischen Milit\u00e4r und Gewerkschaft) der Vergangenheit angeh\u00f6ren&#8220; w\u00fcrden.<\/p>\n<p class=\"normal\">Die DGB-F\u00fchrung reiht sich ein bei denen, die mitmachen bei einer dramatisch voranschreitenden Kriegstauglichkeitsmachung der BRD. Und weil das Bundesverfassungsgericht den bewaffneten Einsatz gegen das eigene Volk f\u00fcr rechtens erkl\u00e4rt \u2013 mit seinem Entscheid vom August 2012 &#8211; ist es geradezu absurd, wenn Michael Sommer verlangt, &#8222;man m\u00fcsse alles daf\u00fcr tun, die Soldaten anst\u00e4ndig auszur\u00fcsten&#8220;. Wir wissen, dass die Bundeswehr wieder den Einsatz gegen streikende Arbeiter \u00fcbt. Der DGB hat die Vertreter des staatlichen Gewaltenapparats, wie des Milit\u00e4rs, nicht in seinen Reihen zu dulden. Es gibt kein gemeinsames Interesse von Arbeiterklasse und Bundeswehr! Deswegen haben Soldaten auch nichts zu suchen in unseren Gewerkschaften.<\/p>\n<p class=\"normal\"><strong>Darum fahren wir beim Aktionszug mit, um dar\u00fcber aufzukl\u00e4ren was in unseren Gewerkschaften passiert. <\/strong><\/p>\n<p class=\"normal\">Wir stellen fest, dass die Weltwirtschaftskrise weiter w\u00fctet, die Widerspr\u00fcche zwischen den kapitalistischen L\u00e4ndern m\u00fcssen zum Krieg treiben um den Maximalprofit der Banken und Monopole weiter zu sichern. Den Preis daf\u00fcr zahlen die V\u00f6lker, die gerade in Hunger, Elend und Barbarei gepresst werden. Das Diktat der Deutschen Bank, der Monopole und ihrer Regierung, zerst\u00f6rt nicht nur die Gesundheit und Lebensgrundlage der Menschen, sondern es entzieht sich und seinem System der Ausbeutung selbst den Boden.<\/p>\n<p class=\"normal\">Schon zwei Mal in der Geschichte sah das deutsche Gro\u00dfkapital den letzten Ausweg aus der Weltwirtschaftskrise im Weltkrieg. Wie immer hat es dabei die Rechnung ohne die V\u00f6lker gemacht, die nicht so leben k\u00f6nnen und wollen, die letztendlich der Barbarei ein Ende bereiten. Es ist deshalb unsere unaufschiebbare Pflicht und Aufgabe, eine internationale Aktionseinheit gegen den kommenden deutschen Krieg zu organisieren, eine Einheit aufzubauen, egal ob Sozialdemokrat, Kommunist oder Parteiloser. Proletarischer Internationalismus ist praktisch:<\/p>\n<p class=\"normal\"><strong><em>Darum fahren wir ab dem 29. September 2013, zum 75. Jahrestags des sch\u00e4ndlichen M\u00fcnchner Diktats, auf sechs historischen LKWs von M\u00fcnchen bis Prag unter der Losung &#8222;Klassenkampf statt Weltkrieg!&#8220; <\/em><\/strong><\/p>\n<p class=\"normal\" align=\"center\"><strong><br \/>\nArbeits- und Koordinationsausschuss<br \/>\nder Vierten Arbeiter- und Gewerkschafter \u2013 Konferenz gegen den Notstand der Republik<\/strong><\/p>\n<p><strong>K<\/strong><strong>on<\/strong><strong>t<\/strong><strong>ak<\/strong><strong>t<\/strong><strong>: <\/strong>Rainer Herth, Sch\u00f6nbornstra\u00dfe 13, 60431 Frankfurt\/Main,<br \/>\nTel: 069-832754, Fax: 069-83833431, E-Mail: <a href=\"mailto:R@inerHerth.de\">R@inerHerth.de<br \/>\n<\/a><strong>K<\/strong><strong>onto:<\/strong> Rainer Herth, IBAN: DE33500105175464180292, DiBa Frankfurt<\/p>\n<\/div>\n","protected":false},"excerpt":{"rendered":"<p>Der Aktionszug &#8222;Klassenkampf statt Weltkrieg&#8220; f\u00e4hrt nach Prag und wir fahren mit, wie schon 2011 von Berlin \u00fcber Prag nach Gdansk, und daf\u00fcr gibt es einige gute Gr\u00fcnde: Wir haben eine fl\u00e4chendeckende Militarisierung in Form des sogenannten Heimatschutzes, das Milit\u00e4r kommandiert zivile Einrichtungen von Feuerwehren bis Rettungsdiensten. Wir haben einen massiven Ausbau des staatlichen Gewaltenapparates, [&hellip;]<\/p>\n","protected":false},"author":2,"featured_media":0,"comment_status":"closed","ping_status":"closed","sticky":false,"template":"","format":"standard","meta":{"footnotes":""},"categories":[14],"tags":[],"class_list":["post-367","post","type-post","status-publish","format-standard","hentry","category-klassenkampf-statt-weltkrieg"],"_links":{"self":[{"href":"https:\/\/www.revolutionaere-front.de\/wordpress\/index.php?rest_route=\/wp\/v2\/posts\/367","targetHints":{"allow":["GET"]}}],"collection":[{"href":"https:\/\/www.revolutionaere-front.de\/wordpress\/index.php?rest_route=\/wp\/v2\/posts"}],"about":[{"href":"https:\/\/www.revolutionaere-front.de\/wordpress\/index.php?rest_route=\/wp\/v2\/types\/post"}],"author":[{"embeddable":true,"href":"https:\/\/www.revolutionaere-front.de\/wordpress\/index.php?rest_route=\/wp\/v2\/users\/2"}],"replies":[{"embeddable":true,"href":"https:\/\/www.revolutionaere-front.de\/wordpress\/index.php?rest_route=%2Fwp%2Fv2%2Fcomments&post=367"}],"version-history":[{"count":4,"href":"https:\/\/www.revolutionaere-front.de\/wordpress\/index.php?rest_route=\/wp\/v2\/posts\/367\/revisions"}],"predecessor-version":[{"id":371,"href":"https:\/\/www.revolutionaere-front.de\/wordpress\/index.php?rest_route=\/wp\/v2\/posts\/367\/revisions\/371"}],"wp:attachment":[{"href":"https:\/\/www.revolutionaere-front.de\/wordpress\/index.php?rest_route=%2Fwp%2Fv2%2Fmedia&parent=367"}],"wp:term":[{"taxonomy":"category","embeddable":true,"href":"https:\/\/www.revolutionaere-front.de\/wordpress\/index.php?rest_route=%2Fwp%2Fv2%2Fcategories&post=367"},{"taxonomy":"post_tag","embeddable":true,"href":"https:\/\/www.revolutionaere-front.de\/wordpress\/index.php?rest_route=%2Fwp%2Fv2%2Ftags&post=367"}],"curies":[{"name":"wp","href":"https:\/\/api.w.org\/{rel}","templated":true}]}}