{"id":383,"date":"2016-04-09T14:43:21","date_gmt":"2016-04-09T12:43:21","guid":{"rendered":"http:\/\/notstand-der-republik.de\/wordpress\/?p=383"},"modified":"2021-08-08T23:09:34","modified_gmt":"2021-08-08T21:09:34","slug":"2009-klassenkampf-statt-wahlkampf-gegen-den-notstand-der-republik","status":"publish","type":"post","link":"https:\/\/www.revolutionaere-front.de\/wordpress\/?p=383","title":{"rendered":"2009: Klassenkampf statt Wahlkampf! Gegen den Notstand der Republik!"},"content":{"rendered":"<p class=\"normal\">Die Aktion &#8222;Klassenkampf statt Wahlkampf! Gegen den Notstand der Republik!&#8220; wurde durchgef\u00fchrt von einer Einheitsfront und Aktionseinheit aus Arbeitern, Gewerkschaftern, von Jung und Alt, von Sozialdemokraten, Kommunisten und Parteilosen, die gemeinsam seit der <a href=\"http:\/\/www.notstand-der-republik.de\/sites\/konferenzen\/erstekonf.html\">&#8222;Ersten Arbeiter- und Gewerkschafter-Konferenz gegen den Notstand der Republik&#8220;<\/a> im M\u00e4rz 2008 in Betrieben und Ausbildungsst\u00e4tten, auf Stra\u00dfen und Pl\u00e4tzen gegen den Notstand der Republik und seinen Staatsumbau k\u00e4mpfen.<\/p>\n<p><a href=\"http:\/\/www.notstand-der-republik.de\/media\/images\/ksw2.jpg\"><img loading=\"lazy\" decoding=\"async\" class=\"right\" src=\"http:\/\/www.notstand-der-republik.de\/media\/images\/ksw2.jpg\" alt=\"Foto vom Aktionszug &quot;Klassenkampf statt Wahlkampf! Gegen den Notstand der Republik!&quot;\" width=\"450\" height=\"302\" \/><\/a><\/p>\n<p class=\"normal\">Vom 12. September 2009 bis zum 1. Oktober 2009 fuhren Aktivisten aller Bev\u00f6lkerungsschichten, verschiedenen Alters und verschiedener politischer Gesinnung 2000 Kilometer quer durch die Republik. Sie machten Halt in verschiedenen Orten, vor mehreren Betrieben und auf \u00f6ffentlichen Pl\u00e4tzen. Sie informierten \u00fcber den Notstand der Republik und riefen dagegen zum Klassenkampf auf.<\/p>\n<p class=\"normal\">Eigentlich sollte der Aktionszug schon am Tage der Bundestagswahl, also am 27. September 2009 in Berlin ankommen. Der Staatsapparat lie\u00df sich jedoch keine Chance nehmen, um den Zug zu behindern. Somit war der Zug 4 Tage l\u00e4nger unterwegs.<\/p>\n<p class=\"normal\">Anfangs wurde die Einheitsfront und Aktionseinheit aus dem <a href=\"http:\/\/www.notstand-der-republik.de\/sites\/org\/ausschuss.html\">Arbeits- und Koordinationsausschuss<\/a> der Ersten Arbeiter- und Gewerkschafter-Konferenz gegen den Notstand der Republik, dem <a href=\"http:\/\/www.jugendkongress-notstand-der-republik.de\">Jugendaktionsausschuss &#8211; Notstand der Republik<\/a> und dem <a href=\"http:\/\/www.arbeiterbund.de\">Arbeiterbund f\u00fcr den Wiederaufbau der KPD<\/a> gebildet. Die Beteiligung an der Einheitsfront und Aktionseinheit zur Durchf\u00fchrung der Aktion &#8222;Klassenkampf statt Wahlkampf! Gegen den Notstand der Republik!&#8220; haben die drei Aktionseinheiten mit ihren Stellungsnahmen in der ersten gemeinsamen <a href=\"http:\/\/www.notstand-der-republik.de\/download\/ksw_fs1.pdf\">Flugschrift<\/a> bekundet.<\/p>\n<h2>Ausz\u00fcge aus der gemeinsamen Flugschrift<\/h2>\n<p><img loading=\"lazy\" decoding=\"async\" class=\"right\" src=\"http:\/\/www.notstand-der-republik.de\/media\/images\/ksw1.png\" alt=\"Bild mit dem Logo der Aktion &quot;Klassenkampf statt Wahlkampf! Gegen den Notstand der Republik!&quot;\" width=\"450\" height=\"850\" \/><\/p>\n<p class=\"normal\"><i>&#8222;Wir erkl\u00e4ren, dass wir in diesem Jahr in der gemeinsamen Aktion \u201equot;Klassenkampf statt Wahlkampf! Gegen den Notstand der Republik!\u201c den Kampf f\u00fchren werden auf den Stra\u00dfen und Pl\u00e4tzen, von Fabrik zu Fabrik, von Stadt zu Stadt. Die Kapitalisten zentralisieren ihre Macht &#8211; lasst uns die Reihen enger schlie\u00dfen. Die Kapitalisten r\u00fcsten auf &#8211; ihre Aufr\u00fcstung kann nur gestoppt werden, wenn wir uns r\u00fcsten. Sie oder Wir &#8211; diese Frage stellt der Notstand der Republik an uns. Diesem System keinen Mann und keinen Cent! Jeden Cent f\u00fcr unsere gemeinsame Aktion. Klassenkampf statt Wahlkampf! Gegen den Notstand der Republik! Beteiligt euch!&#8220;<\/i><\/p>\n<p class=\"normal\"><i>&#8222;Wir &#8211; Arbeiter und Gewerkschafter, ob Sozialdemokrat, Sozialist, Kom- munist oder Parteilos &#8211; sehen es als unsere Aufgabe, alles in unseren Kr\u00e4ften stehende zu tun, dieser Bedrohung gemeinsam zu begegnen. Mit dem Wahlkreuz kann dieser Kampf nicht gef\u00fchrt werden. Deshalb sind wir Teil der Aktion &#8222;Klassenkampf statt Wahlkampf &#8211; Gegen den Notstand der Republik&#8220;. Wir fordern unsere Kolleginnen und Kollegen in den Betrieben und Fabriken, die Gewerkschafterinnen und Gewerkschafter auf, das Gleiche zu tun. Schlie\u00dft euch uns an, damit unser Protest in den Tagen vor der Bundestagswahl auf den Stra\u00dfen und vor den Betrieben sichtbar wird.&#8220;<\/i><\/p>\n<p class=\"normal\"><i>&#8222;Der Jugendaktionsausschuss &#8211; Notstand der Republik, gebildet im Mai 2007 von den Teilnehmern des Jugendkongress &#8211; Notstand der Republik, unterst\u00fctzt die Aktion Klassenkampf statt Wahlkampf &#8211; Nein zum Notstand der Republik, weil sie seinem Begreifen absolut gerecht wird und weil sie Jung und Alt und die Klasse vereint. Gegen die Militarisierung der Jugend! Weg mit dem Notstand der Republik! Weg mit dieser Regierung des permanenten Notstands!&#8220;<\/i><\/p>\n<h2 id=\"supporter\">Weitere Unterst\u00fctzer<\/h2>\n<p class=\"normal\">Nach und nach beschlossen weitere Gremien und Personen die Unterst\u00fctzung der Aktion und bekundeten das in ihren Stellungnahmen.<\/p>\n<p class=\"normal\">Folgend sind einige Unterst\u00fctzungserkl\u00e4rungen stellvertretend aufgelistet:<\/p>\n<ul class=\"disc\">\n<li><a href=\"http:\/\/www.notstand-der-republik.de\/download\/ksw_support\/jungheinrich.pdf\">Vertrauensk\u00f6rper der IG Metall Jungheinrich Norderstedt<\/a><\/li>\n<li><a href=\"http:\/\/www.notstand-der-republik.de\/download\/ksw_support\/manroland.pdf\">Vertrauensk\u00f6rperleitung der IG Metall manroland Offenbach<\/a><\/li>\n<li><a href=\"http:\/\/www.notstand-der-republik.de\/download\/ksw_support\/siemens_saw_ffm.pdf\">Vertrauensleute des Siemens Schaltanlagenwerk Frankfurt<\/a><\/li>\n<li><a href=\"http:\/\/www.notstand-der-republik.de\/download\/ksw_support\/daimler_hb.pdf\">Arbeiter, Vertrauensleute und Betriebsr\u00e4te von Daimler Bremen<\/a><\/li>\n<li><a href=\"http:\/\/www.notstand-der-republik.de\/download\/ksw_support\/daimler_woerth.pdf\">Wolfgang F\u00f6rster &#8211; Vorsitzender der VKL Daimler Benz Werk W\u00f6rth\/GLC<\/a><\/li>\n<li><a href=\"http:\/\/www.notstand-der-republik.de\/download\/ksw_support\/bmw_reg.pdf\">Arbeiter des BMW-Werks Regensburg<\/a><\/li>\n<li><a href=\"http:\/\/www.notstand-der-republik.de\/download\/ksw_support\/walter_malzkorn.pdf\">Walter Malzkorn &#8211; Ehemaliges Vorstandsmitglied der IG Metall<\/a><\/li>\n<li><a href=\"http:\/\/www.notstand-der-republik.de\/download\/ksw_support\/falken_reg.pdf\">SJD &#8211; Die Falken &#8211; Kreisverband Regensburg<\/a><\/li>\n<li><a href=\"http:\/\/www.notstand-der-republik.de\/download\/ksw_support\/falken_no.pdf\">SJD &#8211; Die Falken &#8211; Bezirk Niederbayern\/Oberpfalz<\/a><\/li>\n<li><a href=\"http:\/\/www.notstand-der-republik.de\/download\/ksw_support\/fdj.pdf\">Zentralrat der Freien Deutschen Jugend<\/a><\/li>\n<\/ul>\n<p class=\"normal\">In der <a href=\"http:\/\/www.notstand-der-republik.de\/download\/ksw_fs2.pdf\">zweiten Flugschrift<\/a> der Einheitsfront und Aktionseinheit &#8222;Klassenkampf statt Wahlkampf! Gegen den Notstand der Republik!&#8220; wurden die Unterst\u00fctzungen f\u00fcr die Aktion manifestiert. Au\u00dferdem wurden darin die Termine und Orte des Aktionszuges ver\u00f6ffentlicht.<\/p>\n<p><a href=\"http:\/\/www.notstand-der-republik.de\/media\/images\/ksw3.jpg\"><img loading=\"lazy\" decoding=\"async\" class=\"right\" src=\"http:\/\/www.notstand-der-republik.de\/media\/images\/ksw3.jpg\" alt=\"Foto vom Aktionszug &quot;Klassenkampf statt Wahlkampf! Gegen den Notstand der Republik!&quot;\" width=\"450\" height=\"250\" \/><\/a><\/p>\n<h2 id=\"bilderbogen\">Bilderbogen<\/h2>\n<p class=\"normal\">F\u00fcr einen Solidarit\u00e4tspreis von 8 EURO ist der Bilderbogen vom Aktionszug &#8222;Klassenkampf statt Wahlkampf! Gegen den Notstand der Republik!&#8220; ab sofort erh\u00e4ltlich.<\/p>\n<p class=\"normal\">Bezugsquellen:<\/p>\n<ul class=\"disc\">\n<li>\u201cKlassenkampf statt Wahlkampf \u2013 Gegen den Notstand der Republik&#8220;, Rainer Herth, Sch\u00f6nbornstra\u00dfe 13, 60431 Frankfurt\/M., Mail: <a href=\"mailto:R@inerHerth.de\">R@inerHerth.de<\/a>.<\/li>\n<li>\u201cDas Freie Buch\u201c, Tulbeckstrasse 4, 80339 M\u00fcnchen, Telefon <span id=\"skype_c2c_container\" class=\"skype_c2c_container notranslate\" dir=\"ltr\" tabindex=\"-1\" data-numbertocall=\"+498954070346\" data-numbertype=\"paid\" data-isfreecall=\"false\" data-isrtl=\"false\" data-ismobile=\"false\"><span class=\"skype_c2c_highlighting_inactive_common\" dir=\"ltr\"><span id=\"non_free_num_ui\" class=\"skype_c2c_textarea_span\"><img loading=\"lazy\" decoding=\"async\" class=\"skype_c2c_logo_img\" src=\"resource:\/\/skype_ff_extension-at-jetpack\/skype_ff_extension\/data\/call_skype_logo.png\" alt=\"\" width=\"0\" height=\"0\" \/><span class=\"skype_c2c_text_span\">(0 89) 540 703 46<\/span><\/span><\/span><\/span>, Fax (0 89) 540 703 48.<\/li>\n<\/ul>\n<p class=\"normal\">Download des Bilderbogens: <a href=\"http:\/\/www.notstand-der-republik.de\/download\/ksw_bb.pdf\">Bitte hier klicken!<\/a><\/p>\n<h2 id=\"film\">Film-Pr\u00e4sentation<\/h2>\n<p class=\"normal\">Zur Aktion liegt eine filmische Pr\u00e4sentation vor. Diese beinhaltet Fotos, Filmausschnitte, Redebeitr\u00e4ge und den Fernsehbericht eines Bremer Regionalsenders.<\/p>\n<p class=\"normal\">Sie liegt im DVD-Format f\u00fcr jeden DVD-Player vor und kann zum Preis von 10 Euro (incl. Porto und Verpackung) bestellt werden bei:<\/p>\n<ul class=\"none\">\n<li>Rainer Herth<\/li>\n<li>Sch\u00f6nbornstra\u00dfe 13<\/li>\n<li>60433 Frankfurt\/Main<\/li>\n<li>Mail: <a href=\"mailto:R@inerHerth.de\">R@inerHerth.de<\/a><\/li>\n<li>Tel.: +49 69 83 27 54<\/li>\n<li>Fax: +49 69 83 83 34 31<\/li>\n<\/ul>\n<h2 id=\"webseite\">Webseite<\/h2>\n<p class=\"normal\">Die Einheitsfront und Aktionseinheit &#8222;Klassenkampf statt Wahlkampf! Gegen den Notstand der Republik!&#8220; verf\u00fcgt \u00fcber eine eigene Webseite. Auf der Seite finden Sie weitere Informationen. Zum Beispiel weitere Stellungnahmen zur Aktion, einen Pressespiegel und Presseerkl\u00e4rungen. Au\u00dferdem sind Berichte und Fotos der einzelnen Tage des Aktionszeitraumes zu sehen.<\/p>\n<p class=\"normal\">Zur Webseite von <a href=\"http:\/\/www.klassenkampf-gegen-notstand-der-republik.de\">&#8222;Klassenkampf statt Wahlkampf! Gegen den Notstand der Republik!&#8220;<\/a><\/p>\n<h2 id=\"presse\">Presse<\/h2>\n<p class=\"normal\">Die Pressearbeit wird zentral \u00fcbernommen von:<\/p>\n<ul class=\"none\">\n<li>Stefan Eggerdinger &#8211; Innere Kanalstr. 220 &#8211; 50670 K\u00f6ln<\/li>\n<li>Telefon: <span id=\"skype_c2c_container\" class=\"skype_c2c_container notranslate\" dir=\"ltr\" tabindex=\"-1\" data-numbertocall=\"+492219130933\" data-numbertype=\"paid\" data-isfreecall=\"false\" data-isrtl=\"false\" data-ismobile=\"false\"><span class=\"skype_c2c_highlighting_inactive_common\" dir=\"ltr\"><span id=\"non_free_num_ui\" class=\"skype_c2c_textarea_span\"><img loading=\"lazy\" decoding=\"async\" class=\"skype_c2c_logo_img\" src=\"resource:\/\/skype_ff_extension-at-jetpack\/skype_ff_extension\/data\/call_skype_logo.png\" alt=\"\" width=\"0\" height=\"0\" \/><span class=\"skype_c2c_text_span\">0221-9130933<\/span><\/span><\/span><\/span><\/li>\n<li>Telefax: 0221-9130935<\/li>\n<li>Mail: <a href=\"mailto:s.eggerdinger@link-m.de\">s.eggerdinger@link-m.de <\/a><\/li>\n<\/ul>\n<h2 id=\"flugschriften\">Flugschriften<\/h2>\n<ul class=\"disc\">\n<li><a href=\"http:\/\/www.notstand-der-republik.de\/download\/ksw_fs1.pdf\">Erste Flugschrift<\/a><\/li>\n<li><a href=\"http:\/\/www.notstand-der-republik.de\/download\/ksw_fs2.pdf\">Zweite Flugschrift<\/a><\/li>\n<\/ul>\n","protected":false},"excerpt":{"rendered":"<p>Die Aktion &#8222;Klassenkampf statt Wahlkampf! Gegen den Notstand der Republik!&#8220; wurde durchgef\u00fchrt von einer Einheitsfront und Aktionseinheit aus Arbeitern, Gewerkschaftern, von Jung und Alt, von Sozialdemokraten, Kommunisten und Parteilosen, die gemeinsam seit der &#8222;Ersten Arbeiter- und Gewerkschafter-Konferenz gegen den Notstand der Republik&#8220; im M\u00e4rz 2008 in Betrieben und Ausbildungsst\u00e4tten, auf Stra\u00dfen und Pl\u00e4tzen gegen den [&hellip;]<\/p>\n","protected":false},"author":2,"featured_media":385,"comment_status":"closed","ping_status":"closed","sticky":false,"template":"","format":"standard","meta":{"footnotes":""},"categories":[13],"tags":[],"class_list":["post-383","post","type-post","status-publish","format-standard","has-post-thumbnail","hentry","category-aktionseinheit"],"_links":{"self":[{"href":"https:\/\/www.revolutionaere-front.de\/wordpress\/index.php?rest_route=\/wp\/v2\/posts\/383","targetHints":{"allow":["GET"]}}],"collection":[{"href":"https:\/\/www.revolutionaere-front.de\/wordpress\/index.php?rest_route=\/wp\/v2\/posts"}],"about":[{"href":"https:\/\/www.revolutionaere-front.de\/wordpress\/index.php?rest_route=\/wp\/v2\/types\/post"}],"author":[{"embeddable":true,"href":"https:\/\/www.revolutionaere-front.de\/wordpress\/index.php?rest_route=\/wp\/v2\/users\/2"}],"replies":[{"embeddable":true,"href":"https:\/\/www.revolutionaere-front.de\/wordpress\/index.php?rest_route=%2Fwp%2Fv2%2Fcomments&post=383"}],"version-history":[{"count":3,"href":"https:\/\/www.revolutionaere-front.de\/wordpress\/index.php?rest_route=\/wp\/v2\/posts\/383\/revisions"}],"predecessor-version":[{"id":1987,"href":"https:\/\/www.revolutionaere-front.de\/wordpress\/index.php?rest_route=\/wp\/v2\/posts\/383\/revisions\/1987"}],"wp:featuredmedia":[{"embeddable":true,"href":"https:\/\/www.revolutionaere-front.de\/wordpress\/index.php?rest_route=\/wp\/v2\/media\/385"}],"wp:attachment":[{"href":"https:\/\/www.revolutionaere-front.de\/wordpress\/index.php?rest_route=%2Fwp%2Fv2%2Fmedia&parent=383"}],"wp:term":[{"taxonomy":"category","embeddable":true,"href":"https:\/\/www.revolutionaere-front.de\/wordpress\/index.php?rest_route=%2Fwp%2Fv2%2Fcategories&post=383"},{"taxonomy":"post_tag","embeddable":true,"href":"https:\/\/www.revolutionaere-front.de\/wordpress\/index.php?rest_route=%2Fwp%2Fv2%2Ftags&post=383"}],"curies":[{"name":"wp","href":"https:\/\/api.w.org\/{rel}","templated":true}]}}