{"id":391,"date":"2016-04-09T14:52:31","date_gmt":"2016-04-09T12:52:31","guid":{"rendered":"http:\/\/notstand-der-republik.de\/wordpress\/?p=391"},"modified":"2016-04-09T21:24:34","modified_gmt":"2016-04-09T19:24:34","slug":"erklaerung-zu-den-prozessen-gegen-ford-kollegen-aus-genk-belgien-mai-2014","status":"publish","type":"post","link":"https:\/\/www.revolutionaere-front.de\/wordpress\/?p=391","title":{"rendered":"Erkl\u00e4rung zu den Prozessen gegen Ford-Kollegen aus Genk (Belgien) Mai 2014"},"content":{"rendered":"<h2 class=\"erklaerung\" style=\"text-align: center;\">Stoppt den Streikbruch aus Deutschland<\/h2>\n<p class=\"normal\">Am 11. Juni stehen Ford-Arbeiter vor Gericht. Belgische Ford-Arbeiter vor einem deutschen Gericht. Ihr &#8222;Vergehen&#8220;: Im Kampf um ihre Arbeitspl\u00e4tze sind sie aus dem belgischen Genk vor die K\u00f6lner Europazentrale von Ford gezogen und haben ihre ganze, berechtigte Wut mitgebracht. Und vielleicht die vage Hoffnung, von den Ford-Herren wenigstens geh\u00f6rt zu werden. Zumindest aber von ihresgleichen, also den Arbeitern und Kollegen im K\u00f6lner Werk.<\/p>\n<p class=\"normal\">In beiden F\u00e4llen mussten sie sich eines Besseren belehren lassen. Ihr Verst\u00e4ndnis haben die Herrschenden mit Polizeikn\u00fcppeln, Einkesselung, Festnahmen und Strafanzeigen deutlich gemacht: N\u00e4mlich das Verst\u00e4ndnis, dass es leicht zur Katastrophe f\u00fcr das Kapital kommen k\u00f6nnte, wenn sich hier belgische und deutsche Arbeiter zusammenschlie\u00dfen w\u00fcrden. Arbeitereinheit ist mit allen Mitteln zu verhindern und zum Landfriedensbruch wird das Ganze sp\u00e4testens dann, wenn der deutsche Arbeiter aus seinem Schlummer geweckt und zum Handeln, zur Solidarit\u00e4t aufgerufen wird.<\/p>\n<p class=\"normal\">Das Verst\u00e4ndnis des zu dieser Zeit dort tagenden Gesamtbetriebsrats, sowie der \u00f6rtlichen IG Metall, beschr\u00e4nkte sich auf warme Worte, hei\u00dfen Kaffee und Br\u00f6tchen. Die Ausrufung des unabdingbar notwendigen sofortigen Streiks ist ausgeblieben.<\/p>\n<p class=\"normal\">Somit ist der Streikbruch aus Deutschland ein doppelter: Auf der einen Seite der des Polizeikn\u00fcppels, auf der anderen Seite der aus unseren eigenen Reihen. Was z\u00e4hlt der Polizeikn\u00fcppel, die eifrige Strafverfolgung eines noch eifrigeren Staatsanwalts gegen die Einheit der Arbeiterklasse? Nichts. Beides zeigt die Schw\u00e4che der Herrschenden. Richtig gef\u00e4hrlich wird es dann, wenn unsere Gewerkschaften ihren eigentlichen Gr\u00fcndungszweck verleugnen und Sozialpartnerschaft und Natio\u00acnalis-mus an die Stelle von gewerkschaftlichen Kampfmitteln setzen. Hier haben wir &#8211; zumindest in unserem Land &#8211; noch eine Menge Arbeit vor uns!<\/p>\n<p class=\"normal\"><strong>Wir rufen auf: <\/strong>Kommt zum ersten Prozess gegen die belgischen Ford-Kollegen am 11. Juni um 10:30 Uhr, Verhandlungsbeginn 12.00 Uhr vor dem Amtsgericht K\u00f6ln, Luxemburger Stra\u00dfe 101.<\/p>\n<p class=\"normal\"><a href=\"http:\/\/www.notstand-der-republik.de\/sites\/org\/ausschuss.html\">Arbeits- und Koordinationsausschuss der Vierten Arbeiter- und Gewerkschafter-Konferenz gegen den Notstand der Republik<\/a><\/p>\n<p class=\"normal\">Download der Erkl\u00e4rung als PDF: <a href=\"http:\/\/www.notstand-der-republik.de\/download\/prozFordmai14.pdf\">Bitte hier klicken!<\/a><\/p>\n","protected":false},"excerpt":{"rendered":"<p>Stoppt den Streikbruch aus Deutschland Am 11. Juni stehen Ford-Arbeiter vor Gericht. Belgische Ford-Arbeiter vor einem deutschen Gericht. Ihr &#8222;Vergehen&#8220;: Im Kampf um ihre Arbeitspl\u00e4tze sind sie aus dem belgischen Genk vor die K\u00f6lner Europazentrale von Ford gezogen und haben ihre ganze, berechtigte Wut mitgebracht. Und vielleicht die vage Hoffnung, von den Ford-Herren wenigstens geh\u00f6rt [&hellip;]<\/p>\n","protected":false},"author":2,"featured_media":393,"comment_status":"closed","ping_status":"closed","sticky":false,"template":"","format":"standard","meta":{"footnotes":""},"categories":[16],"tags":[],"class_list":["post-391","post","type-post","status-publish","format-standard","has-post-thumbnail","hentry","category-erklaerungen"],"_links":{"self":[{"href":"https:\/\/www.revolutionaere-front.de\/wordpress\/index.php?rest_route=\/wp\/v2\/posts\/391","targetHints":{"allow":["GET"]}}],"collection":[{"href":"https:\/\/www.revolutionaere-front.de\/wordpress\/index.php?rest_route=\/wp\/v2\/posts"}],"about":[{"href":"https:\/\/www.revolutionaere-front.de\/wordpress\/index.php?rest_route=\/wp\/v2\/types\/post"}],"author":[{"embeddable":true,"href":"https:\/\/www.revolutionaere-front.de\/wordpress\/index.php?rest_route=\/wp\/v2\/users\/2"}],"replies":[{"embeddable":true,"href":"https:\/\/www.revolutionaere-front.de\/wordpress\/index.php?rest_route=%2Fwp%2Fv2%2Fcomments&post=391"}],"version-history":[{"count":2,"href":"https:\/\/www.revolutionaere-front.de\/wordpress\/index.php?rest_route=\/wp\/v2\/posts\/391\/revisions"}],"predecessor-version":[{"id":394,"href":"https:\/\/www.revolutionaere-front.de\/wordpress\/index.php?rest_route=\/wp\/v2\/posts\/391\/revisions\/394"}],"wp:featuredmedia":[{"embeddable":true,"href":"https:\/\/www.revolutionaere-front.de\/wordpress\/index.php?rest_route=\/wp\/v2\/media\/393"}],"wp:attachment":[{"href":"https:\/\/www.revolutionaere-front.de\/wordpress\/index.php?rest_route=%2Fwp%2Fv2%2Fmedia&parent=391"}],"wp:term":[{"taxonomy":"category","embeddable":true,"href":"https:\/\/www.revolutionaere-front.de\/wordpress\/index.php?rest_route=%2Fwp%2Fv2%2Fcategories&post=391"},{"taxonomy":"post_tag","embeddable":true,"href":"https:\/\/www.revolutionaere-front.de\/wordpress\/index.php?rest_route=%2Fwp%2Fv2%2Ftags&post=391"}],"curies":[{"name":"wp","href":"https:\/\/api.w.org\/{rel}","templated":true}]}}