{"id":419,"date":"2016-04-09T15:20:09","date_gmt":"2016-04-09T13:20:09","guid":{"rendered":"http:\/\/notstand-der-republik.de\/wordpress\/?p=419"},"modified":"2016-04-09T15:20:22","modified_gmt":"2016-04-09T13:20:22","slug":"stellungnahme-zu-einem-bayerischen-versammlungsgesetz","status":"publish","type":"post","link":"https:\/\/www.revolutionaere-front.de\/wordpress\/?p=419","title":{"rendered":"Stellungnahme zu einem bayerischen Versammlungsgesetz"},"content":{"rendered":"<p class=\"normal\">In Bayern soll Ende Juli 2008 ein eigenes Versammlungsgesetz beschlossen werden. Es w\u00fcrde in Bayern an die Stelle des bundesweiten Versammlungsgesetzes treten und ist so reaktion\u00e4r, wie es sich die CSU nur w\u00fcnschen kann. M\u00f6glich ist das nur aufgrund der erst vor einigen Jahren beschlossenen \u201eF\u00f6deralismusreform\u201c, der zufolge Bundesl\u00e4nder solch wichtige und das Grundgesetz tangierende Dinge wie das Versammlungsrecht selber regeln k\u00f6nnen. Die CSU will mit ihrer Landtagsmehrheit den Anfang machen; andere haben vor, ihr zu folgen. Damit w\u00fcrde es keine in der ganzen Republik geltende Versammlungsfreiheit mehr geben. Die Folgen f\u00fcr die Arbeiterbewegung liegen auf der Hand, von Streikversammlungen bis zu Demonstrationen. Deswegen tut der DGB in Bayern gut daran, f\u00fcr den 21. Juni in M\u00fcnchen und N\u00fcrnberg zu Demonstrationen gegen das geplante bayerische Versammlungsgesetz aufzurufen. Wir sehen unsere Aufgabe darin, die Bedeutung f\u00fcr die ganze Republik deutlich zu machen und insbesondere, da\u00df diese \u201eF\u00f6deralismusreform\u201c nicht zur Anwendung kommen und vor allem keine Grundrechte au\u00dfer Kraft setzen darf! Wir solidarisieren uns also nicht nur mit dem Kampf in Bayern. Sondern wir sehen unseren Gegner in der Staatsgewalt der ganzen Republik, in der seit der Einverleibung der DDR der soziale und politische Notstand immer mehr grassiert und einen neuen H\u00f6hepunkt erreicht mit dem Plan f\u00fcr einen \u201eNationalen Sicherheitsrat\u201c, bei dem die Unterscheidung zwischen Krieg und Frieden f\u00fcr nichtig erkl\u00e4rt wird und die Regierung wie ein Kriegskabinett handeln kann. Schon deswegen sind der Kampf gegen das bayerische Versammlungsgesetz und der Kampf gegen den Notstand der Republik zwei untrennbar miteinander verbundene Aufgaben aller Gewerkschafter und fortschrittlichen Arbeiterinnen und Arbeiter.<\/p>\n<p class=\"right\">17. Mai 2008<\/p>\n<p class=\"normal\"><a href=\"http:\/\/www.notstand-der-republik.de\/sites\/org\/ausschuss.html\">Arbeits- und Koordinationsausschuss der Ersten Arbeiter- und Gewerkschafter-Konferenz gegen den Notstand der Republik<\/a><\/p>\n<p class=\"normal\">Download der Stellungnahme als PDF: <a href=\"http:\/\/www.notstand-der-republik.de\/download\/stellnabyvg.pdf\">Bitte hier klicken!<\/a><\/p>\n","protected":false},"excerpt":{"rendered":"<p>In Bayern soll Ende Juli 2008 ein eigenes Versammlungsgesetz beschlossen werden. Es w\u00fcrde in Bayern an die Stelle des bundesweiten Versammlungsgesetzes treten und ist so reaktion\u00e4r, wie es sich die CSU nur w\u00fcnschen kann. M\u00f6glich ist das nur aufgrund der erst vor einigen Jahren beschlossenen \u201eF\u00f6deralismusreform\u201c, der zufolge Bundesl\u00e4nder solch wichtige und das Grundgesetz tangierende [&hellip;]<\/p>\n","protected":false},"author":2,"featured_media":0,"comment_status":"closed","ping_status":"closed","sticky":false,"template":"","format":"standard","meta":{"footnotes":""},"categories":[16],"tags":[],"class_list":["post-419","post","type-post","status-publish","format-standard","hentry","category-erklaerungen"],"_links":{"self":[{"href":"https:\/\/www.revolutionaere-front.de\/wordpress\/index.php?rest_route=\/wp\/v2\/posts\/419","targetHints":{"allow":["GET"]}}],"collection":[{"href":"https:\/\/www.revolutionaere-front.de\/wordpress\/index.php?rest_route=\/wp\/v2\/posts"}],"about":[{"href":"https:\/\/www.revolutionaere-front.de\/wordpress\/index.php?rest_route=\/wp\/v2\/types\/post"}],"author":[{"embeddable":true,"href":"https:\/\/www.revolutionaere-front.de\/wordpress\/index.php?rest_route=\/wp\/v2\/users\/2"}],"replies":[{"embeddable":true,"href":"https:\/\/www.revolutionaere-front.de\/wordpress\/index.php?rest_route=%2Fwp%2Fv2%2Fcomments&post=419"}],"version-history":[{"count":2,"href":"https:\/\/www.revolutionaere-front.de\/wordpress\/index.php?rest_route=\/wp\/v2\/posts\/419\/revisions"}],"predecessor-version":[{"id":421,"href":"https:\/\/www.revolutionaere-front.de\/wordpress\/index.php?rest_route=\/wp\/v2\/posts\/419\/revisions\/421"}],"wp:attachment":[{"href":"https:\/\/www.revolutionaere-front.de\/wordpress\/index.php?rest_route=%2Fwp%2Fv2%2Fmedia&parent=419"}],"wp:term":[{"taxonomy":"category","embeddable":true,"href":"https:\/\/www.revolutionaere-front.de\/wordpress\/index.php?rest_route=%2Fwp%2Fv2%2Fcategories&post=419"},{"taxonomy":"post_tag","embeddable":true,"href":"https:\/\/www.revolutionaere-front.de\/wordpress\/index.php?rest_route=%2Fwp%2Fv2%2Ftags&post=419"}],"curies":[{"name":"wp","href":"https:\/\/api.w.org\/{rel}","templated":true}]}}