{"id":422,"date":"2016-04-09T15:21:31","date_gmt":"2016-04-09T13:21:31","guid":{"rendered":"http:\/\/notstand-der-republik.de\/wordpress\/?p=422"},"modified":"2016-04-09T21:30:51","modified_gmt":"2016-04-09T19:30:51","slug":"abschlusserklaerung-der-ersten-konferenz","status":"publish","type":"post","link":"https:\/\/www.revolutionaere-front.de\/wordpress\/?p=422","title":{"rendered":"Abschlusserkl\u00e4rung der ersten Konferenz"},"content":{"rendered":"<h2 class=\"erklaerung\" style=\"text-align: center;\">Erkl\u00e4rung<\/h2>\n<p class=\"center\" style=\"text-align: center;\">der Teilnehmer der<\/p>\n<h2 class=\"erklaerung\" style=\"text-align: center;\">Ersten Arbeiter- und Gewerkschafter-Konferenz<\/h2>\n<h2 class=\"erklaerung\" style=\"text-align: center;\">gegen den Notstand der Republik<\/h2>\n<p class=\"center\" style=\"text-align: center;\">am 15.\/16. M\u00e4rz 2008 Frankfurt\/Main Gewerkschaftshaus<\/p>\n<p class=\"normal\">Wir, Arbeiter und Gewerkschafter, Kolleginnen und Kollegen aus verschiedenen Betrieben und St\u00e4dten, Mitglieder und Funktionstr\u00e4ger der IG Metall, von ver.di und anderen DGB- Gewerkschaften sind am 15. und 16. M\u00e4rz 2008 im Frankfurter Gewerkschaftshaus zusammen gekommen, um erstmals gemeinsam \u00fcber unseren Kampf gegen den NOTSTAND DER REPUBLIK zu beraten.<\/p>\n<p class=\"normal\">Uns &#8211; Arbeiter und Gewerkschafter, ob Sozialdemokrat, Sozialist, Kommunist oder Parteilos &#8211; vereint die Sorge und die daraus folgende Verpflichtung, wie sie das ehemalige Vorstandsmitglied der IG Metall, Georg Benz, anl\u00e4sslich der Notstandsgesetze der 60iger Jahre wie folgt zum Ausdruck gebracht hat: <i>\u201eDie Gefahr, die uns droht \u2013 ich m\u00f6chte es noch einmal unterstreichen \u2013 ist der totale Staat im Gewande der Legalit\u00e4t \u2013 die Diktatur hinter der Fassade formaler Demokratie\u201c.<\/i><\/p>\n<p class=\"normal\">Auf unserer Konferenz haben wir er\u00f6rtert, was den Unterschied ausmacht zwischen dem Notstand der Demokratie von damals zu heute, wo der Notstand vom Ausnahmezustand zum t\u00e4glichen Normalzustand, zum Notstand der Berliner Republik geworden ist. Dabei sind wir zu folgenden Festlegungen gekommen:<\/p>\n<ul class=\"disc\">\n<li><i>Wir sind dagegen<\/i>, dass eine Bundespolizei, wie sie nach der Niederschlagung des Faschismus zu Recht verboten wurde, errichtet wird, mit nur einem Ziel: Die Fabrikanten zu sch\u00fctzen und uns am Boden zu halten.<\/li>\n<li><i>Wir sind dagegen<\/i>, dass eine verbotene Geheimpolizei aus Polizei und Geheimdiensten nach dem Prinzip der Gestapo errichtet wird, die in den Fabriken und anderswo die Bespitzelung, Verfolgung und auch Verhaftung der Arbeiter und Gewerkschafter organisiert, um die f\u00fcr unseren gemeinsamen Kampf so notwendige Einheit der sozialdemokratischen, sozialistischen, kommunistischen und parteilosen Arbeiter zu zerschlagen.<\/li>\n<li><i>Wir sind dagegen<\/i>, dass eine verbotene milit\u00e4rische Heimatschutztruppe aus Bundeswehr-Reservisten fl\u00e4chendeckend errichtet wird, die weder Heimat, noch unser Leben sch\u00fctzt. Die vielmehr angetreten ist, die Kriegsvorbereitungen und Raubz\u00fcge der gro\u00dfen Konzerne durch die Friedhofsruhe an der Heimatfront abzusichern und unseren Widerstand gegen das Elend des Krieges zu unterdr\u00fccken.<\/li>\n<li><i>Wir sind dagegen<\/i>, dass der Staat der R\u00fcstungsschmieden, Monopolherren und Gro\u00dfbanken das deutsche Milit\u00e4r im eigenen Land gegen uns und die Bev\u00f6lkerung einsetzt und Krieg gegen uns f\u00fchrt.<\/li>\n<li><i>Wir sind dagegen<\/i>, dass aufgrund der Einverleibung der DDR die Brandfackel des deutschen Krieges nach Europa und in die Welt getragen wird, was uns heute schon Milliarden und morgen unser Leben kosten wird.<\/li>\n<\/ul>\n<p class=\"normal\">Dar\u00fcber hinaus haben wir uns ausgetauscht \u00fcber unsere Aktivit\u00e4ten in Vertrauensk\u00f6rpern, Gewerkschaftsversammlungen, auf den Gewerkschaftstagen und auf der Stra\u00dfe zu diesen Themen und wir haben die Notwendigkeit festgestellt, unseren Kampf zu verst\u00e4rken und zu koordinieren.<\/p>\n<p class=\"normal\">Im Einzelnen hat die Konferenz folgende Schritte festgelegt: Wir wollen unsere Zusammenarbeit festigen<\/p>\n<ul class=\"disc\">\n<li>durch die Einrichtung eines Arbeits- und Koordinationsausschusses gegen den Notstand der Republik, der dies organisatorisch absichert und der k\u00fcnftige gemeinsame Aktivit\u00e4ten und Aktionen koordiniert,<\/li>\n<li>durch organisierten Austausch sowohl von Informationen und Referenten, als auch \u00fcber unsere jeweiligen Aktivit\u00e4ten zum Thema,<\/li>\n<li>durch weitere Konferenzen, sobald sie erforderlich werden, um den gewerkschaftlichen Widerstand gegen den Notstand der Republik zu verbreitern.<\/li>\n<\/ul>\n<p class=\"normal\">Mit ihrem v\u00f6lkerrechts- und verfassungswidrigen Umbau des Staatsapparats erkl\u00e4ren die Herrschenden uns Arbeiter und Gewerkschafter, das ganze Volk zum Feind. Aus diesem Grund verpflichten sich die Teilnehmer dieser Konferenz, alles in ihren Kr\u00e4ften stehende zu tun, dass unsere Gewerkschaften ihr <i>\u201ehistorisch begr\u00fcndetes Recht, als H\u00fcter und Sachwalter der Demokratie in diesem Land ernst genommen zu werden\u201c<\/i> (Georg Benz im Oktober 1966) mit allen Mitteln \u2013 bis hin zum Streik (s. \u00a7 2 der Satzung der IG Metall) \u2013 in die Hand nehmen. Wir rufen alle Arbeiter, Angestellten und Gewerkschafter auf, diesen Kampf in ihren Betrieben, in den gewerkschaftlichen Vertrauensk\u00f6rpern und in den anderen Gremien ganz oben auf die Tagesordnung zu setzen.<\/p>\n<p class=\"right\">16. M\u00e4rz 2008<\/p>\n<p class=\"normal\"><a href=\"http:\/\/www.notstand-der-republik.de\/sites\/org\/ausschuss.html\">Arbeits- und Koordinationsausschuss der Ersten Arbeiter- und Gewerkschafter-Konferenz gegen den Notstand der Republik<\/a><\/p>\n<p class=\"normal\">Download der Erkl\u00e4rung als PDF: <a href=\"http:\/\/www.notstand-der-republik.de\/download\/erklkonf1.pdf\">Bitte hier klicken!<\/a><\/p>\n","protected":false},"excerpt":{"rendered":"<p>Erkl\u00e4rung der Teilnehmer der Ersten Arbeiter- und Gewerkschafter-Konferenz gegen den Notstand der Republik am 15.\/16. M\u00e4rz 2008 Frankfurt\/Main Gewerkschaftshaus Wir, Arbeiter und Gewerkschafter, Kolleginnen und Kollegen aus verschiedenen Betrieben und St\u00e4dten, Mitglieder und Funktionstr\u00e4ger der IG Metall, von ver.di und anderen DGB- Gewerkschaften sind am 15. und 16. M\u00e4rz 2008 im Frankfurter Gewerkschaftshaus zusammen gekommen, [&hellip;]<\/p>\n","protected":false},"author":2,"featured_media":0,"comment_status":"closed","ping_status":"closed","sticky":false,"template":"","format":"standard","meta":{"footnotes":""},"categories":[16,25],"tags":[],"class_list":["post-422","post","type-post","status-publish","format-standard","hentry","category-erklaerungen","category-konferenzen"],"_links":{"self":[{"href":"https:\/\/www.revolutionaere-front.de\/wordpress\/index.php?rest_route=\/wp\/v2\/posts\/422","targetHints":{"allow":["GET"]}}],"collection":[{"href":"https:\/\/www.revolutionaere-front.de\/wordpress\/index.php?rest_route=\/wp\/v2\/posts"}],"about":[{"href":"https:\/\/www.revolutionaere-front.de\/wordpress\/index.php?rest_route=\/wp\/v2\/types\/post"}],"author":[{"embeddable":true,"href":"https:\/\/www.revolutionaere-front.de\/wordpress\/index.php?rest_route=\/wp\/v2\/users\/2"}],"replies":[{"embeddable":true,"href":"https:\/\/www.revolutionaere-front.de\/wordpress\/index.php?rest_route=%2Fwp%2Fv2%2Fcomments&post=422"}],"version-history":[{"count":1,"href":"https:\/\/www.revolutionaere-front.de\/wordpress\/index.php?rest_route=\/wp\/v2\/posts\/422\/revisions"}],"predecessor-version":[{"id":423,"href":"https:\/\/www.revolutionaere-front.de\/wordpress\/index.php?rest_route=\/wp\/v2\/posts\/422\/revisions\/423"}],"wp:attachment":[{"href":"https:\/\/www.revolutionaere-front.de\/wordpress\/index.php?rest_route=%2Fwp%2Fv2%2Fmedia&parent=422"}],"wp:term":[{"taxonomy":"category","embeddable":true,"href":"https:\/\/www.revolutionaere-front.de\/wordpress\/index.php?rest_route=%2Fwp%2Fv2%2Fcategories&post=422"},{"taxonomy":"post_tag","embeddable":true,"href":"https:\/\/www.revolutionaere-front.de\/wordpress\/index.php?rest_route=%2Fwp%2Fv2%2Ftags&post=422"}],"curies":[{"name":"wp","href":"https:\/\/api.w.org\/{rel}","templated":true}]}}