{"id":427,"date":"2016-04-09T15:42:41","date_gmt":"2016-04-09T13:42:41","guid":{"rendered":"http:\/\/notstand-der-republik.de\/wordpress\/?p=427"},"modified":"2016-04-09T21:34:59","modified_gmt":"2016-04-09T19:34:59","slug":"internationale-konferenz-am-28-29-1-2012-in-muenchen","status":"publish","type":"post","link":"https:\/\/www.revolutionaere-front.de\/wordpress\/?p=427","title":{"rendered":"Internationale Konferenz am 28.\/29.1.2012 in M\u00fcnchen"},"content":{"rendered":"<p class=\"normal\">Nach der Aktion <a href=\"http:\/\/www.notstand-der-republik.de\/sites\/aktionen\/kswe.html\">&#8222;Klassenkampf statt Weltkrieg&#8220;<\/a> fand am 28.\/29.1.2012 in M\u00fcnchen das erste von mehreren internationalen Treffen statt. Diese Treffen sollen einer mehrja\u0308hrigen Fortsetzung der Aktion dienen.<\/p>\n<h2>Erkl\u00e4rung der internationalen Konferenz<\/h2>\n<p class=\"normal\">Die Teilnehmer der internationalen Konferenz verabschiedeten eine Erkl\u00e4rung, die hier zum Download bereit steht.<\/p>\n<p class=\"normal\">Download der Erkl\u00e4rung als PDF: <a href=\"http:\/\/www.notstand-der-republik.de\/download\/erklintkonf.pdf\">Bitte hier klicken!<\/a><\/p>\n<h2>Unterst\u00fctzungserkl\u00e4rung des Arbeits- und Koordinationsausschusses<\/h2>\n<p class=\"normal\">Der <a href=\"http:\/\/www.notstand-der-republik.de\/sites\/org\/ausschuss.html\">Arbeits- und Koordinationsausschuss der Ersten Arbeiter- und Gewerkschafter-Konferenz gegen den Notstand der Republik<\/a> hat auf seiner Tagung am 25. Februar 2012 die Erkl\u00e4\u0308rung der internationalen Konferenz \u201eKlassenkampf statt Weltkrieg\u201c am 28. \/ 29. Januar 2012 in M\u00fcnchen einstimmig gebilligt und sie als Grundlage f\u00fcr die weitere Arbeit beschlossen.<\/p>\n<p class=\"normal\">Download der Unterst\u00fctzungserkl\u00e4rung als PDF: <a href=\"http:\/\/www.notstand-der-republik.de\/download\/akaerklintkonf.pdf\">Bitte hier klicken!<\/a><\/p>\n","protected":false},"excerpt":{"rendered":"<p>Nach der Aktion &#8222;Klassenkampf statt Weltkrieg&#8220; fand am 28.\/29.1.2012 in M\u00fcnchen das erste von mehreren internationalen Treffen statt. Diese Treffen sollen einer mehrja\u0308hrigen Fortsetzung der Aktion dienen. Erkl\u00e4rung der internationalen Konferenz Die Teilnehmer der internationalen Konferenz verabschiedeten eine Erkl\u00e4rung, die hier zum Download bereit steht. Download der Erkl\u00e4rung als PDF: Bitte hier klicken! Unterst\u00fctzungserkl\u00e4rung des [&hellip;]<\/p>\n","protected":false},"author":2,"featured_media":0,"comment_status":"closed","ping_status":"closed","sticky":false,"template":"","format":"standard","meta":{"footnotes":""},"categories":[13,14,25],"tags":[],"class_list":["post-427","post","type-post","status-publish","format-standard","hentry","category-aktionseinheit","category-klassenkampf-statt-weltkrieg","category-konferenzen"],"_links":{"self":[{"href":"https:\/\/www.revolutionaere-front.de\/wordpress\/index.php?rest_route=\/wp\/v2\/posts\/427","targetHints":{"allow":["GET"]}}],"collection":[{"href":"https:\/\/www.revolutionaere-front.de\/wordpress\/index.php?rest_route=\/wp\/v2\/posts"}],"about":[{"href":"https:\/\/www.revolutionaere-front.de\/wordpress\/index.php?rest_route=\/wp\/v2\/types\/post"}],"author":[{"embeddable":true,"href":"https:\/\/www.revolutionaere-front.de\/wordpress\/index.php?rest_route=\/wp\/v2\/users\/2"}],"replies":[{"embeddable":true,"href":"https:\/\/www.revolutionaere-front.de\/wordpress\/index.php?rest_route=%2Fwp%2Fv2%2Fcomments&post=427"}],"version-history":[{"count":6,"href":"https:\/\/www.revolutionaere-front.de\/wordpress\/index.php?rest_route=\/wp\/v2\/posts\/427\/revisions"}],"predecessor-version":[{"id":433,"href":"https:\/\/www.revolutionaere-front.de\/wordpress\/index.php?rest_route=\/wp\/v2\/posts\/427\/revisions\/433"}],"wp:attachment":[{"href":"https:\/\/www.revolutionaere-front.de\/wordpress\/index.php?rest_route=%2Fwp%2Fv2%2Fmedia&parent=427"}],"wp:term":[{"taxonomy":"category","embeddable":true,"href":"https:\/\/www.revolutionaere-front.de\/wordpress\/index.php?rest_route=%2Fwp%2Fv2%2Fcategories&post=427"},{"taxonomy":"post_tag","embeddable":true,"href":"https:\/\/www.revolutionaere-front.de\/wordpress\/index.php?rest_route=%2Fwp%2Fv2%2Ftags&post=427"}],"curies":[{"name":"wp","href":"https:\/\/api.w.org\/{rel}","templated":true}]}}