{"id":437,"date":"2016-04-09T15:50:56","date_gmt":"2016-04-09T13:50:56","guid":{"rendered":"http:\/\/notstand-der-republik.de\/wordpress\/?p=437"},"modified":"2016-04-09T15:50:56","modified_gmt":"2016-04-09T13:50:56","slug":"zweite-arbeiter-und-gewerkschafter-konferenz-gegen-den-notstand-der-republik","status":"publish","type":"post","link":"https:\/\/www.revolutionaere-front.de\/wordpress\/?p=437","title":{"rendered":"Zweite Arbeiter- und Gewerkschafter-Konferenz gegen den Notstand der Republik"},"content":{"rendered":"<p class=\"normal\">Am 28.\/29. M\u00e4rz 2009 fand im Gewerkschaftshaus in Frankfurt\/Main die &#8222;Zweite Arbeiter- und Gewerkschafter-Konferenz gegen den Notstand der Republik&#8220; statt.<\/p>\n<p class=\"normal\">Seit der <a href=\"http:\/\/www.notstand-der-republik.de\/sites\/konferenzen\/erstekonf.html\">ersten Konferenz<\/a>, die im M\u00e4rz 2008 stattfand, hat sich eine Menge ereignet.<\/p>\n<p class=\"normal\">Der Kapitalismus steht in der sch\u00e4rfsten Weltwirtschaftskrise seit 1929. die Wertsch\u00f6pfung unserer Arbeit wird in ungeheurem Ausma\u00df vernichtet. Auf der ganzen Welt werden Arbeiter und andere Werkt\u00e4tige durch Erwerbslosigkeit in ihrer Existenz bedroht.<\/p>\n<p class=\"normal\">Regierung und Kapital sorgen sich, ob wir weiter so stillhalten werden. F\u00fcr den Ernstfall wollen sie gegen uns ger\u00fcstet sein. Die Krise beschleunigt den Staatsumbau und versch\u00e4rft den Notstand der Republik. Um nur ein paar Beispiele zu nennen:<\/p>\n<p class=\"normal\">Unver\u00e4ndert wird weiter am Einsatz der Bundeswehr im Inneren festgehalten. Mit Verabschiedung des BKA-Gesetzes darf pr\u00e4ventiv ermittelt werden, ohne dass eine Straftat begangen wurde und mit der Aufstellung von so genannten Kompetenzz\u00fcgen aus dem Reservistenverband der Bundeswehr werden Soldaten im Bedarfsfall zur &#8222;Hilfeleistung im Inneren&#8220; einberufen. Die Streikbrecherorganisationen, das ehemalige Freikorps \u201eTHW\u201c (IG Metall Zeitung Nr. 23\/1953) und der Heimatschutz, werden gegen den Widerstand der Arbeiter- und Gewerkschaftsbewegung vom deutschen Monopolkapital in Stellung gebracht.<\/p>\n<p class=\"normal\">2009 ist Bundestagswahl.<\/p>\n<p class=\"normal\">Wir haben vor, mit einer Stra\u00dfenaktion den Notstand der Republik \u00f6ffentlich zu machen, mit der Losung:<\/p>\n<p class=\"normal\"><b><a href=\"http:\/\/www.notstand-der-republik.de\/sites\/aktionen\/ksw.html\">\u201eKlassenkampf statt Wahlkampf! Gegen den Notstand der Republik!\u201c<\/a><\/b><\/p>\n<p class=\"normal\">F\u00fcr die Durchf\u00fchrung wurde ein Aktionsausschuss gebildet, dem Mitglieder des <a href=\"http:\/\/www.notstand-der-republik.de\/sites\/org\/ausschuss.html\">Arbeits- und Koordinationsausschuss der Ersten Arbeiter- und Gewerkschafter-Konferenz gegen den Notstand der Republik<\/a>, des <a href=\"http:\/\/www.jugendkongress-notstand-der-republik.de\">Jugendaktionsausschuss &#8211; Notstand der Republik<\/a> und des <a href=\"http:\/\/www.arbeiterbund.de\">Arbeiterbund f\u00fcr den Wiederaufbau der KPD<\/a> angeh\u00f6ren.<\/p>\n<p class=\"normal\">Dar\u00fcber und \u00fcber die aktuelle Entwicklung des Notstands der Republik wurde auf der &#8222;Zweiten Arbeiter- und Gewerkschafter-Konferenz gegen den Notstand der Republik&#8220; beraten. Au\u00dferdem wurde von den Teilnehmern der Konferenz eine <a href=\"http:\/\/www.notstand-der-republik.de\/sites\/erklaerungen\/erklkonf2.html\">Erkl\u00e4rung<\/a> verabschiedet.<\/p>\n","protected":false},"excerpt":{"rendered":"<p>Am 28.\/29. M\u00e4rz 2009 fand im Gewerkschaftshaus in Frankfurt\/Main die &#8222;Zweite Arbeiter- und Gewerkschafter-Konferenz gegen den Notstand der Republik&#8220; statt. Seit der ersten Konferenz, die im M\u00e4rz 2008 stattfand, hat sich eine Menge ereignet. Der Kapitalismus steht in der sch\u00e4rfsten Weltwirtschaftskrise seit 1929. die Wertsch\u00f6pfung unserer Arbeit wird in ungeheurem Ausma\u00df vernichtet. Auf der ganzen [&hellip;]<\/p>\n","protected":false},"author":2,"featured_media":0,"comment_status":"closed","ping_status":"closed","sticky":false,"template":"","format":"standard","meta":{"footnotes":""},"categories":[25],"tags":[],"class_list":["post-437","post","type-post","status-publish","format-standard","hentry","category-konferenzen"],"_links":{"self":[{"href":"https:\/\/www.revolutionaere-front.de\/wordpress\/index.php?rest_route=\/wp\/v2\/posts\/437","targetHints":{"allow":["GET"]}}],"collection":[{"href":"https:\/\/www.revolutionaere-front.de\/wordpress\/index.php?rest_route=\/wp\/v2\/posts"}],"about":[{"href":"https:\/\/www.revolutionaere-front.de\/wordpress\/index.php?rest_route=\/wp\/v2\/types\/post"}],"author":[{"embeddable":true,"href":"https:\/\/www.revolutionaere-front.de\/wordpress\/index.php?rest_route=\/wp\/v2\/users\/2"}],"replies":[{"embeddable":true,"href":"https:\/\/www.revolutionaere-front.de\/wordpress\/index.php?rest_route=%2Fwp%2Fv2%2Fcomments&post=437"}],"version-history":[{"count":2,"href":"https:\/\/www.revolutionaere-front.de\/wordpress\/index.php?rest_route=\/wp\/v2\/posts\/437\/revisions"}],"predecessor-version":[{"id":439,"href":"https:\/\/www.revolutionaere-front.de\/wordpress\/index.php?rest_route=\/wp\/v2\/posts\/437\/revisions\/439"}],"wp:attachment":[{"href":"https:\/\/www.revolutionaere-front.de\/wordpress\/index.php?rest_route=%2Fwp%2Fv2%2Fmedia&parent=437"}],"wp:term":[{"taxonomy":"category","embeddable":true,"href":"https:\/\/www.revolutionaere-front.de\/wordpress\/index.php?rest_route=%2Fwp%2Fv2%2Fcategories&post=437"},{"taxonomy":"post_tag","embeddable":true,"href":"https:\/\/www.revolutionaere-front.de\/wordpress\/index.php?rest_route=%2Fwp%2Fv2%2Ftags&post=437"}],"curies":[{"name":"wp","href":"https:\/\/api.w.org\/{rel}","templated":true}]}}