{"id":443,"date":"2016-04-09T15:54:27","date_gmt":"2016-04-09T13:54:27","guid":{"rendered":"http:\/\/notstand-der-republik.de\/wordpress\/?p=443"},"modified":"2016-04-09T15:54:27","modified_gmt":"2016-04-09T13:54:27","slug":"thurn-und-taxis-enteignen-keine-500-raeume-fuer-eine-adelsfamilie-2","status":"publish","type":"post","link":"https:\/\/www.revolutionaere-front.de\/wordpress\/?p=443","title":{"rendered":"Thurn und Taxis enteignen! \u2013 Keine 500 R\u00e4ume f\u00fcr eine Adelsfamilie!"},"content":{"rendered":"<p>Mit dieser Parole sind am 21. November 2015 Demonstranten dem Aufruf der Falken (Sozialistische Jugend Deutschlands) in Regensburg gefolgt und durch die Innenstadt gezogen. \u201eWie kann es sein, dass einer einzigen Familie 500 Zimmer zur Verf\u00fcgung stehen, w\u00e4hrend zehntausende Fl\u00fcchtlinge selbst bei Eisesk\u00e4lte in Zelten untergebracht werden?\u201c m\u00f6chte eine Rednerin wissen. Es ist gar von der Enteignung der Enteigner die Rede. Ob es den Bewohnern des f\u00fcrstlichen Schlosses kalt den R\u00fccken runter lief, als sie den einlaufenden Zug mit seinem abschlie\u00dfenden Transparent \u201eKapitalismus hei\u00dft: Flucht, Panzer, Zwangsarbeit. Das ist nicht unsere Zukunft. K\u00e4mpfende Jugend f\u00fcr den Sozialismus!\u201c sahen, <!--more-->bleibt ungewiss. Dass die Teilnehmer nicht nur wegen der F\u00fcrstin auf der Stra\u00dfe waren zeigt ihre Flugschrift. Darin hei\u00dft es: Wir brauchen keine Gloria und keinen F\u00fcrst, der nichts tut und nichts taugt, wir brauchen keinen Staat, der die letzten b\u00fcrgerlichen Rechte mit F\u00fc\u00dfen tritt und seinen Herren, der Deutschen Bank, den Quandts und nat\u00fcrlich VW auch dann noch das gr\u00f6bste Verbrechen kaschiert, vertuscht und mit organisiert, wenn ihnen allen l\u00e4ngst nicht mehr zu helfen ist. Im Namen dieser Herren und im Namen der Freiheit wird er wieder versuchen, uns in den Weltkrieg zu schicken, weil sie nicht anders k\u00f6nnen. Das Problem, Frau Gloria, sind nicht die schnackselnden Afrikaner, sondern ihr moderndes Adelsgeschlecht, ihre Nachfolger, das Kapital und ihr Staat! Unser Kampf gilt diesem Staat! Ein Kampf um das Asylrecht und um jeden Fetzen b\u00fcrgerlicher Demokratie gegen die Kriegsregierung Merkel und Co! Ein Kampf, der auf der Stra\u00dfe die Stimme erhebt f\u00fcr den Internationalismus der V\u00f6lker, gegen den staatlichen Rassismus und seinen Krieg! Ein Kampf, der nur enden kann in eurer Enteignung, ihr Herren und Damen Durchlaucht, ihr Herren und Damen Quandts, Piechs und Co!<\/p>\n<p><strong>Schluss mit dem Kapitalismus! Organisiere dich! Weil der Mensch ein Mensch werden muss!<\/strong><br \/>\nWeitere Informationen:<br \/>\nKontakt: SJD &#8211; Die Falken; Bz. Niederbayern\/Oberpfalz \/\/ <a href=\"mailto:buero@falken-in-no.de\">buero@falken-in-no.de<\/a>!<\/p>\n","protected":false},"excerpt":{"rendered":"<p>Mit dieser Parole sind am 21. November 2015 Demonstranten dem Aufruf der Falken (Sozialistische Jugend Deutschlands) in Regensburg gefolgt und durch die Innenstadt gezogen. \u201eWie kann es sein, dass einer einzigen Familie 500 Zimmer zur Verf\u00fcgung stehen, w\u00e4hrend zehntausende Fl\u00fcchtlinge selbst bei Eisesk\u00e4lte in Zelten untergebracht werden?\u201c m\u00f6chte eine Rednerin wissen. Es ist gar von [&hellip;]<\/p>\n","protected":false},"author":2,"featured_media":27,"comment_status":"closed","ping_status":"closed","sticky":false,"template":"","format":"standard","meta":{"footnotes":""},"categories":[13],"tags":[],"class_list":["post-443","post","type-post","status-publish","format-standard","has-post-thumbnail","hentry","category-aktionseinheit"],"_links":{"self":[{"href":"https:\/\/www.revolutionaere-front.de\/wordpress\/index.php?rest_route=\/wp\/v2\/posts\/443","targetHints":{"allow":["GET"]}}],"collection":[{"href":"https:\/\/www.revolutionaere-front.de\/wordpress\/index.php?rest_route=\/wp\/v2\/posts"}],"about":[{"href":"https:\/\/www.revolutionaere-front.de\/wordpress\/index.php?rest_route=\/wp\/v2\/types\/post"}],"author":[{"embeddable":true,"href":"https:\/\/www.revolutionaere-front.de\/wordpress\/index.php?rest_route=\/wp\/v2\/users\/2"}],"replies":[{"embeddable":true,"href":"https:\/\/www.revolutionaere-front.de\/wordpress\/index.php?rest_route=%2Fwp%2Fv2%2Fcomments&post=443"}],"version-history":[{"count":2,"href":"https:\/\/www.revolutionaere-front.de\/wordpress\/index.php?rest_route=\/wp\/v2\/posts\/443\/revisions"}],"predecessor-version":[{"id":445,"href":"https:\/\/www.revolutionaere-front.de\/wordpress\/index.php?rest_route=\/wp\/v2\/posts\/443\/revisions\/445"}],"wp:featuredmedia":[{"embeddable":true,"href":"https:\/\/www.revolutionaere-front.de\/wordpress\/index.php?rest_route=\/wp\/v2\/media\/27"}],"wp:attachment":[{"href":"https:\/\/www.revolutionaere-front.de\/wordpress\/index.php?rest_route=%2Fwp%2Fv2%2Fmedia&parent=443"}],"wp:term":[{"taxonomy":"category","embeddable":true,"href":"https:\/\/www.revolutionaere-front.de\/wordpress\/index.php?rest_route=%2Fwp%2Fv2%2Fcategories&post=443"},{"taxonomy":"post_tag","embeddable":true,"href":"https:\/\/www.revolutionaere-front.de\/wordpress\/index.php?rest_route=%2Fwp%2Fv2%2Ftags&post=443"}],"curies":[{"name":"wp","href":"https:\/\/api.w.org\/{rel}","templated":true}]}}