{"id":468,"date":"2016-04-10T10:39:34","date_gmt":"2016-04-10T08:39:34","guid":{"rendered":"http:\/\/notstand-der-republik.de\/wordpress\/?p=468"},"modified":"2016-04-16T20:19:54","modified_gmt":"2016-04-16T18:19:54","slug":"761-abmahnungen-bei-mercedes-bremen-gericht-scheut-entscheidung-zum-streikrecht-wie-der-teufel-das-weihwasser","status":"publish","type":"post","link":"https:\/\/www.revolutionaere-front.de\/wordpress\/?p=468","title":{"rendered":"761 Abmahnungen bei Mercedes Bremen Gericht scheut Entscheidung zum Streikrecht wie der Teufel das Weihwasser!"},"content":{"rendered":"<p class=\"normal\">Am Dienstag, 16. Februar, fand die erste Verhandlung \u00fcber die Klage von 30 Kollegen gegen die Abmahnung von Mercedes und gegen die restriktive Auslegung des Streikrechts statt. \u00dcber 80 Kolleginnen und Kollegen, darunter Betriebsr\u00e4te und Vertrauensleute aus den Daimler-Werken in Kassel, Hamburg und W\u00f6rth, sowie aus anderen Betrieben waren gekommen, um den Mercedes-Arbeitern ihre Solidarit\u00e4t auszudr\u00fccken. Auf der Kundgebung wurden zahlreiche Gru\u00dfadressen aus dem In- und Ausland verlesen. Fast zeitgleich fanden Solidarit\u00e4tsaktionen vor Betrieben, wie BMW Regensburg, BMW M\u00fcnchen statt. Insgesamt wurden mehrere Hundert Euro an Spenden f\u00fcr den Kampffonds der Bremer Kl\u00e4ger gesammelt. Die Verhandlung endete so, wie sie begonnen hatte: Die gleich zu Verhandlungsanfang ge\u00e4u\u00dferte Weigerung des Gerichts, \u00fcber die Frage des Streikrechts \u00fcberhaupt zu verhandeln, war quasi schon das vorweg genommene Urteil: Die 761 Abmahnungen waren rechtens, alles andere, auch die ausgezeichnete Argumentation der 4 Anw\u00e4lte der Kl\u00e4ger (Gabriele Heinecke, Benedikt Hopmann, Reinhold Niemerg, Helmut Platow) konnten nicht \u00fcberzeugen, weil das Gericht es nicht wagte, \u00fcber den begrenzten Horizont der Rechtsprechung der 60iger Jahre hinaus zu denken. Die anwesenden Kollegen quittierten das mit Zwischenrufen und betonten auf der anschlie\u00dfenden \u00f6ffentlichen Pressekonferenz ihre Entschlossenheit, nicht nur in die n\u00e4chste Instanz, bis hin zum Europ\u00e4ischen Gerichtshof, zu gehen, sondern auch den Kampf um das Streikrecht in der \u00d6ffentlichkeit weiter zu f\u00fchren. Unser Dank gilt allen Unterst\u00fctzern im In- und Ausland und nat\u00fcrlich unseren Anw\u00e4lten. Das gibt uns Kraft.<\/p>\n<p class=\"normal\">Gerhard Kupfer, f\u00fcr die Sprecher der Kl\u00e4ger<\/p>\n<p class=\"normal\">Kontakt und weitere Information: Julia Nanninga (Betriebsr\u00e4tin Mercedes), juliananninga@gmx.de, 0176 4737 49 40 Gerwin Goldstein (Betriebsrat bei Mercedes), gerwingoldstein@freenet.de, 0151 24 12 38 29<\/p>\n<p class=\"normal\">Der Arbeits- und Koordinationsausschuss der Vierten Arbeiter- und Gewerkschafter-Konferenz gegen den Notstand der Republik hat eine <a href=\"http:\/\/www.notstand-der-republik.de\/download\/Soli-Daimler-Bremen\/ErklaerungProzess.pdf\">Erkl\u00e4rung<\/a> zum Prozess abgegeben. Hier auch die obige <a href=\"http:\/\/www.notstand-der-republik.de\/download\/Soli-Daimler-Bremen\/Mitteilung16.2.pdf\">Mitteilung<\/a> der Kl\u00e4ger zum ersten Prozess am 16. Februar und zur Sendung von <a href=\"http:\/\/www.radiobremen.de\/fernsehen\/buten_un_binnen\/video84638-popup.html\" target=\"_blank\">Radio Bremen<\/a>.<\/p>\n<hr \/>\n","protected":false},"excerpt":{"rendered":"<p>Am Dienstag, 16. Februar, fand die erste Verhandlung \u00fcber die Klage von 30 Kollegen gegen die Abmahnung von Mercedes und gegen die restriktive Auslegung des Streikrechts statt. \u00dcber 80 Kolleginnen und Kollegen, darunter Betriebsr\u00e4te und Vertrauensleute aus den Daimler-Werken in Kassel, Hamburg und W\u00f6rth, sowie aus anderen Betrieben waren gekommen, um den Mercedes-Arbeitern ihre Solidarit\u00e4t [&hellip;]<\/p>\n","protected":false},"author":2,"featured_media":470,"comment_status":"closed","ping_status":"closed","sticky":false,"template":"","format":"standard","meta":{"footnotes":""},"categories":[15],"tags":[],"class_list":["post-468","post","type-post","status-publish","format-standard","has-post-thumbnail","hentry","category-aktionen"],"_links":{"self":[{"href":"https:\/\/www.revolutionaere-front.de\/wordpress\/index.php?rest_route=\/wp\/v2\/posts\/468","targetHints":{"allow":["GET"]}}],"collection":[{"href":"https:\/\/www.revolutionaere-front.de\/wordpress\/index.php?rest_route=\/wp\/v2\/posts"}],"about":[{"href":"https:\/\/www.revolutionaere-front.de\/wordpress\/index.php?rest_route=\/wp\/v2\/types\/post"}],"author":[{"embeddable":true,"href":"https:\/\/www.revolutionaere-front.de\/wordpress\/index.php?rest_route=\/wp\/v2\/users\/2"}],"replies":[{"embeddable":true,"href":"https:\/\/www.revolutionaere-front.de\/wordpress\/index.php?rest_route=%2Fwp%2Fv2%2Fcomments&post=468"}],"version-history":[{"count":1,"href":"https:\/\/www.revolutionaere-front.de\/wordpress\/index.php?rest_route=\/wp\/v2\/posts\/468\/revisions"}],"predecessor-version":[{"id":469,"href":"https:\/\/www.revolutionaere-front.de\/wordpress\/index.php?rest_route=\/wp\/v2\/posts\/468\/revisions\/469"}],"wp:featuredmedia":[{"embeddable":true,"href":"https:\/\/www.revolutionaere-front.de\/wordpress\/index.php?rest_route=\/wp\/v2\/media\/470"}],"wp:attachment":[{"href":"https:\/\/www.revolutionaere-front.de\/wordpress\/index.php?rest_route=%2Fwp%2Fv2%2Fmedia&parent=468"}],"wp:term":[{"taxonomy":"category","embeddable":true,"href":"https:\/\/www.revolutionaere-front.de\/wordpress\/index.php?rest_route=%2Fwp%2Fv2%2Fcategories&post=468"},{"taxonomy":"post_tag","embeddable":true,"href":"https:\/\/www.revolutionaere-front.de\/wordpress\/index.php?rest_route=%2Fwp%2Fv2%2Ftags&post=468"}],"curies":[{"name":"wp","href":"https:\/\/api.w.org\/{rel}","templated":true}]}}