{"id":47,"date":"2016-02-12T14:21:53","date_gmt":"2016-02-12T13:21:53","guid":{"rendered":"http:\/\/notstand-der-republik.de\/wordpress\/?p=47"},"modified":"2017-08-17T21:40:38","modified_gmt":"2017-08-17T19:40:38","slug":"erklaerung","status":"publish","type":"post","link":"https:\/\/www.revolutionaere-front.de\/wordpress\/?p=47","title":{"rendered":"Erkl\u00e4rung Klassenkampf statt Weltkrieg 2017"},"content":{"rendered":"<p>Der \u201eZug der Befreiung\u201c fuhr zum 70. Jahrestag der Befreiung von der deutschen faschistischen Barbarei vom 8. Mai bis 22. Mai 2015 von Berlin nach Warschau. Dabei haben wir gesehen dass das polnische Volk ein Verb\u00fcndeter sein kann im Kampf gegen den Krieg, wie alle V\u00f6lker Europas, wenn sie ihrer eigenen Geschichte, der Geschichte der europ\u00e4ischen Arbeiterklasse treu bleiben.<\/p>\n<p>Die Lehre ist: Willst du den Frieden, musst du die Kriegstreiber besiegen. Sollen die Kriegstreiber besiegt werden, m\u00fcssen die Arbeiter f\u00fcr das Volk die Herrschaft \u00fcber Wirtschaft und Gesellschaft \u00fcbernehmen. Das Elend in unseren L\u00e4ndern und der Krieg, sie haben eine gemeinsame Wurzel: Das Ende einer Gesellschaft, die auf der Ausbeutung durch die wenigen beruht und deren Herren ihr Ende nur noch durch den Krieg hinausschieben k\u00f6nnen. Der Kampf gegen den Krieg braucht den Kampf um die Arbeitermacht!<\/p>\n<p>Die Teilnehmer der Zusammenkunft vom 12.\/13. September 2015 in M\u00fcnchen haben beschlossen, den Jahrestag der sozialistischen Oktoberrevolution zu nutzen, um die Einheit gegen den Krieg \u00fcber die L\u00e4ndergrenzen hinweg weiter zu schmieden und \u201eKlassenkampf statt Weltkrieg\u201c im Jahre 2017 mit der Fahrt nach Leningrad fortzuf\u00fchren. Wir geben euch die <a href=\"http:\/\/www.notstand-der-republik.de\/download\/kswe\/flugschriften\/Erkla%CC%88rung_KsW_2012-2015_deutsch.pdf\">Erkl\u00e4rung<\/a> dieser Zusammenkunft und deren Unterzeichner zur Kenntnis mit der Aufforderung diese Erkl\u00e4rung durch eigene Stellungnahmen, durch ihre Verbreitung zu unterst\u00fctzen wie dar\u00fcber hinaus die Aktionseinheit \u201eKlassenkampf statt Weltkrieg\u201c zu unterst\u00fctzen, durch die Teilnahme an der Aktion 2017, die Teilnahme an der Fahrt nach Leningrad, der Leistung eines finanziellen Beitrags und durch alles was geeignet ist, den Kampf gegen den Krieg \u00fcber die L\u00e4ndergrenzen hinweg voran zu treiben.<\/p>\n<p>Der Arbeits- und Koordinationsausschuss der Vierten Arbeiter- und Gewerkschafter-Konferenz gegen den Notstand der Republik war Beteiligter bei der Zusammenkunft in M\u00fcnchen und hat beschlossen auch 2017 die Antikriegsaktion \u201eKlassenkampf statt Weltkrieg\u201c aktiv zu unterst\u00fctzen und alles zu tun um zum Gelingen beizutragen.<\/p>\n<p>Spendenkonto: Rainer Herth &#8211; IBAN: DE33500105175404180292 &#8211; Stichwort: Gegen den Notstand der Republik<\/p>\n","protected":false},"excerpt":{"rendered":"<p>Der \u201eZug der Befreiung\u201c fuhr zum 70. Jahrestag der Befreiung von der deutschen faschistischen Barbarei vom 8. Mai bis 22. Mai 2015 von Berlin nach Warschau. Dabei haben wir gesehen dass das polnische Volk ein Verb\u00fcndeter sein kann im Kampf gegen den Krieg, wie alle V\u00f6lker Europas, wenn sie ihrer eigenen Geschichte, der Geschichte der [&hellip;]<\/p>\n","protected":false},"author":2,"featured_media":50,"comment_status":"closed","ping_status":"closed","sticky":false,"template":"","format":"standard","meta":{"footnotes":""},"categories":[14,16],"tags":[],"class_list":["post-47","post","type-post","status-publish","format-standard","has-post-thumbnail","hentry","category-klassenkampf-statt-weltkrieg","category-erklaerungen"],"_links":{"self":[{"href":"https:\/\/www.revolutionaere-front.de\/wordpress\/index.php?rest_route=\/wp\/v2\/posts\/47","targetHints":{"allow":["GET"]}}],"collection":[{"href":"https:\/\/www.revolutionaere-front.de\/wordpress\/index.php?rest_route=\/wp\/v2\/posts"}],"about":[{"href":"https:\/\/www.revolutionaere-front.de\/wordpress\/index.php?rest_route=\/wp\/v2\/types\/post"}],"author":[{"embeddable":true,"href":"https:\/\/www.revolutionaere-front.de\/wordpress\/index.php?rest_route=\/wp\/v2\/users\/2"}],"replies":[{"embeddable":true,"href":"https:\/\/www.revolutionaere-front.de\/wordpress\/index.php?rest_route=%2Fwp%2Fv2%2Fcomments&post=47"}],"version-history":[{"count":4,"href":"https:\/\/www.revolutionaere-front.de\/wordpress\/index.php?rest_route=\/wp\/v2\/posts\/47\/revisions"}],"predecessor-version":[{"id":652,"href":"https:\/\/www.revolutionaere-front.de\/wordpress\/index.php?rest_route=\/wp\/v2\/posts\/47\/revisions\/652"}],"wp:featuredmedia":[{"embeddable":true,"href":"https:\/\/www.revolutionaere-front.de\/wordpress\/index.php?rest_route=\/wp\/v2\/media\/50"}],"wp:attachment":[{"href":"https:\/\/www.revolutionaere-front.de\/wordpress\/index.php?rest_route=%2Fwp%2Fv2%2Fmedia&parent=47"}],"wp:term":[{"taxonomy":"category","embeddable":true,"href":"https:\/\/www.revolutionaere-front.de\/wordpress\/index.php?rest_route=%2Fwp%2Fv2%2Fcategories&post=47"},{"taxonomy":"post_tag","embeddable":true,"href":"https:\/\/www.revolutionaere-front.de\/wordpress\/index.php?rest_route=%2Fwp%2Fv2%2Ftags&post=47"}],"curies":[{"name":"wp","href":"https:\/\/api.w.org\/{rel}","templated":true}]}}