{"id":574,"date":"2011-10-10T14:22:02","date_gmt":"2011-10-10T12:22:02","guid":{"rendered":"http:\/\/notstand-der-republik.de\/wordpress\/?p=574"},"modified":"2016-06-18T19:28:35","modified_gmt":"2016-06-18T17:28:35","slug":"nicht-arzt-am-krankenbett-des-kapitalismus-sondern-klassenkampf","status":"publish","type":"post","link":"https:\/\/www.revolutionaere-front.de\/wordpress\/?p=574","title":{"rendered":"Nicht &#8222;Arzt am Krankenbett des Kapitalismus&#8220; sondern Klassenkampf!"},"content":{"rendered":"<div id=\"content\">\n<p class=\"bold\">Zum 22. Gewerkschaftstag der IG Metall vom 9. bis 15. Oktober 2011<\/p>\n<p class=\"normal\">Wurden die Gewerkschaften vor mehr als 150 Jahren gegr\u00fcndet als Reparaturbetrieb f\u00fcr die Schlechtigkeiten und Unzul\u00e4nglichkeiten des Kapitalismus? Als \u201cArzt am Krankenbett des Kapitalismus\u201d (Fritz Tarnow, in der Weimarer Republik ADGB-, sp\u00e4ter DGB-F\u00fchrer) &#8211; immer mit dem Notfallk\u00f6fferchen zur Stelle, wenn es gilt Kapital und Vaterland zu retten, mit moderaten Tarifabschl\u00fcssen, Niedrigl\u00f6hnen und Leiharbeit, als Rettungsschirmhalter und Zinseintreiber f\u00fcr die Deutsche Bank in Griechenland oder anderswo; als Handelsvertreter f\u00fcr deutsche Waffen und U-Boote, als Botschafter der deutschen Mitbestimmung und Sozialpartnerschaft in der ganzen Welt?<\/p>\n<p class=\"normal\">Was sagt das \u201cProjekt 2009&#8243; dazu? Was sagen die Entschlie\u00dfungen und Antr\u00e4ge dazu? Wir sollen eine \u201cErschlie\u00dfungs-\u201c und \u201cMitmachgewerkschaft\u201d werden, nachdem sogar auch der Vorstand entdeckt hat, dass das Kinderm\u00e4rchen von der Sozialpartnerschaft l\u00e4ngst von der Realit\u00e4t widerlegt worden ist (aber immer noch von ihm tr\u00e4umt), dass ihm die Mitglieder weglaufen (tiefster Stand seit 1970), dass Tarifvertr\u00e4ge erodieren (sanktioniert durch Erg\u00e4nzungstarifvertr\u00e4ge und Pforzheimer Abkommen). Statt einer klassenbewu\u00dften Kampforganisation, mit starken Vertrauensk\u00f6rpern als Fundament, wird die L\u00f6sung in der weiteren \u201eVerbetrieblichung\u201c gesehen, also der \u00dcbergabe gewerkschaftlicher Macht an einzelne erpressbare Betriebsr\u00e4te, die dann &#8211; ohne Streikrecht &#8211; gewerkschaftliche Interessen einzelbetrieblich verhackst\u00fccken sollen. Nach Manier eines Staubsaugervertreters sollen nun Mitglieder gesammelt werden (daf\u00fcr gibt`s auch 16 bis 20 Mio. f\u00fcr die Verwaltungsstellen), die IG Metall soll zu einem gro\u00dfen Dienstleistungsunternehmen aufgepeppt werden. Die Worte Solidarit\u00e4t, \u00f6konomischer Kampf, politischer Kampf, Klassenkampf &#8211; bleiben Fremdworte. Die Weltwirtschaftkrise erscheint als reparabler Ausrutscher des Systems, die Zerschlagung der Sozialleistungen (Rente, Gesundheit, Arbeitslosenversicherung) muss man nur \u201cgerechter\u201d verteilen, die Spaltung und Entrechtung durch Leiharbeit und Niedrigl\u00f6hne \u201cfair gestalten\u201d. Abbau demokratischer Rechte und Staatsumbau (z.B. Aufbau einer verbotenen Geheimpolizei, Bundespolizei), Militarisierung (Aufbau eines verbotenen Generalstabs, Umbau zum Berufsheer) und Kriege gibt es offensichtlich praktisch gar nicht. Ein bisschen mehr Mitbestimmung und die Welt des Kapitalismus ist wieder in Ordnung. Und schon haben wir das \u201cGute Leben\u201d ?<\/p>\n<p class=\"normal\">Einen Dreck haben wir. In dieser Welt toben wieder Kriege, die gr\u00f6\u00dfere Kriege nach sich ziehen werden. Und die Bundeswehr ist wieder mitten drin. Die V\u00f6lker Europas \u00e4chzen unter den Lasten der Weltwirtschaftskrise, der deutschen Niedrigl\u00f6hne und Exporte, der Zinsen an die Deutsche Bank. Und sie stehen auf, protestieren, revoltieren und streiken gegen ihr Elend, w\u00e4hrend hierzulande der \u201cArzt am Krankenbett des Kapitalismus\u201d den Todgeweihten h\u00e4tschelt und p\u00e4ppelt. Und so den Streikbruch organisiert. Statt uns zum Zinseintreiber f\u00fcr die Deutsche Bank &amp; Co. machen zu lassen, sollten wir uns, bevor wieder einmal es zu sp\u00e4t ist, mit den Arbeitern Griechenlands, Spaniens, Portugals, Irlands &#8230; verbr\u00fcdern. Gegen die Deutsche Bank &amp; Co.<\/p>\n<p class=\"normal\">Nein, die Gewerkschaften wurden einst ins Leben gerufen, um uns eben nicht als Individuen, als Einzelbelegschaften, durch Nationalismus beschr\u00e4nkt, mit Haut und Haar der Macht des Kapitals auszuliefern. Aus gutem Grund verpflichtet die Satzung der IG Metall zu einer klaren Haltung zur V\u00f6lkerverst\u00e4ndigung und gegen Krieg. Wenn sie beispielsweise einen \u201cAK Wehrtechnik\u201d ungehindert in ihrem Namen den Umbau der Bundeswehr, die deutsche \u201eTechnologief\u00fchrerschaft\u201d in der R\u00fcstungstechnik, weltweite Eins\u00e4tze gegen \u201cdie zunehmende Bedrohung des freien Warenverkehrs\u201d (aus: \u201cPerspektiven der deutschen milit\u00e4rischen Schiffbaukapazit\u00e4ten im europ\u00e4ischen Kontext\u201d, herausgegeben vom Vorstand der IG Metall!) propagieren l\u00e4sst, dann hat sie das Recht verwirkt, im Namen der Arbeiter zu sprechen.<\/p>\n<p class=\"normal\">Die Gewerkschaften wurden gegr\u00fcndet als Kampforganisation der Arbeiterklasse gegen die Klasse der Kapitalisten. Eine Gewerkschaft, die diesen ihren Zweck verfehlt, liquidiert sich selbst.<\/p>\n<p class=\"bold\">&#8222;Was wir dringend brauchen ist eine starke und klassenk\u00e4mpferische IG Metall, starke Vertrauensk\u00f6rper, eine klassenbewusste Bildungsarbeit und die Perspektive einer anderen Gesellschaftsordnung ohne Ausbeutung und Unterdr\u00fcckung, ohne Faschismus und Krieg. Wir brauchen eine Welt der Arbeiter!\u201d (Aus einem Antrag an die Delegiertenversammlung in Bremen gegen das \u201cProjekt 2009&#8220;).<\/p>\n<h3 class=\"erklaerung\">Die Republik braucht den Streik von der IG Metall<\/h3>\n<h4>Herausgeber:<\/h4>\n<p class=\"normal\">Arbeits- und Koordinationsausschuss der Ersten Arbeiter- und Gewerkschafter-Konferenz gegen den Notstand der Republik &#8211; Arbeitsgruppe gegen den Notstand der Republik in der IG Metall Frankfurt und ver.di Frankfurt &#8211; Arbeitskreis Staatsumbau in der IG Metall Hamburg &#8211; Sekretariat fu\u0308r Betrieb und Gewerkschaft des Arbeiterbund fu\u0308r den Wiederaufbau der KPD &#8211; IG Metall Kollegen Mercedes Benz Werk Wo\u0308rth &#8211; IG Metall Vertrauensko\u0308rperleiter manroland Offenbach &#8211; IG Metall Vertrauensko\u0308rperleitung Jungheinrich Norderstedt &#8211; IG Metall Mitglieder und Kollegen BMW Regensburg &#8211; 35 IG Metall Vertrauensleute und Betriebsra\u0308te von Mercedes Werk Bremen<\/p>\n<h2>Download<\/h2>\n<p class=\"normal\">Download der Flugschrift als PDF: <a href=\"http:\/\/www.notstand-der-republik.de\/download\/fsgetagigm.pdf\">Bitte hier klicken!<\/a><\/p>\n<\/div>\n","protected":false},"excerpt":{"rendered":"<p>Zum 22. Gewerkschaftstag der IG Metall vom 9. bis 15. Oktober 2011 Wurden die Gewerkschaften vor mehr als 150 Jahren gegr\u00fcndet als Reparaturbetrieb f\u00fcr die Schlechtigkeiten und Unzul\u00e4nglichkeiten des Kapitalismus? Als \u201cArzt am Krankenbett des Kapitalismus\u201d (Fritz Tarnow, in der Weimarer Republik ADGB-, sp\u00e4ter DGB-F\u00fchrer) &#8211; immer mit dem Notfallk\u00f6fferchen zur Stelle, wenn es gilt [&hellip;]<\/p>\n","protected":false},"author":2,"featured_media":0,"comment_status":"closed","ping_status":"closed","sticky":false,"template":"","format":"standard","meta":{"footnotes":""},"categories":[17],"tags":[],"class_list":["post-574","post","type-post","status-publish","format-standard","hentry","category-material"],"_links":{"self":[{"href":"https:\/\/www.revolutionaere-front.de\/wordpress\/index.php?rest_route=\/wp\/v2\/posts\/574","targetHints":{"allow":["GET"]}}],"collection":[{"href":"https:\/\/www.revolutionaere-front.de\/wordpress\/index.php?rest_route=\/wp\/v2\/posts"}],"about":[{"href":"https:\/\/www.revolutionaere-front.de\/wordpress\/index.php?rest_route=\/wp\/v2\/types\/post"}],"author":[{"embeddable":true,"href":"https:\/\/www.revolutionaere-front.de\/wordpress\/index.php?rest_route=\/wp\/v2\/users\/2"}],"replies":[{"embeddable":true,"href":"https:\/\/www.revolutionaere-front.de\/wordpress\/index.php?rest_route=%2Fwp%2Fv2%2Fcomments&post=574"}],"version-history":[{"count":1,"href":"https:\/\/www.revolutionaere-front.de\/wordpress\/index.php?rest_route=\/wp\/v2\/posts\/574\/revisions"}],"predecessor-version":[{"id":575,"href":"https:\/\/www.revolutionaere-front.de\/wordpress\/index.php?rest_route=\/wp\/v2\/posts\/574\/revisions\/575"}],"wp:attachment":[{"href":"https:\/\/www.revolutionaere-front.de\/wordpress\/index.php?rest_route=%2Fwp%2Fv2%2Fmedia&parent=574"}],"wp:term":[{"taxonomy":"category","embeddable":true,"href":"https:\/\/www.revolutionaere-front.de\/wordpress\/index.php?rest_route=%2Fwp%2Fv2%2Fcategories&post=574"},{"taxonomy":"post_tag","embeddable":true,"href":"https:\/\/www.revolutionaere-front.de\/wordpress\/index.php?rest_route=%2Fwp%2Fv2%2Ftags&post=574"}],"curies":[{"name":"wp","href":"https:\/\/api.w.org\/{rel}","templated":true}]}}