{"id":580,"date":"2008-04-10T14:27:21","date_gmt":"2008-04-10T12:27:21","guid":{"rendered":"http:\/\/notstand-der-republik.de\/wordpress\/?p=580"},"modified":"2016-04-16T20:01:21","modified_gmt":"2016-04-16T18:01:21","slug":"flugschrift-gegen-den-einsatz-der-bundeswehr-im-innern","status":"publish","type":"post","link":"https:\/\/www.revolutionaere-front.de\/wordpress\/?p=580","title":{"rendered":"Flugschrift gegen den Einsatz der Bundeswehr im Innern"},"content":{"rendered":"<p><img loading=\"lazy\" decoding=\"async\" class=\"left\" src=\"http:\/\/www.notstand-der-republik.de\/media\/images\/fsfbwin.png\" alt=\"Bild der Flugschrift gegen den Einsatz der Bundeswehr im Innern\" width=\"190\" height=\"250\" \/><\/p>\n<p>Die <b>Arbeitsgruppe gegen den Notstand der Republik in der IG Metall Frankfurt und verdi Frankfurt<\/b> hat eine Flugschrift mit dem Titel <b>&#8222;Nein zum Einsatz des Milit\u00e4rs gegen die Arbeiterbewegung und die Bev\u00f6lkerung&#8220;<\/b> erstellt. Diese stellen wir <a href=\"http:\/\/www.notstand-der-republik.de\/download\/fsfbwin.pdf\">hier als Download<\/a> zur Verf\u00fcgung.<\/p>\n<p>&nbsp;<\/p>\n","protected":false},"excerpt":{"rendered":"<p>Die Arbeitsgruppe gegen den Notstand der Republik in der IG Metall Frankfurt und verdi Frankfurt hat eine Flugschrift mit dem Titel &#8222;Nein zum Einsatz des Milit\u00e4rs gegen die Arbeiterbewegung und die Bev\u00f6lkerung&#8220; erstellt. Diese stellen wir hier als Download zur Verf\u00fcgung. &nbsp;<\/p>\n","protected":false},"author":2,"featured_media":0,"comment_status":"closed","ping_status":"closed","sticky":false,"template":"","format":"standard","meta":{"footnotes":""},"categories":[17],"tags":[],"class_list":["post-580","post","type-post","status-publish","format-standard","hentry","category-material"],"_links":{"self":[{"href":"https:\/\/www.revolutionaere-front.de\/wordpress\/index.php?rest_route=\/wp\/v2\/posts\/580","targetHints":{"allow":["GET"]}}],"collection":[{"href":"https:\/\/www.revolutionaere-front.de\/wordpress\/index.php?rest_route=\/wp\/v2\/posts"}],"about":[{"href":"https:\/\/www.revolutionaere-front.de\/wordpress\/index.php?rest_route=\/wp\/v2\/types\/post"}],"author":[{"embeddable":true,"href":"https:\/\/www.revolutionaere-front.de\/wordpress\/index.php?rest_route=\/wp\/v2\/users\/2"}],"replies":[{"embeddable":true,"href":"https:\/\/www.revolutionaere-front.de\/wordpress\/index.php?rest_route=%2Fwp%2Fv2%2Fcomments&post=580"}],"version-history":[{"count":1,"href":"https:\/\/www.revolutionaere-front.de\/wordpress\/index.php?rest_route=\/wp\/v2\/posts\/580\/revisions"}],"predecessor-version":[{"id":581,"href":"https:\/\/www.revolutionaere-front.de\/wordpress\/index.php?rest_route=\/wp\/v2\/posts\/580\/revisions\/581"}],"wp:attachment":[{"href":"https:\/\/www.revolutionaere-front.de\/wordpress\/index.php?rest_route=%2Fwp%2Fv2%2Fmedia&parent=580"}],"wp:term":[{"taxonomy":"category","embeddable":true,"href":"https:\/\/www.revolutionaere-front.de\/wordpress\/index.php?rest_route=%2Fwp%2Fv2%2Fcategories&post=580"},{"taxonomy":"post_tag","embeddable":true,"href":"https:\/\/www.revolutionaere-front.de\/wordpress\/index.php?rest_route=%2Fwp%2Fv2%2Ftags&post=580"}],"curies":[{"name":"wp","href":"https:\/\/api.w.org\/{rel}","templated":true}]}}